{"id":1785,"date":"2025-08-22T08:20:57","date_gmt":"2025-08-22T06:20:57","guid":{"rendered":"https:\/\/www.vkd.com\/lv-bayern\/?p=1785"},"modified":"2025-08-22T08:21:16","modified_gmt":"2025-08-22T06:21:16","slug":"laurentiusfeier-des-club-der-koeche-donau-ries-e-v-bhg-donau-ries","status":"publish","type":"post","link":"https:\/\/www.vkd.com\/lv-bayern\/news\/laurentiusfeier-des-club-der-koeche-donau-ries-e-v-bhg-donau-ries\/","title":{"rendered":"Laurentiusfeier des Club der K\u00f6che Donau-Ries e.V.\u00a0 + BHG Donau-Ries"},"content":{"rendered":"<p><strong>Laurentiusfeier des Club der K\u00f6che Donau-Ries e.V.\u00a0 + BHG Donau-Ries<\/strong><\/p>\n<p>Gemeinschaft, Glaube und gelebte Tradition<\/p>\n<p>Wemding, Montag, den 18. August 2025 \u2013 Der Club der K\u00f6che Donau-Ries e.V. feierte am vergangenen Montag gemeinsam mit dem BHG Donau-Ries seine traditionelle Laurentiusfeier zu Ehren des Schutzpatrons der K\u00f6che. Seit 2011 wird diese Veranstaltung regelm\u00e4\u00dfig durchgef\u00fchrt und hat sich seither als fester Bestandteil im Vereins- und Verbandsleben etabliert. Zahlreiche G\u00e4ste aus ganz Bayern und dar\u00fcber hinaus folgten der Einladung und machten die Feier erneut zu einem besonderen H\u00f6hepunkt des Jahres.<\/p>\n<p><strong>Unter den G\u00e4sten befanden sich Delegationen der K\u00f6chevereine aus Augsburg, Amberg, Coburg, Oberallg\u00e4u, M\u00fcnchen, Landshut, N\u00fcrnberg und Bamberg. Auch Mitglieder des Landesvorstandes Bayern sowie die Spezialit\u00e4tenwirte Wittelsbacher Land waren vertreten. Mit einem feierlichen Einzug in die Kirche \u2013 begleitet vom Trommelzug und den Fahnenabordnungen \u2013 begann die Festlichkeit in w\u00fcrdigem Rahmen.<\/strong><\/p>\n<p>Musikalisch wurde der Gottesdienst stimmungsvoll vom Duo <em>Harmony in Melodie<\/em> umrahmt. Pfarrer Gebert gestaltete eine begeisternde Messe, in deren Predigt er die aktuell schwierige Situation der Gastronomie eindringlich thematisierte. Mit motivierenden Worten ermutigte er die Anwesenden, im Glauben Kraft zu finden, R\u00fcckschl\u00e4ge zu \u00fcberwinden und nie den Mut zu verlieren \u2013 auch wenn der erste oder zweite Versuch nicht von Erfolg gekr\u00f6nt sei.<\/p>\n<p>Nach dem festlichen Gottesdienst zogen die Teilnehmer in den Br\u00e4uhaussaal des Akzenthotel-Restaurant-Kino <em>Meerfr\u00e4ulein<\/em>. Dort erwartete sie ein gemeinsames Abendessen in geselliger Atmosph\u00e4re. Die Veranstaltung wurde vom Vorstand des Clubs der K\u00f6che Donau-Ries \u2013 Sepp und Josef Meyer, Uli Gro\u00dfmann, Sebastian Dunzinger, David Huse, Getrud Perlich sowie Ruth Klinger \u2013 mit viel Liebe zum Detail organisiert, zubereitet und vom Team des Hotels professionell serviert.<\/p>\n<p><strong>Ein besonderer H\u00f6hepunkt des Abends war die Ehrung von Hermann Hollberg, der f\u00fcr seine 50-j\u00e4hrige Mitgliedschaft im Verband der K\u00f6che Deutschlands e.V. ausgezeichnet wurde. Mit gro\u00dfem Applaus w\u00fcrdigten die G\u00e4ste seine jahrzehntelange Treue und Verdienste um die Kochkunst.<\/strong><\/p>\n<p>Die Laurentiusfeier 2025 zeigte einmal mehr, wie sehr Tradition, Gemeinschaft und berufliche Leidenschaft die K\u00f6chevereine \u00fcberregional verbinden. Der Club der K\u00f6che Donau-Ries e.V. und der BHG Donau-Ries danken allen Beteiligten und freuen sich auf ein Wiedersehen bei k\u00fcnftigen Veranstaltungen. Alle interessierte sind herzlich eingeladen, Mitglied im Club der K\u00f6che Donau-Ries e.V. zu werden, Info\u00b4s unter <a href=\"http:\/\/www.kochclub-donau-ries.com\" target=\"_blank\" rel=\"noopener\"><strong>www.kochclub-donau-ries.com<\/strong><\/a><\/p>\n\n<div id=\"gallery-1787\" class=\"vkdgal-gallery-wrap gallery-grid \">\n    <div class=\"col-md-12\">\n        <div class=\"row\">\n            <div class=\"gal\" data-featherlight-gallery style=\"display: grid; grid-template-columns: repeat(3, 1fr); grid-column-gap: 10px;\">\n                                    <div class=\"item\">\n                        <a href=\"https:\/\/www.vkd.com\/lv-bayern\/wp-content\/uploads\/sites\/14\/2025\/08\/Messe-Laurentius-Donau-Ries-2025-768x1024.jpg\" title=\"Messe Laurentius Donau Ries 2025\">\n                            <img class=\"img-full\" src=\"https:\/\/www.vkd.com\/lv-bayern\/wp-content\/uploads\/sites\/14\/2025\/08\/Messe-Laurentius-Donau-Ries-2025-768x1024.jpg\" title=\"Galerie bei Bild 1 \u00f6ffnen\" alt=\"Messe Laurentius Donau Ries 2025\"\/>\n                        <\/a>\n                    <\/div>\n                                    <div class=\"item\">\n                        <a href=\"https:\/\/www.vkd.com\/lv-bayern\/wp-content\/uploads\/sites\/14\/2025\/08\/IMG_0874-768x1024.jpg\" title=\"Img 0874\">\n                            <img class=\"img-full\" src=\"https:\/\/www.vkd.com\/lv-bayern\/wp-content\/uploads\/sites\/14\/2025\/08\/IMG_0874-768x1024.jpg\" title=\"Galerie bei Bild 2 \u00f6ffnen\" alt=\"Img 0874\"\/>\n                        <\/a>\n                    <\/div>\n                                    <div class=\"item\">\n                        <a href=\"https:\/\/www.vkd.com\/lv-bayern\/wp-content\/uploads\/sites\/14\/2025\/08\/IMG_0867-768x1024.jpg\" title=\"Img 0867\">\n                            <img class=\"img-full\" src=\"https:\/\/www.vkd.com\/lv-bayern\/wp-content\/uploads\/sites\/14\/2025\/08\/IMG_0867-768x1024.jpg\" title=\"Galerie bei Bild 3 \u00f6ffnen\" alt=\"Img 0867\"\/>\n                        <\/a>\n                    <\/div>\n                                    <div class=\"item\">\n                        <a href=\"https:\/\/www.vkd.com\/lv-bayern\/wp-content\/uploads\/sites\/14\/2025\/08\/IMG_0826-768x1024.jpg\" title=\"Img 0826\">\n                            <img class=\"img-full\" src=\"https:\/\/www.vkd.com\/lv-bayern\/wp-content\/uploads\/sites\/14\/2025\/08\/IMG_0826-768x1024.jpg\" title=\"Galerie bei Bild 4 \u00f6ffnen\" alt=\"Img 0826\"\/>\n                        <\/a>\n                    <\/div>\n                                    <div class=\"item\">\n                        <a href=\"https:\/\/www.vkd.com\/lv-bayern\/wp-content\/uploads\/sites\/14\/2025\/08\/IMG_0824-768x1024.jpg\" title=\"Img 0824\">\n                            <img class=\"img-full\" src=\"https:\/\/www.vkd.com\/lv-bayern\/wp-content\/uploads\/sites\/14\/2025\/08\/IMG_0824-768x1024.jpg\" title=\"Galerie bei Bild 5 \u00f6ffnen\" alt=\"Img 0824\"\/>\n                        <\/a>\n                    <\/div>\n                                    <div class=\"item\">\n                        <a href=\"https:\/\/www.vkd.com\/lv-bayern\/wp-content\/uploads\/sites\/14\/2025\/08\/IMG_0822-768x1024.jpg\" title=\"Img 0822\">\n                            <img class=\"img-full\" src=\"https:\/\/www.vkd.com\/lv-bayern\/wp-content\/uploads\/sites\/14\/2025\/08\/IMG_0822-768x1024.jpg\" title=\"Galerie bei Bild 6 \u00f6ffnen\" alt=\"Img 0822\"\/>\n                        <\/a>\n                    <\/div>\n                                    <div class=\"item\">\n                        <a href=\"https:\/\/www.vkd.com\/lv-bayern\/wp-content\/uploads\/sites\/14\/2025\/08\/IMG_0815-1024x870.jpg\" title=\"Img 0815\">\n                            <img class=\"img-full\" src=\"https:\/\/www.vkd.com\/lv-bayern\/wp-content\/uploads\/sites\/14\/2025\/08\/IMG_0815-1024x870.jpg\" title=\"Galerie bei Bild 7 \u00f6ffnen\" alt=\"Img 0815\"\/>\n                        <\/a>\n                    <\/div>\n                                    <div class=\"item\">\n                        <a href=\"https:\/\/www.vkd.com\/lv-bayern\/wp-content\/uploads\/sites\/14\/2025\/08\/IMG_0809-1024x768.jpg\" title=\"Img 0809\">\n                            <img class=\"img-full\" src=\"https:\/\/www.vkd.com\/lv-bayern\/wp-content\/uploads\/sites\/14\/2025\/08\/IMG_0809-1024x768.jpg\" title=\"Galerie bei Bild 8 \u00f6ffnen\" alt=\"Img 0809\"\/>\n                        <\/a>\n                    <\/div>\n                                    <div class=\"item\">\n                        <a href=\"https:\/\/www.vkd.com\/lv-bayern\/wp-content\/uploads\/sites\/14\/2025\/08\/IMG_0808-1024x768.jpg\" title=\"Img 0808\">\n                            <img class=\"img-full\" src=\"https:\/\/www.vkd.com\/lv-bayern\/wp-content\/uploads\/sites\/14\/2025\/08\/IMG_0808-1024x768.jpg\" title=\"Galerie bei Bild 9 \u00f6ffnen\" alt=\"Img 0808\"\/>\n                        <\/a>\n                    <\/div>\n                                    <div class=\"item\">\n                        <a href=\"https:\/\/www.vkd.com\/lv-bayern\/wp-content\/uploads\/sites\/14\/2025\/08\/IMG_0797-1024x761.jpg\" title=\"Img 0797\">\n                            <img class=\"img-full\" src=\"https:\/\/www.vkd.com\/lv-bayern\/wp-content\/uploads\/sites\/14\/2025\/08\/IMG_0797-1024x761.jpg\" title=\"Galerie bei Bild 10 \u00f6ffnen\" alt=\"Img 0797\"\/>\n                        <\/a>\n                    <\/div>\n                                    <div class=\"item\">\n                        <a href=\"https:\/\/www.vkd.com\/lv-bayern\/wp-content\/uploads\/sites\/14\/2025\/08\/IMG_0793-1024x768.jpg\" title=\"Img 0793\">\n                            <img class=\"img-full\" src=\"https:\/\/www.vkd.com\/lv-bayern\/wp-content\/uploads\/sites\/14\/2025\/08\/IMG_0793-1024x768.jpg\" title=\"Galerie bei Bild 11 \u00f6ffnen\" alt=\"Img 0793\"\/>\n                        <\/a>\n                    <\/div>\n                                    <div class=\"item\">\n                        <a href=\"https:\/\/www.vkd.com\/lv-bayern\/wp-content\/uploads\/sites\/14\/2025\/08\/IMG_0791-1024x768.jpg\" title=\"Img 0791\">\n                            <img class=\"img-full\" src=\"https:\/\/www.vkd.com\/lv-bayern\/wp-content\/uploads\/sites\/14\/2025\/08\/IMG_0791-1024x768.jpg\" title=\"Galerie bei Bild 12 \u00f6ffnen\" alt=\"Img 0791\"\/>\n                        <\/a>\n                    <\/div>\n                                    <div class=\"item\">\n                        <a href=\"https:\/\/www.vkd.com\/lv-bayern\/wp-content\/uploads\/sites\/14\/2025\/08\/IMG_0790-1024x768.jpg\" title=\"Img 0790\">\n                            <img class=\"img-full\" src=\"https:\/\/www.vkd.com\/lv-bayern\/wp-content\/uploads\/sites\/14\/2025\/08\/IMG_0790-1024x768.jpg\" title=\"Galerie bei Bild 13 \u00f6ffnen\" alt=\"Img 0790\"\/>\n                        <\/a>\n                    <\/div>\n                                    <div class=\"item\">\n                        <a href=\"https:\/\/www.vkd.com\/lv-bayern\/wp-content\/uploads\/sites\/14\/2025\/08\/IMG_0789-1024x768.jpg\" title=\"Img 0789\">\n                            <img class=\"img-full\" src=\"https:\/\/www.vkd.com\/lv-bayern\/wp-content\/uploads\/sites\/14\/2025\/08\/IMG_0789-1024x768.jpg\" title=\"Galerie bei Bild 14 \u00f6ffnen\" alt=\"Img 0789\"\/>\n                        <\/a>\n                    <\/div>\n                                    <div class=\"item\">\n                        <a href=\"https:\/\/www.vkd.com\/lv-bayern\/wp-content\/uploads\/sites\/14\/2025\/08\/IMG_0786-768x1024.jpg\" title=\"Img 0786\">\n                            <img class=\"img-full\" src=\"https:\/\/www.vkd.com\/lv-bayern\/wp-content\/uploads\/sites\/14\/2025\/08\/IMG_0786-768x1024.jpg\" title=\"Galerie bei Bild 15 \u00f6ffnen\" alt=\"Img 0786\"\/>\n                        <\/a>\n                    <\/div>\n                                    <div class=\"item\">\n                        <a href=\"https:\/\/www.vkd.com\/lv-bayern\/wp-content\/uploads\/sites\/14\/2025\/08\/IMG_0780-1024x768.jpg\" title=\"Img 0780\">\n                            <img class=\"img-full\" src=\"https:\/\/www.vkd.com\/lv-bayern\/wp-content\/uploads\/sites\/14\/2025\/08\/IMG_0780-1024x768.jpg\" title=\"Galerie bei Bild 16 \u00f6ffnen\" alt=\"Img 0780\"\/>\n                        <\/a>\n                    <\/div>\n                                    <div class=\"item\">\n                        <a href=\"https:\/\/www.vkd.com\/lv-bayern\/wp-content\/uploads\/sites\/14\/2025\/08\/IMG_0785-1024x768.jpg\" title=\"Img 0785\">\n                            <img class=\"img-full\" src=\"https:\/\/www.vkd.com\/lv-bayern\/wp-content\/uploads\/sites\/14\/2025\/08\/IMG_0785-1024x768.jpg\" title=\"Galerie bei Bild 17 \u00f6ffnen\" alt=\"Img 0785\"\/>\n                        <\/a>\n                    <\/div>\n                                    <div class=\"item\">\n                        <a href=\"https:\/\/www.vkd.com\/lv-bayern\/wp-content\/uploads\/sites\/14\/2025\/08\/Gruppenbild-Laurentius-25-768x1024.jpg\" title=\"Gruppenbild Laurentius 25\">\n                            <img class=\"img-full\" src=\"https:\/\/www.vkd.com\/lv-bayern\/wp-content\/uploads\/sites\/14\/2025\/08\/Gruppenbild-Laurentius-25-768x1024.jpg\" title=\"Galerie bei Bild 18 \u00f6ffnen\" alt=\"Gruppenbild Laurentius 25\"\/>\n                        <\/a>\n                    <\/div>\n                            <\/div>\n        <\/div>\n    <\/div>\n<\/div>\n\n\n","protected":false},"excerpt":{"rendered":"<p>Laurentiusfeier des Club der K\u00f6che Donau-Ries e.V.\u00a0 + BHG Donau-Ries Gemeinschaft, Glaube und gelebte Tradition Wemding, Montag, den 18. August 2025 \u2013 Der Club der K\u00f6che Donau-Ries e.V. feierte am vergangenen Montag gemeinsam mit dem BHG Donau-Ries seine traditionelle Laurentiusfeier zu Ehren des Schutzpatrons der K\u00f6che. Seit 2011 wird diese Veranstaltung regelm\u00e4\u00dfig durchgef\u00fchrt und hat&#8230;<\/p>\n","protected":false},"author":1955,"featured_media":1788,"comment_status":"closed","ping_status":"open","sticky":false,"template":"","format":"standard","meta":[],"categories":[1],"tags":[],"yoast_head":"<!-- This site is optimized with the Yoast SEO plugin v20.0 - https:\/\/yoast.com\/wordpress\/plugins\/seo\/ -->\n<title>Laurentiusfeier des Club der K\u00f6che Donau-Ries e.V.\u00a0 + BHG Donau-Ries - Landesverband der K\u00f6che Bayern<\/title>\n<meta name=\"robots\" content=\"noindex, follow, max-snippet:-1, max-image-preview:large, max-video-preview:-1\" \/>\n<meta property=\"og:locale\" content=\"de_DE\" \/>\n<meta property=\"og:type\" content=\"article\" \/>\n<meta property=\"og:title\" content=\"Laurentiusfeier des Club der K\u00f6che Donau-Ries e.V.\u00a0 + BHG Donau-Ries - Landesverband der K\u00f6che Bayern\" \/>\n<meta property=\"og:description\" content=\"Laurentiusfeier des Club der K\u00f6che Donau-Ries e.V.\u00a0 + BHG Donau-Ries Gemeinschaft, Glaube und gelebte Tradition Wemding, Montag, den 18. August 2025 \u2013 Der Club der K\u00f6che Donau-Ries e.V. feierte am vergangenen Montag gemeinsam mit dem BHG Donau-Ries seine traditionelle Laurentiusfeier zu Ehren des Schutzpatrons der K\u00f6che. Seit 2011 wird diese Veranstaltung regelm\u00e4\u00dfig durchgef\u00fchrt und hat...\" \/>\n<meta property=\"og:url\" content=\"https:\/\/www.vkd.com\/lv-bayern\/news\/laurentiusfeier-des-club-der-koeche-donau-ries-e-v-bhg-donau-ries\/\" \/>\n<meta property=\"og:site_name\" content=\"Landesverband der K\u00f6che Bayern\" \/>\n<meta property=\"article:published_time\" content=\"2025-08-22T06:20:57+00:00\" \/>\n<meta property=\"article:modified_time\" content=\"2025-08-22T06:21:16+00:00\" \/>\n<meta property=\"og:image\" content=\"https:\/\/www.vkd.com\/lv-bayern\/wp-content\/uploads\/sites\/14\/2025\/08\/Gruppenbild-Laurentius-25-scaled.jpg\" \/>\n\t<meta property=\"og:image:width\" content=\"1920\" \/>\n\t<meta property=\"og:image:height\" content=\"2560\" \/>\n\t<meta property=\"og:image:type\" content=\"image\/jpeg\" \/>\n<meta name=\"author\" content=\"Kostadinov Alexander\" \/>\n<meta name=\"twitter:card\" content=\"summary_large_image\" \/>\n<meta name=\"twitter:label1\" content=\"Verfasst von\" \/>\n\t<meta name=\"twitter:data1\" content=\"Kostadinov Alexander\" \/>\n\t<meta name=\"twitter:label2\" content=\"Gesch\u00e4tzte Lesezeit\" \/>\n\t<meta name=\"twitter:data2\" content=\"2\u00a0Minuten\" \/>\n<script type=\"application\/ld+json\" class=\"yoast-schema-graph\">{\"@context\":\"https:\/\/schema.org\",\"@graph\":[{\"@type\":\"WebPage\",\"@id\":\"https:\/\/www.vkd.com\/lv-bayern\/news\/laurentiusfeier-des-club-der-koeche-donau-ries-e-v-bhg-donau-ries\/\",\"url\":\"https:\/\/www.vkd.com\/lv-bayern\/news\/laurentiusfeier-des-club-der-koeche-donau-ries-e-v-bhg-donau-ries\/\",\"name\":\"Laurentiusfeier des Club der K\u00f6che Donau-Ries e.V.\u00a0 + BHG Donau-Ries - Landesverband der K\u00f6che Bayern\",\"isPartOf\":{\"@id\":\"https:\/\/www.vkd.com\/lv-bayern\/#website\"},\"datePublished\":\"2025-08-22T06:20:57+00:00\",\"dateModified\":\"2025-08-22T06:21:16+00:00\",\"author\":{\"@id\":\"https:\/\/www.vkd.com\/lv-bayern\/#\/schema\/person\/19c4bb106ca4de98c60e2cb5ac7f572f\"},\"breadcrumb\":{\"@id\":\"https:\/\/www.vkd.com\/lv-bayern\/news\/laurentiusfeier-des-club-der-koeche-donau-ries-e-v-bhg-donau-ries\/#breadcrumb\"},\"inLanguage\":\"de\",\"potentialAction\":[{\"@type\":\"ReadAction\",\"target\":[\"https:\/\/www.vkd.com\/lv-bayern\/news\/laurentiusfeier-des-club-der-koeche-donau-ries-e-v-bhg-donau-ries\/\"]}]},{\"@type\":\"BreadcrumbList\",\"@id\":\"https:\/\/www.vkd.com\/lv-bayern\/news\/laurentiusfeier-des-club-der-koeche-donau-ries-e-v-bhg-donau-ries\/#breadcrumb\",\"itemListElement\":[{\"@type\":\"ListItem\",\"position\":1,\"name\":\"Startseite\",\"item\":\"https:\/\/www.vkd.com\/lv-bayern\/\"},{\"@type\":\"ListItem\",\"position\":2,\"name\":\"Laurentiusfeier des Club der K\u00f6che Donau-Ries e.V.\u00a0 + BHG Donau-Ries\"}]},{\"@type\":\"WebSite\",\"@id\":\"https:\/\/www.vkd.com\/lv-bayern\/#website\",\"url\":\"https:\/\/www.vkd.com\/lv-bayern\/\",\"name\":\"Landesverband der K\u00f6che Bayern\",\"description\":\"Landesverband im Verband der K\u00f6che Deutschlands e.V.\",\"potentialAction\":[{\"@type\":\"SearchAction\",\"target\":{\"@type\":\"EntryPoint\",\"urlTemplate\":\"https:\/\/www.vkd.com\/lv-bayern\/?s={search_term_string}\"},\"query-input\":\"required name=search_term_string\"}],\"inLanguage\":\"de\"},{\"@type\":\"Person\",\"@id\":\"https:\/\/www.vkd.com\/lv-bayern\/#\/schema\/person\/19c4bb106ca4de98c60e2cb5ac7f572f\",\"name\":\"Kostadinov Alexander\",\"image\":{\"@type\":\"ImageObject\",\"inLanguage\":\"de\",\"@id\":\"https:\/\/www.vkd.com\/lv-bayern\/#\/schema\/person\/image\/\",\"url\":\"https:\/\/secure.gravatar.com\/avatar\/b0cb85e5c215fe1114e6d2404492358d?s=96&d=mm&r=g\",\"contentUrl\":\"https:\/\/secure.gravatar.com\/avatar\/b0cb85e5c215fe1114e6d2404492358d?s=96&d=mm&r=g\",\"caption\":\"Kostadinov Alexander\"},\"url\":\"https:\/\/www.vkd.com\/lv-bayern\/news\/author\/gentscher-jungentscher-de\/\"}]}<\/script>\n<!-- \/ Yoast SEO plugin. -->","yoast_head_json":{"title":"Laurentiusfeier des Club der K\u00f6che Donau-Ries e.V.\u00a0 + BHG Donau-Ries - Landesverband der K\u00f6che Bayern","robots":{"index":"noindex","follow":"follow","max-snippet":"max-snippet:-1","max-image-preview":"max-image-preview:large","max-video-preview":"max-video-preview:-1"},"og_locale":"de_DE","og_type":"article","og_title":"Laurentiusfeier des Club der K\u00f6che Donau-Ries e.V.\u00a0 + BHG Donau-Ries - Landesverband der K\u00f6che Bayern","og_description":"Laurentiusfeier des Club der K\u00f6che Donau-Ries e.V.\u00a0 + BHG Donau-Ries Gemeinschaft, Glaube und gelebte Tradition Wemding, Montag, den 18. August 2025 \u2013 Der Club der K\u00f6che Donau-Ries e.V. feierte am vergangenen Montag gemeinsam mit dem BHG Donau-Ries seine traditionelle Laurentiusfeier zu Ehren des Schutzpatrons der K\u00f6che. Seit 2011 wird diese Veranstaltung regelm\u00e4\u00dfig durchgef\u00fchrt und hat...","og_url":"https:\/\/www.vkd.com\/lv-bayern\/news\/laurentiusfeier-des-club-der-koeche-donau-ries-e-v-bhg-donau-ries\/","og_site_name":"Landesverband der K\u00f6che Bayern","article_published_time":"2025-08-22T06:20:57+00:00","article_modified_time":"2025-08-22T06:21:16+00:00","og_image":[{"width":1920,"height":2560,"url":"https:\/\/www.vkd.com\/lv-bayern\/wp-content\/uploads\/sites\/14\/2025\/08\/Gruppenbild-Laurentius-25-scaled.jpg","type":"image\/jpeg"}],"author":"Kostadinov Alexander","twitter_card":"summary_large_image","twitter_misc":{"Verfasst von":"Kostadinov Alexander","Gesch\u00e4tzte Lesezeit":"2\u00a0Minuten"},"schema":{"@context":"https:\/\/schema.org","@graph":[{"@type":"WebPage","@id":"https:\/\/www.vkd.com\/lv-bayern\/news\/laurentiusfeier-des-club-der-koeche-donau-ries-e-v-bhg-donau-ries\/","url":"https:\/\/www.vkd.com\/lv-bayern\/news\/laurentiusfeier-des-club-der-koeche-donau-ries-e-v-bhg-donau-ries\/","name":"Laurentiusfeier des Club der K\u00f6che Donau-Ries e.V.\u00a0 + BHG Donau-Ries - Landesverband der K\u00f6che Bayern","isPartOf":{"@id":"https:\/\/www.vkd.com\/lv-bayern\/#website"},"datePublished":"2025-08-22T06:20:57+00:00","dateModified":"2025-08-22T06:21:16+00:00","author":{"@id":"https:\/\/www.vkd.com\/lv-bayern\/#\/schema\/person\/19c4bb106ca4de98c60e2cb5ac7f572f"},"breadcrumb":{"@id":"https:\/\/www.vkd.com\/lv-bayern\/news\/laurentiusfeier-des-club-der-koeche-donau-ries-e-v-bhg-donau-ries\/#breadcrumb"},"inLanguage":"de","potentialAction":[{"@type":"ReadAction","target":["https:\/\/www.vkd.com\/lv-bayern\/news\/laurentiusfeier-des-club-der-koeche-donau-ries-e-v-bhg-donau-ries\/"]}]},{"@type":"BreadcrumbList","@id":"https:\/\/www.vkd.com\/lv-bayern\/news\/laurentiusfeier-des-club-der-koeche-donau-ries-e-v-bhg-donau-ries\/#breadcrumb","itemListElement":[{"@type":"ListItem","position":1,"name":"Startseite","item":"https:\/\/www.vkd.com\/lv-bayern\/"},{"@type":"ListItem","position":2,"name":"Laurentiusfeier des Club der K\u00f6che Donau-Ries e.V.\u00a0 + BHG Donau-Ries"}]},{"@type":"WebSite","@id":"https:\/\/www.vkd.com\/lv-bayern\/#website","url":"https:\/\/www.vkd.com\/lv-bayern\/","name":"Landesverband der K\u00f6che Bayern","description":"Landesverband im Verband der K\u00f6che Deutschlands e.V.","potentialAction":[{"@type":"SearchAction","target":{"@type":"EntryPoint","urlTemplate":"https:\/\/www.vkd.com\/lv-bayern\/?s={search_term_string}"},"query-input":"required name=search_term_string"}],"inLanguage":"de"},{"@type":"Person","@id":"https:\/\/www.vkd.com\/lv-bayern\/#\/schema\/person\/19c4bb106ca4de98c60e2cb5ac7f572f","name":"Kostadinov Alexander","image":{"@type":"ImageObject","inLanguage":"de","@id":"https:\/\/www.vkd.com\/lv-bayern\/#\/schema\/person\/image\/","url":"https:\/\/secure.gravatar.com\/avatar\/b0cb85e5c215fe1114e6d2404492358d?s=96&d=mm&r=g","contentUrl":"https:\/\/secure.gravatar.com\/avatar\/b0cb85e5c215fe1114e6d2404492358d?s=96&d=mm&r=g","caption":"Kostadinov Alexander"},"url":"https:\/\/www.vkd.com\/lv-bayern\/news\/author\/gentscher-jungentscher-de\/"}]}},"_links":{"self":[{"href":"https:\/\/www.vkd.com\/lv-bayern\/wp-json\/wp\/v2\/posts\/1785"}],"collection":[{"href":"https:\/\/www.vkd.com\/lv-bayern\/wp-json\/wp\/v2\/posts"}],"about":[{"href":"https:\/\/www.vkd.com\/lv-bayern\/wp-json\/wp\/v2\/types\/post"}],"author":[{"embeddable":true,"href":"https:\/\/www.vkd.com\/lv-bayern\/wp-json\/wp\/v2\/users\/1955"}],"replies":[{"embeddable":true,"href":"https:\/\/www.vkd.com\/lv-bayern\/wp-json\/wp\/v2\/comments?post=1785"}],"version-history":[{"count":3,"href":"https:\/\/www.vkd.com\/lv-bayern\/wp-json\/wp\/v2\/posts\/1785\/revisions"}],"predecessor-version":[{"id":1809,"href":"https:\/\/www.vkd.com\/lv-bayern\/wp-json\/wp\/v2\/posts\/1785\/revisions\/1809"}],"wp:featuredmedia":[{"embeddable":true,"href":"https:\/\/www.vkd.com\/lv-bayern\/wp-json\/wp\/v2\/media\/1788"}],"wp:attachment":[{"href":"https:\/\/www.vkd.com\/lv-bayern\/wp-json\/wp\/v2\/media?parent=1785"}],"wp:term":[{"taxonomy":"category","embeddable":true,"href":"https:\/\/www.vkd.com\/lv-bayern\/wp-json\/wp\/v2\/categories?post=1785"},{"taxonomy":"post_tag","embeddable":true,"href":"https:\/\/www.vkd.com\/lv-bayern\/wp-json\/wp\/v2\/tags?post=1785"}],"curies":[{"name":"wp","href":"https:\/\/api.w.org\/{rel}","templated":true}]}}