{"id":1774,"date":"2025-08-18T20:19:41","date_gmt":"2025-08-18T18:19:41","guid":{"rendered":"https:\/\/www.vkd.com\/lv-bayern\/?p=1774"},"modified":"2025-08-19T10:21:33","modified_gmt":"2025-08-19T08:21:33","slug":"der-landesverband-bayern-ist-mittendrin","status":"publish","type":"post","link":"https:\/\/www.vkd.com\/lv-bayern\/news\/der-landesverband-bayern-ist-mittendrin\/","title":{"rendered":"Der Landesverband Bayern ist mittendrin"},"content":{"rendered":"<h3 data-start=\"162\" data-end=\"260\">Unser Vorstandsmitglied Roland Stieglmeier-Maidl als Autor im neuen Lehrbuch f\u00fcr K\u00f6chin\/Koch und Fachkraft K\u00fcche<\/h3>\n<p data-start=\"262\" data-end=\"431\">Wir freuen uns sehr, mitteilen zu k\u00f6nnen, dass unser Vorstandsmitglied <strong>Roland Stieglmeier-Maidl als Autor im aktuellen Lehrbuch TEAM K\u00dcCHE &#8211; f\u00fcr K\u00f6chin\/Koch und Fachkraft K\u00fcche<\/strong> mitgewirkt hat.<\/p>\n<p data-start=\"433\" data-end=\"779\">Mit seiner langj\u00e4hrigen Erfahrung in der Gastronomie und seinem umfassenden Fachwissen hat Roland wertvolle Beitr\u00e4ge zu diesem wichtigen Standardwerk der beruflichen Ausbildung geleistet. Das Lehrbuch wird bundesweit in Berufsschulen eingesetzt und dient als zentrale Grundlage f\u00fcr die Ausbildung angehender K\u00f6chinnen, K\u00f6che und Fachkr\u00e4fte K\u00fcche.<\/p>\n<p data-start=\"781\" data-end=\"1103\">Rolands Engagement f\u00fcr Qualit\u00e4t in der Ausbildung zeigt sich nicht nur in seiner t\u00e4glichen Arbeit, sondern nun auch in seiner Mitautorenschaft dieses bedeutenden Lehrwerks. Wir sind stolz auf seinen Beitrag zur F\u00f6rderung des Fachkr\u00e4ftenachwuchses in der Gastronomie und sch\u00e4tzen seine Expertise im Vorstand unseres Hauses.<\/p>\n<p>Das <strong>aktuelle Lehrbuch TEAM K\u00dcCHE finden Sie im Verlag der Handwerk und Technik GmbH<\/strong><\/p>\n<p>&nbsp;<\/p>\n<blockquote>\n<h2 style=\"text-align: center\"><a href=\"https:\/\/www.vkd.com\/lv-bayern\/wp-content\/uploads\/sites\/14\/2025\/08\/Team-Kueche-Beschreibung.pdf\" target=\"_blank\" rel=\"noopener\"><strong>Hier finden Sie eine ausf\u00fchrliche Beschreibung zum Lehrbuch<\/strong><\/a><\/h2>\n<\/blockquote>\n","protected":false},"excerpt":{"rendered":"<p>Unser Vorstandsmitglied Roland Stieglmeier-Maidl als Autor im neuen Lehrbuch f\u00fcr K\u00f6chin\/Koch und Fachkraft K\u00fcche Wir freuen uns sehr, mitteilen zu k\u00f6nnen, dass unser Vorstandsmitglied Roland Stieglmeier-Maidl als Autor im aktuellen Lehrbuch TEAM K\u00dcCHE &#8211; f\u00fcr K\u00f6chin\/Koch und Fachkraft K\u00fcche mitgewirkt hat. Mit seiner langj\u00e4hrigen Erfahrung in der Gastronomie und seinem umfassenden Fachwissen hat Roland wertvolle&#8230;<\/p>\n","protected":false},"author":1955,"featured_media":1372,"comment_status":"closed","ping_status":"open","sticky":false,"template":"","format":"standard","meta":[],"categories":[1],"tags":[17,6,5,20,7,18,19,9,8],"yoast_head":"<!-- This site is optimized with the Yoast SEO plugin v20.0 - https:\/\/yoast.com\/wordpress\/plugins\/seo\/ -->\n<title>Der Landesverband Bayern ist mittendrin - Landesverband der K\u00f6che Bayern<\/title>\n<meta name=\"robots\" content=\"noindex, follow, max-snippet:-1, max-image-preview:large, max-video-preview:-1\" \/>\n<meta property=\"og:locale\" content=\"de_DE\" \/>\n<meta property=\"og:type\" content=\"article\" \/>\n<meta property=\"og:title\" content=\"Der Landesverband Bayern ist mittendrin - Landesverband der K\u00f6che Bayern\" \/>\n<meta property=\"og:description\" content=\"Unser Vorstandsmitglied Roland Stieglmeier-Maidl als Autor im neuen Lehrbuch f\u00fcr K\u00f6chin\/Koch und Fachkraft K\u00fcche Wir freuen uns sehr, mitteilen zu k\u00f6nnen, dass unser Vorstandsmitglied Roland Stieglmeier-Maidl als Autor im aktuellen Lehrbuch TEAM K\u00dcCHE &#8211; f\u00fcr K\u00f6chin\/Koch und Fachkraft K\u00fcche mitgewirkt hat. Mit seiner langj\u00e4hrigen Erfahrung in der Gastronomie und seinem umfassenden Fachwissen hat Roland wertvolle...\" \/>\n<meta property=\"og:url\" content=\"https:\/\/www.vkd.com\/lv-bayern\/news\/der-landesverband-bayern-ist-mittendrin\/\" \/>\n<meta property=\"og:site_name\" content=\"Landesverband der K\u00f6che Bayern\" \/>\n<meta property=\"article:published_time\" content=\"2025-08-18T18:19:41+00:00\" \/>\n<meta property=\"article:modified_time\" content=\"2025-08-19T08:21:33+00:00\" \/>\n<meta property=\"og:image\" content=\"https:\/\/www.vkd.com\/lv-bayern\/wp-content\/uploads\/sites\/14\/2025\/03\/IMG-20250330-WA0046.jpg\" \/>\n\t<meta property=\"og:image:width\" content=\"849\" \/>\n\t<meta property=\"og:image:height\" content=\"1493\" \/>\n\t<meta property=\"og:image:type\" content=\"image\/jpeg\" \/>\n<meta name=\"author\" content=\"Kostadinov Alexander\" \/>\n<meta name=\"twitter:card\" content=\"summary_large_image\" \/>\n<meta name=\"twitter:label1\" content=\"Verfasst von\" \/>\n\t<meta name=\"twitter:data1\" content=\"Kostadinov Alexander\" \/>\n\t<meta name=\"twitter:label2\" content=\"Gesch\u00e4tzte Lesezeit\" \/>\n\t<meta name=\"twitter:data2\" content=\"1\u00a0Minute\" \/>\n<script type=\"application\/ld+json\" class=\"yoast-schema-graph\">{\"@context\":\"https:\/\/schema.org\",\"@graph\":[{\"@type\":\"WebPage\",\"@id\":\"https:\/\/www.vkd.com\/lv-bayern\/news\/der-landesverband-bayern-ist-mittendrin\/\",\"url\":\"https:\/\/www.vkd.com\/lv-bayern\/news\/der-landesverband-bayern-ist-mittendrin\/\",\"name\":\"Der Landesverband Bayern ist mittendrin - Landesverband der K\u00f6che Bayern\",\"isPartOf\":{\"@id\":\"https:\/\/www.vkd.com\/lv-bayern\/#website\"},\"datePublished\":\"2025-08-18T18:19:41+00:00\",\"dateModified\":\"2025-08-19T08:21:33+00:00\",\"author\":{\"@id\":\"https:\/\/www.vkd.com\/lv-bayern\/#\/schema\/person\/19c4bb106ca4de98c60e2cb5ac7f572f\"},\"breadcrumb\":{\"@id\":\"https:\/\/www.vkd.com\/lv-bayern\/news\/der-landesverband-bayern-ist-mittendrin\/#breadcrumb\"},\"inLanguage\":\"de\",\"potentialAction\":[{\"@type\":\"ReadAction\",\"target\":[\"https:\/\/www.vkd.com\/lv-bayern\/news\/der-landesverband-bayern-ist-mittendrin\/\"]}]},{\"@type\":\"BreadcrumbList\",\"@id\":\"https:\/\/www.vkd.com\/lv-bayern\/news\/der-landesverband-bayern-ist-mittendrin\/#breadcrumb\",\"itemListElement\":[{\"@type\":\"ListItem\",\"position\":1,\"name\":\"Startseite\",\"item\":\"https:\/\/www.vkd.com\/lv-bayern\/\"},{\"@type\":\"ListItem\",\"position\":2,\"name\":\"Der Landesverband Bayern ist mittendrin\"}]},{\"@type\":\"WebSite\",\"@id\":\"https:\/\/www.vkd.com\/lv-bayern\/#website\",\"url\":\"https:\/\/www.vkd.com\/lv-bayern\/\",\"name\":\"Landesverband der K\u00f6che Bayern\",\"description\":\"Landesverband im Verband der K\u00f6che Deutschlands e.V.\",\"potentialAction\":[{\"@type\":\"SearchAction\",\"target\":{\"@type\":\"EntryPoint\",\"urlTemplate\":\"https:\/\/www.vkd.com\/lv-bayern\/?s={search_term_string}\"},\"query-input\":\"required name=search_term_string\"}],\"inLanguage\":\"de\"},{\"@type\":\"Person\",\"@id\":\"https:\/\/www.vkd.com\/lv-bayern\/#\/schema\/person\/19c4bb106ca4de98c60e2cb5ac7f572f\",\"name\":\"Kostadinov Alexander\",\"image\":{\"@type\":\"ImageObject\",\"inLanguage\":\"de\",\"@id\":\"https:\/\/www.vkd.com\/lv-bayern\/#\/schema\/person\/image\/\",\"url\":\"https:\/\/secure.gravatar.com\/avatar\/b0cb85e5c215fe1114e6d2404492358d?s=96&d=mm&r=g\",\"contentUrl\":\"https:\/\/secure.gravatar.com\/avatar\/b0cb85e5c215fe1114e6d2404492358d?s=96&d=mm&r=g\",\"caption\":\"Kostadinov Alexander\"},\"url\":\"https:\/\/www.vkd.com\/lv-bayern\/news\/author\/gentscher-jungentscher-de\/\"}]}<\/script>\n<!-- \/ Yoast SEO plugin. -->","yoast_head_json":{"title":"Der Landesverband Bayern ist mittendrin - Landesverband der K\u00f6che Bayern","robots":{"index":"noindex","follow":"follow","max-snippet":"max-snippet:-1","max-image-preview":"max-image-preview:large","max-video-preview":"max-video-preview:-1"},"og_locale":"de_DE","og_type":"article","og_title":"Der Landesverband Bayern ist mittendrin - Landesverband der K\u00f6che Bayern","og_description":"Unser Vorstandsmitglied Roland Stieglmeier-Maidl als Autor im neuen Lehrbuch f\u00fcr K\u00f6chin\/Koch und Fachkraft K\u00fcche Wir freuen uns sehr, mitteilen zu k\u00f6nnen, dass unser Vorstandsmitglied Roland Stieglmeier-Maidl als Autor im aktuellen Lehrbuch TEAM K\u00dcCHE &#8211; f\u00fcr K\u00f6chin\/Koch und Fachkraft K\u00fcche mitgewirkt hat. Mit seiner langj\u00e4hrigen Erfahrung in der Gastronomie und seinem umfassenden Fachwissen hat Roland wertvolle...","og_url":"https:\/\/www.vkd.com\/lv-bayern\/news\/der-landesverband-bayern-ist-mittendrin\/","og_site_name":"Landesverband der K\u00f6che Bayern","article_published_time":"2025-08-18T18:19:41+00:00","article_modified_time":"2025-08-19T08:21:33+00:00","og_image":[{"width":849,"height":1493,"url":"https:\/\/www.vkd.com\/lv-bayern\/wp-content\/uploads\/sites\/14\/2025\/03\/IMG-20250330-WA0046.jpg","type":"image\/jpeg"}],"author":"Kostadinov Alexander","twitter_card":"summary_large_image","twitter_misc":{"Verfasst von":"Kostadinov Alexander","Gesch\u00e4tzte Lesezeit":"1\u00a0Minute"},"schema":{"@context":"https:\/\/schema.org","@graph":[{"@type":"WebPage","@id":"https:\/\/www.vkd.com\/lv-bayern\/news\/der-landesverband-bayern-ist-mittendrin\/","url":"https:\/\/www.vkd.com\/lv-bayern\/news\/der-landesverband-bayern-ist-mittendrin\/","name":"Der Landesverband Bayern ist mittendrin - Landesverband der K\u00f6che Bayern","isPartOf":{"@id":"https:\/\/www.vkd.com\/lv-bayern\/#website"},"datePublished":"2025-08-18T18:19:41+00:00","dateModified":"2025-08-19T08:21:33+00:00","author":{"@id":"https:\/\/www.vkd.com\/lv-bayern\/#\/schema\/person\/19c4bb106ca4de98c60e2cb5ac7f572f"},"breadcrumb":{"@id":"https:\/\/www.vkd.com\/lv-bayern\/news\/der-landesverband-bayern-ist-mittendrin\/#breadcrumb"},"inLanguage":"de","potentialAction":[{"@type":"ReadAction","target":["https:\/\/www.vkd.com\/lv-bayern\/news\/der-landesverband-bayern-ist-mittendrin\/"]}]},{"@type":"BreadcrumbList","@id":"https:\/\/www.vkd.com\/lv-bayern\/news\/der-landesverband-bayern-ist-mittendrin\/#breadcrumb","itemListElement":[{"@type":"ListItem","position":1,"name":"Startseite","item":"https:\/\/www.vkd.com\/lv-bayern\/"},{"@type":"ListItem","position":2,"name":"Der Landesverband Bayern ist mittendrin"}]},{"@type":"WebSite","@id":"https:\/\/www.vkd.com\/lv-bayern\/#website","url":"https:\/\/www.vkd.com\/lv-bayern\/","name":"Landesverband der K\u00f6che Bayern","description":"Landesverband im Verband der K\u00f6che Deutschlands e.V.","potentialAction":[{"@type":"SearchAction","target":{"@type":"EntryPoint","urlTemplate":"https:\/\/www.vkd.com\/lv-bayern\/?s={search_term_string}"},"query-input":"required name=search_term_string"}],"inLanguage":"de"},{"@type":"Person","@id":"https:\/\/www.vkd.com\/lv-bayern\/#\/schema\/person\/19c4bb106ca4de98c60e2cb5ac7f572f","name":"Kostadinov Alexander","image":{"@type":"ImageObject","inLanguage":"de","@id":"https:\/\/www.vkd.com\/lv-bayern\/#\/schema\/person\/image\/","url":"https:\/\/secure.gravatar.com\/avatar\/b0cb85e5c215fe1114e6d2404492358d?s=96&d=mm&r=g","contentUrl":"https:\/\/secure.gravatar.com\/avatar\/b0cb85e5c215fe1114e6d2404492358d?s=96&d=mm&r=g","caption":"Kostadinov Alexander"},"url":"https:\/\/www.vkd.com\/lv-bayern\/news\/author\/gentscher-jungentscher-de\/"}]}},"_links":{"self":[{"href":"https:\/\/www.vkd.com\/lv-bayern\/wp-json\/wp\/v2\/posts\/1774"}],"collection":[{"href":"https:\/\/www.vkd.com\/lv-bayern\/wp-json\/wp\/v2\/posts"}],"about":[{"href":"https:\/\/www.vkd.com\/lv-bayern\/wp-json\/wp\/v2\/types\/post"}],"author":[{"embeddable":true,"href":"https:\/\/www.vkd.com\/lv-bayern\/wp-json\/wp\/v2\/users\/1955"}],"replies":[{"embeddable":true,"href":"https:\/\/www.vkd.com\/lv-bayern\/wp-json\/wp\/v2\/comments?post=1774"}],"version-history":[{"count":7,"href":"https:\/\/www.vkd.com\/lv-bayern\/wp-json\/wp\/v2\/posts\/1774\/revisions"}],"predecessor-version":[{"id":1780,"href":"https:\/\/www.vkd.com\/lv-bayern\/wp-json\/wp\/v2\/posts\/1774\/revisions\/1780"}],"wp:featuredmedia":[{"embeddable":true,"href":"https:\/\/www.vkd.com\/lv-bayern\/wp-json\/wp\/v2\/media\/1372"}],"wp:attachment":[{"href":"https:\/\/www.vkd.com\/lv-bayern\/wp-json\/wp\/v2\/media?parent=1774"}],"wp:term":[{"taxonomy":"category","embeddable":true,"href":"https:\/\/www.vkd.com\/lv-bayern\/wp-json\/wp\/v2\/categories?post=1774"},{"taxonomy":"post_tag","embeddable":true,"href":"https:\/\/www.vkd.com\/lv-bayern\/wp-json\/wp\/v2\/tags?post=1774"}],"curies":[{"name":"wp","href":"https:\/\/api.w.org\/{rel}","templated":true}]}}