{"id":1757,"date":"2025-08-16T09:58:17","date_gmt":"2025-08-16T07:58:17","guid":{"rendered":"https:\/\/www.vkd.com\/lv-bayern\/?p=1757"},"modified":"2025-08-16T09:59:15","modified_gmt":"2025-08-16T07:59:15","slug":"abordnung-vom-koecheverein-inn-salzach-in-salzburg","status":"publish","type":"post","link":"https:\/\/www.vkd.com\/lv-bayern\/news\/abordnung-vom-koecheverein-inn-salzach-in-salzburg\/","title":{"rendered":"Abordnung vom K\u00f6cheverein Inn\/Salzach in Salzburg"},"content":{"rendered":"<p style=\"text-align: left\"><strong>Salzburg.<\/strong> Traditionell veranstalten die Salzburger K\u00f6che, allj\u00e4hrlich zu Ehren des heiligen Laurentius, der Schutzpatron der K\u00f6che ist, ein imposantes Fest. \u00dcber 200 K\u00f6che und K\u00f6chinnen aus den \u00f6sterreichischen Sektionen sowie der K\u00f6cheverein Inn\/Salzach nahmen am 36. Laurentiusfest in Salzburg teil. Um die Freundschaft der beiden K\u00f6che Vereine zu vertiefen, fuhr eine Abordnung des K\u00f6che Vereins Inn\/Salzach mit dem Zug nach Salzburg.<\/p>\n<p style=\"text-align: left\">Nach dem Eintreffen der Vereine am \u201eAlten Markt\u201c, begaben sich die Abordnungen der K\u00f6che zum Festgottesdienst in die Franziskanerkirche, den Hochw\u00fcrden Dr. Ernst Wageneder zelebrierte und der vom Franziskuschor Seekirchen feierlich umrahmt wurde. Angef\u00fchrt von der Marktmusikkapelle Gr\u00f6dig wurde die \u201ewei\u00dfe Zunft\u201c im Festzug durch die Salzburger Altstadt begleitet, den die zahlreichen Schaulustigen am Stra\u00dfenrand bestaunten. Am Ziel des Festzuges beim Stiegl Keller wurden die K\u00f6che mit einem Salut der Weihnachtssch\u00fctzen St. Leonhard empfangen. Beim anschlie\u00dfenden Festakt begr\u00fc\u00dfte der Obmann der K\u00f6che Salzburg, Alexander Forbes jun. die Vereine \u2013 insbesondere aber die G\u00e4ste aus Bayern, die mittlerweile eine jahrzehntelange Freundschaft mit den Salzburger K\u00f6chen verbindet. \u00a0Mit einem reichhaltigen Buffet fand die Veranstaltung einen gem\u00fctlichen Ausklang.<\/p>\n<p>FotosText: A. Maier<\/p>\n\n<div id=\"gallery-1759\" class=\"vkdgal-gallery-wrap gallery-grid \">\n    <div class=\"col-md-12\">\n        <div class=\"row\">\n            <div class=\"gal\" data-featherlight-gallery style=\"display: grid; grid-template-columns: repeat(3, 1fr); grid-column-gap: 10px;\">\n                                    <div class=\"item\">\n                        <a href=\"https:\/\/www.vkd.com\/lv-bayern\/wp-content\/uploads\/sites\/14\/2025\/08\/1000041461-1024x1024.jpg\" title=\"1000041461\">\n                            <img class=\"img-full\" src=\"https:\/\/www.vkd.com\/lv-bayern\/wp-content\/uploads\/sites\/14\/2025\/08\/1000041461-1024x1024.jpg\" title=\"Galerie bei Bild 1 \u00f6ffnen\" alt=\"1000041461\"\/>\n                        <\/a>\n                    <\/div>\n                                    <div class=\"item\">\n                        <a href=\"https:\/\/www.vkd.com\/lv-bayern\/wp-content\/uploads\/sites\/14\/2025\/08\/1000041818-761x1024.png\" title=\"1000041818\">\n                            <img class=\"img-full\" src=\"https:\/\/www.vkd.com\/lv-bayern\/wp-content\/uploads\/sites\/14\/2025\/08\/1000041818-761x1024.png\" title=\"Galerie bei Bild 2 \u00f6ffnen\" alt=\"1000041818\"\/>\n                        <\/a>\n                    <\/div>\n                                    <div class=\"item\">\n                        <a href=\"https:\/\/www.vkd.com\/lv-bayern\/wp-content\/uploads\/sites\/14\/2025\/08\/1000041938-1024x670.png\" title=\"1000041938\">\n                            <img class=\"img-full\" src=\"https:\/\/www.vkd.com\/lv-bayern\/wp-content\/uploads\/sites\/14\/2025\/08\/1000041938-1024x670.png\" title=\"Galerie bei Bild 3 \u00f6ffnen\" alt=\"1000041938\"\/>\n                        <\/a>\n                    <\/div>\n                                    <div class=\"item\">\n                        <a href=\"https:\/\/www.vkd.com\/lv-bayern\/wp-content\/uploads\/sites\/14\/2025\/08\/1000041979-1024x757.png\" title=\"1000041979\">\n                            <img class=\"img-full\" src=\"https:\/\/www.vkd.com\/lv-bayern\/wp-content\/uploads\/sites\/14\/2025\/08\/1000041979-1024x757.png\" title=\"Galerie bei Bild 4 \u00f6ffnen\" alt=\"1000041979\"\/>\n                        <\/a>\n                    <\/div>\n                            <\/div>\n        <\/div>\n    <\/div>\n<\/div>\n\n\n","protected":false},"excerpt":{"rendered":"<p>Salzburg. Traditionell veranstalten die Salzburger K\u00f6che, allj\u00e4hrlich zu Ehren des heiligen Laurentius, der Schutzpatron der K\u00f6che ist, ein imposantes Fest. \u00dcber 200 K\u00f6che und K\u00f6chinnen aus den \u00f6sterreichischen Sektionen sowie der K\u00f6cheverein Inn\/Salzach nahmen am 36. Laurentiusfest in Salzburg teil. Um die Freundschaft der beiden K\u00f6che Vereine zu vertiefen, fuhr eine Abordnung des K\u00f6che Vereins&#8230;<\/p>\n","protected":false},"author":1955,"featured_media":1763,"comment_status":"closed","ping_status":"open","sticky":false,"template":"","format":"standard","meta":[],"categories":[1],"tags":[6,12,23,5,7,19,9,11],"yoast_head":"<!-- This site is optimized with the Yoast SEO plugin v20.0 - https:\/\/yoast.com\/wordpress\/plugins\/seo\/ -->\n<title>Abordnung vom K\u00f6cheverein Inn\/Salzach in Salzburg - Landesverband der K\u00f6che Bayern<\/title>\n<meta name=\"robots\" content=\"noindex, follow, max-snippet:-1, max-image-preview:large, max-video-preview:-1\" \/>\n<meta property=\"og:locale\" content=\"de_DE\" \/>\n<meta property=\"og:type\" content=\"article\" \/>\n<meta property=\"og:title\" content=\"Abordnung vom K\u00f6cheverein Inn\/Salzach in Salzburg - Landesverband der K\u00f6che Bayern\" \/>\n<meta property=\"og:description\" content=\"Salzburg. Traditionell veranstalten die Salzburger K\u00f6che, allj\u00e4hrlich zu Ehren des heiligen Laurentius, der Schutzpatron der K\u00f6che ist, ein imposantes Fest. \u00dcber 200 K\u00f6che und K\u00f6chinnen aus den \u00f6sterreichischen Sektionen sowie der K\u00f6cheverein Inn\/Salzach nahmen am 36. Laurentiusfest in Salzburg teil. Um die Freundschaft der beiden K\u00f6che Vereine zu vertiefen, fuhr eine Abordnung des K\u00f6che Vereins...\" \/>\n<meta property=\"og:url\" content=\"https:\/\/www.vkd.com\/lv-bayern\/news\/abordnung-vom-koecheverein-inn-salzach-in-salzburg\/\" \/>\n<meta property=\"og:site_name\" content=\"Landesverband der K\u00f6che Bayern\" \/>\n<meta property=\"article:published_time\" content=\"2025-08-16T07:58:17+00:00\" \/>\n<meta property=\"article:modified_time\" content=\"2025-08-16T07:59:15+00:00\" \/>\n<meta property=\"og:image\" content=\"https:\/\/www.vkd.com\/lv-bayern\/wp-content\/uploads\/sites\/14\/2025\/08\/1000041938.png\" \/>\n\t<meta property=\"og:image:width\" content=\"1080\" \/>\n\t<meta property=\"og:image:height\" content=\"707\" \/>\n\t<meta property=\"og:image:type\" content=\"image\/png\" \/>\n<meta name=\"author\" content=\"Kostadinov Alexander\" \/>\n<meta name=\"twitter:card\" content=\"summary_large_image\" \/>\n<meta name=\"twitter:label1\" content=\"Verfasst von\" \/>\n\t<meta name=\"twitter:data1\" content=\"Kostadinov Alexander\" \/>\n\t<meta name=\"twitter:label2\" content=\"Gesch\u00e4tzte Lesezeit\" \/>\n\t<meta name=\"twitter:data2\" content=\"2\u00a0Minuten\" \/>\n<script type=\"application\/ld+json\" class=\"yoast-schema-graph\">{\"@context\":\"https:\/\/schema.org\",\"@graph\":[{\"@type\":\"WebPage\",\"@id\":\"https:\/\/www.vkd.com\/lv-bayern\/news\/abordnung-vom-koecheverein-inn-salzach-in-salzburg\/\",\"url\":\"https:\/\/www.vkd.com\/lv-bayern\/news\/abordnung-vom-koecheverein-inn-salzach-in-salzburg\/\",\"name\":\"Abordnung vom K\u00f6cheverein Inn\/Salzach in Salzburg - Landesverband der K\u00f6che Bayern\",\"isPartOf\":{\"@id\":\"https:\/\/www.vkd.com\/lv-bayern\/#website\"},\"datePublished\":\"2025-08-16T07:58:17+00:00\",\"dateModified\":\"2025-08-16T07:59:15+00:00\",\"author\":{\"@id\":\"https:\/\/www.vkd.com\/lv-bayern\/#\/schema\/person\/19c4bb106ca4de98c60e2cb5ac7f572f\"},\"breadcrumb\":{\"@id\":\"https:\/\/www.vkd.com\/lv-bayern\/news\/abordnung-vom-koecheverein-inn-salzach-in-salzburg\/#breadcrumb\"},\"inLanguage\":\"de\",\"potentialAction\":[{\"@type\":\"ReadAction\",\"target\":[\"https:\/\/www.vkd.com\/lv-bayern\/news\/abordnung-vom-koecheverein-inn-salzach-in-salzburg\/\"]}]},{\"@type\":\"BreadcrumbList\",\"@id\":\"https:\/\/www.vkd.com\/lv-bayern\/news\/abordnung-vom-koecheverein-inn-salzach-in-salzburg\/#breadcrumb\",\"itemListElement\":[{\"@type\":\"ListItem\",\"position\":1,\"name\":\"Startseite\",\"item\":\"https:\/\/www.vkd.com\/lv-bayern\/\"},{\"@type\":\"ListItem\",\"position\":2,\"name\":\"Abordnung vom K\u00f6cheverein Inn\/Salzach in Salzburg\"}]},{\"@type\":\"WebSite\",\"@id\":\"https:\/\/www.vkd.com\/lv-bayern\/#website\",\"url\":\"https:\/\/www.vkd.com\/lv-bayern\/\",\"name\":\"Landesverband der K\u00f6che Bayern\",\"description\":\"Landesverband im Verband der K\u00f6che Deutschlands e.V.\",\"potentialAction\":[{\"@type\":\"SearchAction\",\"target\":{\"@type\":\"EntryPoint\",\"urlTemplate\":\"https:\/\/www.vkd.com\/lv-bayern\/?s={search_term_string}\"},\"query-input\":\"required name=search_term_string\"}],\"inLanguage\":\"de\"},{\"@type\":\"Person\",\"@id\":\"https:\/\/www.vkd.com\/lv-bayern\/#\/schema\/person\/19c4bb106ca4de98c60e2cb5ac7f572f\",\"name\":\"Kostadinov Alexander\",\"image\":{\"@type\":\"ImageObject\",\"inLanguage\":\"de\",\"@id\":\"https:\/\/www.vkd.com\/lv-bayern\/#\/schema\/person\/image\/\",\"url\":\"https:\/\/secure.gravatar.com\/avatar\/b0cb85e5c215fe1114e6d2404492358d?s=96&d=mm&r=g\",\"contentUrl\":\"https:\/\/secure.gravatar.com\/avatar\/b0cb85e5c215fe1114e6d2404492358d?s=96&d=mm&r=g\",\"caption\":\"Kostadinov Alexander\"},\"url\":\"https:\/\/www.vkd.com\/lv-bayern\/news\/author\/gentscher-jungentscher-de\/\"}]}<\/script>\n<!-- \/ Yoast SEO plugin. -->","yoast_head_json":{"title":"Abordnung vom K\u00f6cheverein Inn\/Salzach in Salzburg - Landesverband der K\u00f6che Bayern","robots":{"index":"noindex","follow":"follow","max-snippet":"max-snippet:-1","max-image-preview":"max-image-preview:large","max-video-preview":"max-video-preview:-1"},"og_locale":"de_DE","og_type":"article","og_title":"Abordnung vom K\u00f6cheverein Inn\/Salzach in Salzburg - Landesverband der K\u00f6che Bayern","og_description":"Salzburg. Traditionell veranstalten die Salzburger K\u00f6che, allj\u00e4hrlich zu Ehren des heiligen Laurentius, der Schutzpatron der K\u00f6che ist, ein imposantes Fest. \u00dcber 200 K\u00f6che und K\u00f6chinnen aus den \u00f6sterreichischen Sektionen sowie der K\u00f6cheverein Inn\/Salzach nahmen am 36. Laurentiusfest in Salzburg teil. Um die Freundschaft der beiden K\u00f6che Vereine zu vertiefen, fuhr eine Abordnung des K\u00f6che Vereins...","og_url":"https:\/\/www.vkd.com\/lv-bayern\/news\/abordnung-vom-koecheverein-inn-salzach-in-salzburg\/","og_site_name":"Landesverband der K\u00f6che Bayern","article_published_time":"2025-08-16T07:58:17+00:00","article_modified_time":"2025-08-16T07:59:15+00:00","og_image":[{"width":1080,"height":707,"url":"https:\/\/www.vkd.com\/lv-bayern\/wp-content\/uploads\/sites\/14\/2025\/08\/1000041938.png","type":"image\/png"}],"author":"Kostadinov Alexander","twitter_card":"summary_large_image","twitter_misc":{"Verfasst von":"Kostadinov Alexander","Gesch\u00e4tzte Lesezeit":"2\u00a0Minuten"},"schema":{"@context":"https:\/\/schema.org","@graph":[{"@type":"WebPage","@id":"https:\/\/www.vkd.com\/lv-bayern\/news\/abordnung-vom-koecheverein-inn-salzach-in-salzburg\/","url":"https:\/\/www.vkd.com\/lv-bayern\/news\/abordnung-vom-koecheverein-inn-salzach-in-salzburg\/","name":"Abordnung vom K\u00f6cheverein Inn\/Salzach in Salzburg - Landesverband der K\u00f6che Bayern","isPartOf":{"@id":"https:\/\/www.vkd.com\/lv-bayern\/#website"},"datePublished":"2025-08-16T07:58:17+00:00","dateModified":"2025-08-16T07:59:15+00:00","author":{"@id":"https:\/\/www.vkd.com\/lv-bayern\/#\/schema\/person\/19c4bb106ca4de98c60e2cb5ac7f572f"},"breadcrumb":{"@id":"https:\/\/www.vkd.com\/lv-bayern\/news\/abordnung-vom-koecheverein-inn-salzach-in-salzburg\/#breadcrumb"},"inLanguage":"de","potentialAction":[{"@type":"ReadAction","target":["https:\/\/www.vkd.com\/lv-bayern\/news\/abordnung-vom-koecheverein-inn-salzach-in-salzburg\/"]}]},{"@type":"BreadcrumbList","@id":"https:\/\/www.vkd.com\/lv-bayern\/news\/abordnung-vom-koecheverein-inn-salzach-in-salzburg\/#breadcrumb","itemListElement":[{"@type":"ListItem","position":1,"name":"Startseite","item":"https:\/\/www.vkd.com\/lv-bayern\/"},{"@type":"ListItem","position":2,"name":"Abordnung vom K\u00f6cheverein Inn\/Salzach in Salzburg"}]},{"@type":"WebSite","@id":"https:\/\/www.vkd.com\/lv-bayern\/#website","url":"https:\/\/www.vkd.com\/lv-bayern\/","name":"Landesverband der K\u00f6che Bayern","description":"Landesverband im Verband der K\u00f6che Deutschlands e.V.","potentialAction":[{"@type":"SearchAction","target":{"@type":"EntryPoint","urlTemplate":"https:\/\/www.vkd.com\/lv-bayern\/?s={search_term_string}"},"query-input":"required name=search_term_string"}],"inLanguage":"de"},{"@type":"Person","@id":"https:\/\/www.vkd.com\/lv-bayern\/#\/schema\/person\/19c4bb106ca4de98c60e2cb5ac7f572f","name":"Kostadinov Alexander","image":{"@type":"ImageObject","inLanguage":"de","@id":"https:\/\/www.vkd.com\/lv-bayern\/#\/schema\/person\/image\/","url":"https:\/\/secure.gravatar.com\/avatar\/b0cb85e5c215fe1114e6d2404492358d?s=96&d=mm&r=g","contentUrl":"https:\/\/secure.gravatar.com\/avatar\/b0cb85e5c215fe1114e6d2404492358d?s=96&d=mm&r=g","caption":"Kostadinov Alexander"},"url":"https:\/\/www.vkd.com\/lv-bayern\/news\/author\/gentscher-jungentscher-de\/"}]}},"_links":{"self":[{"href":"https:\/\/www.vkd.com\/lv-bayern\/wp-json\/wp\/v2\/posts\/1757"}],"collection":[{"href":"https:\/\/www.vkd.com\/lv-bayern\/wp-json\/wp\/v2\/posts"}],"about":[{"href":"https:\/\/www.vkd.com\/lv-bayern\/wp-json\/wp\/v2\/types\/post"}],"author":[{"embeddable":true,"href":"https:\/\/www.vkd.com\/lv-bayern\/wp-json\/wp\/v2\/users\/1955"}],"replies":[{"embeddable":true,"href":"https:\/\/www.vkd.com\/lv-bayern\/wp-json\/wp\/v2\/comments?post=1757"}],"version-history":[{"count":3,"href":"https:\/\/www.vkd.com\/lv-bayern\/wp-json\/wp\/v2\/posts\/1757\/revisions"}],"predecessor-version":[{"id":1810,"href":"https:\/\/www.vkd.com\/lv-bayern\/wp-json\/wp\/v2\/posts\/1757\/revisions\/1810"}],"wp:featuredmedia":[{"embeddable":true,"href":"https:\/\/www.vkd.com\/lv-bayern\/wp-json\/wp\/v2\/media\/1763"}],"wp:attachment":[{"href":"https:\/\/www.vkd.com\/lv-bayern\/wp-json\/wp\/v2\/media?parent=1757"}],"wp:term":[{"taxonomy":"category","embeddable":true,"href":"https:\/\/www.vkd.com\/lv-bayern\/wp-json\/wp\/v2\/categories?post=1757"},{"taxonomy":"post_tag","embeddable":true,"href":"https:\/\/www.vkd.com\/lv-bayern\/wp-json\/wp\/v2\/tags?post=1757"}],"curies":[{"name":"wp","href":"https:\/\/api.w.org\/{rel}","templated":true}]}}