{"id":1753,"date":"2025-08-14T09:43:35","date_gmt":"2025-08-14T07:43:35","guid":{"rendered":"https:\/\/www.vkd.com\/lv-bayern\/?p=1753"},"modified":"2025-08-14T09:43:35","modified_gmt":"2025-08-14T07:43:35","slug":"mitmachen-mitwaehlen-mitentscheiden","status":"publish","type":"post","link":"https:\/\/www.vkd.com\/lv-bayern\/news\/mitmachen-mitwaehlen-mitentscheiden\/","title":{"rendered":"Mitmachen. Mitw\u00e4hlen. Mitentscheiden."},"content":{"rendered":"<p>Im September steht f\u00fcr den VKD vieles im Zeichen der Ver\u00e4nderung: Die Mitglieder w\u00e4hlen ein neues Pr\u00e4sidium, der aktuelle Vorstand wird verabschiedet, und es wird \u00fcber eine m\u00f6gliche neue Satzung abgestimmt. Ob digital oder vor Ort \u2013 wer mitentscheiden m\u00f6chte, sollte die wichtigsten Termine und Fristen im Blick behalten. Hier kommt die \u00dcbersicht.<\/p>\n<blockquote><p><img decoding=\"async\" loading=\"lazy\" class=\"alignright wp-image-43412 size-thumbnail\" src=\"https:\/\/www.vkd.com\/wp-content\/uploads\/2025\/08\/Icon-Wahl-150x150.png\" alt=\"Icon Wahl\" width=\"150\" height=\"150\" \/><\/p>\n<h4 class=\"upcse\"><b><span data-contrast=\"auto\">VKD-Pr\u00e4sidiumswahl<\/span><\/b><\/h4>\n<p class=\"upcse\"><b><i><span data-contrast=\"auto\">5. September 2025<\/span><\/i><\/b><span data-ccp-props=\"{}\">\u00a0<\/span><\/p>\n<ul>\n<li><span data-contrast=\"auto\">Das virtuelle Wahllokal hat 24 Stunden ge\u00f6ffnet.\u00a0<\/span><span data-ccp-props=\"{}\">\u00a0<\/span><\/li>\n<li><span data-contrast=\"auto\">Die pers\u00f6nlichen Zugangsdaten zum Wahllokal haben stimmberechtigte Mitglieder im Juli per Post und\/oder E-Mail erhalten.\u00a0<\/span><span data-ccp-props=\"{}\">\u00a0<\/span><\/li>\n<li><span data-contrast=\"auto\">Mitglieder, die Briefwahl beantragt haben, haben ihre Unterlagen bis zum 30. August an die VKD-Gesch\u00e4ftsstelle gesendet.\u00a0<\/span><span data-ccp-props=\"{&quot;134233117&quot;:false,&quot;134233118&quot;:false,&quot;201341983&quot;:0,&quot;335551550&quot;:1,&quot;335551620&quot;:1,&quot;335559737&quot;:0,&quot;335559738&quot;:0,&quot;335559739&quot;:160,&quot;335559740&quot;:279}\">\u00a0<\/span><\/li>\n<li><span data-contrast=\"auto\"><a href=\"https:\/\/www.vkd.com\/news\/wahl-2025-kandidaten\/\">Zur Wahl stehen zwei Kandidaten<\/a>. Wichtig zu wissen: Der VKD bleibt bei einer Pr\u00e4sidiumswahl mit zwei Kandidaten voll handlungsf\u00e4hig. Gem\u00e4\u00df \u00a713 Nr. 1 der geltenden Satzung wird der Verband durch zwei Pr\u00e4sidiumsmitglieder gemeinschaftlich vertreten \u2013 sowohl gerichtlich als auch au\u00dfergerichtlich.<\/span><span data-ccp-props=\"{}\">\u00a0<\/span><\/li>\n<\/ul>\n<\/blockquote>\n<hr \/>\n<blockquote><p><img decoding=\"async\" loading=\"lazy\" class=\"alignright wp-image-43409 size-thumbnail\" src=\"https:\/\/www.vkd.com\/wp-content\/uploads\/2025\/08\/Icon-MV-150x150.png\" alt=\"Icon Mv\" width=\"150\" height=\"150\" \/><\/p>\n<h4 class=\"upcse\"><b><span data-contrast=\"auto\">22. Ordentliche Mitgliederversammlung<\/span><\/b><\/h4>\n<h5 class=\"upcse\"><b><i><span data-contrast=\"auto\">27. September 2025 | Beginn 10:30 Uhr<\/span><\/i><\/b><\/h5>\n<ul>\n<li>Ort der Veranstaltung: Scandic Hotel Museumsufer, Frankfurt am Main<\/li>\n<li>Wer in Pr\u00e4senz vor Ort teilnehmen m\u00f6chte, schickt bitte bis sp\u00e4testens 5. September seine Anmeldung per E-Mail an\u00a0<a href=\"mailto:felizitas.laun@vkd.com\">felizitas.laun@vkd.com.<\/a><\/li>\n<li>Die Veranstaltung wird via Stream \u00fcbertragen, sodass Mitglieder auch zuhause zuschauen k\u00f6nnen.<\/li>\n<li>Bei der MV werden der aktuelle Vorstand verabschiedet und das Ergebnis der Pr\u00e4sidiumswahl bekannt gegeben.\u00a0<span data-ccp-props=\"{}\">\u00a0<\/span><\/li>\n<\/ul>\n<\/blockquote>\n<hr \/>\n<blockquote><p><img decoding=\"async\" loading=\"lazy\" class=\"alignright wp-image-43411 size-thumbnail\" src=\"https:\/\/www.vkd.com\/wp-content\/uploads\/2025\/08\/Icon-Satzung-150x150.png\" alt=\"Icon Satzung\" width=\"150\" height=\"150\" \/><\/p>\n<h4 class=\"upcse\"><b><span data-contrast=\"auto\">Abstimmung zur Satzungs\u00e4nderung<\/span><\/b><\/h4>\n<h5 class=\"upcse\"><b><i><span data-contrast=\"auto\">27. September 2025 | TOP 10 der MV<\/span><\/i><\/b><span data-ccp-props=\"{}\">\u00a0(<a href=\"https:\/\/www.vkd.com\/wp-content\/uploads\/2025\/08\/Vorlaeufige-Tagesordnung-MV-2025_Stand-20250730.pdf\" target=\"_blank\" rel=\"noopener\">SIEHE TAGESORDNUNG<\/a>)<\/span><\/h5>\n<ul>\n<li><span data-contrast=\"auto\">Alle Abstimmungen im Rahmen der MV werden digital durchgef\u00fchrt \u2013 unabh\u00e4ngig davon, ob Mitglieder vor Ort sind oder den Stream verfolgen. Das gilt auch f\u00fcr den\u00a0<a href=\"https:\/\/www.vkd.com\/wp-content\/uploads\/2025\/07\/FINAL_VKD-Satzung_MV-09_25.pdf\" target=\"_blank\" rel=\"noopener\">gemeinsamen Antrag auf Satzungs\u00e4nderung<\/a>.<\/span><span data-ccp-props=\"{}\">\u00a0<\/span><\/li>\n<li><span data-contrast=\"auto\">Die Stimmabgabe ist ausschlie\u00dflich in einem kurzen Zeitfenster w\u00e4hrend der Veranstaltung m\u00f6glich und wird entsprechend anmoderiert.\u00a0\u00a0\u00a0<\/span><span data-ccp-props=\"{}\">\u00a0<\/span><\/li>\n<li><span data-contrast=\"auto\">Die Zugangsdaten zur Abstimmung sind identisch mit denen f\u00fcr die Pr\u00e4sidiumswahl. Wichtig: rechtzeitig bereithalten!<\/span><span data-ccp-props=\"{}\">\u00a0<\/span><\/li>\n<li><span data-contrast=\"auto\">Das Ergebnis der Abstimmung wird direkt im Anschluss bekannt gegeben. F\u00fcr eine Annahme des Antrags ist eine Zweidrittelmehrheit erforderlich.<\/span><span data-ccp-props=\"{}\">\u00a0<\/span><\/li>\n<\/ul>\n<\/blockquote>\n<hr \/>\n<blockquote><p><img decoding=\"async\" loading=\"lazy\" class=\"aligncenter wp-image-43413\" src=\"https:\/\/www.vkd.com\/wp-content\/uploads\/2025\/08\/Icon-Link-150x150.png\" alt=\"Icon Link\" width=\"100\" height=\"100\" \/><\/p>\n<p><strong>\u00a0Alle wichtigen Links \u2013 f\u00fcr das Wahllokal der Pr\u00e4sidiumswahl, das Abstimmungs-Tool f\u00fcr die Satzung oder den Stream der MV \u2013 gibt es unter<\/strong><\/p>\n<p><strong><a href=\"https:\/\/www.vkd.com\/mv-2025\">www.vkd.com\/mv-2025<\/a>.\u00a0\u00a0<\/strong><\/p><\/blockquote>\n<hr \/>\n<blockquote><p><img decoding=\"async\" loading=\"lazy\" class=\"alignright wp-image-43424 size-thumbnail\" src=\"https:\/\/www.vkd.com\/wp-content\/uploads\/2025\/08\/Icon-Pokal-gruen-150x150.png\" alt=\"Icon Pokal Gr\u00fcn\" width=\"150\" height=\"150\" \/><\/p>\n<p><b><span data-contrast=\"auto\">B\u00fchne frei f\u00fcr die Kochausbildung<\/span><\/b><span data-ccp-props=\"{}\">\u00a0<\/span><\/p>\n<p><span data-contrast=\"auto\">Im Anschluss an die Mitgliederversammlung sind alle VKD-Mitglieder herzlich eingeladen, an der\u00a0<\/span><a href=\"https:\/\/www.vkd.com\/laurentius\/\">Preisverleihung des Laurentius 2025<\/a><span data-contrast=\"auto\">\u00a0teilzunehmen \u2013 ebenfalls im Scandic Hotel. Der Abend beginnt um 17:30 Uhr mit einem Empfang, die feierliche Verleihung startet um 18:30 Uhr. Der anschlie\u00dfende Ausklang mit Buffet l\u00e4dt zum fachlichen Austausch und geselligen Beisammensein im Zeichen des Kochberufs ein. Anmeldungen bitte bis zum 5. September an\u00a0<\/span><a href=\"mailto:felizitas.laun@vkd.com\"><span data-contrast=\"none\">felizitas.laun@vkd.com.<\/span><\/a><span data-contrast=\"auto\">\u00a0\u00a0<\/span><span data-ccp-props=\"{&quot;134233117&quot;:false,&quot;134233118&quot;:false,&quot;201341983&quot;:0,&quot;335551550&quot;:1,&quot;335551620&quot;:1,&quot;335559685&quot;:0,&quot;335559737&quot;:0,&quot;335559738&quot;:0,&quot;335559739&quot;:160,&quot;335559740&quot;:279}\">\u00a0<\/span><\/p><\/blockquote>\n","protected":false},"excerpt":{"rendered":"<p>Im September steht f\u00fcr den VKD vieles im Zeichen der Ver\u00e4nderung: Die Mitglieder w\u00e4hlen ein neues Pr\u00e4sidium, der aktuelle Vorstand wird verabschiedet, und es wird \u00fcber eine m\u00f6gliche neue Satzung abgestimmt. Ob digital oder vor Ort \u2013 wer mitentscheiden m\u00f6chte, sollte die wichtigsten Termine und Fristen im Blick behalten. Hier kommt die \u00dcbersicht. VKD-Pr\u00e4sidiumswahl 5&#8230;.<\/p>\n","protected":false},"author":1955,"featured_media":1754,"comment_status":"closed","ping_status":"open","sticky":false,"template":"","format":"standard","meta":[],"categories":[1],"tags":[17,6,5,20,7,19,9,8,11],"yoast_head":"<!-- This site is optimized with the Yoast SEO plugin v20.0 - https:\/\/yoast.com\/wordpress\/plugins\/seo\/ -->\n<title>Mitmachen. Mitw\u00e4hlen. Mitentscheiden. - Landesverband der K\u00f6che Bayern<\/title>\n<meta name=\"robots\" content=\"noindex, follow, max-snippet:-1, max-image-preview:large, max-video-preview:-1\" \/>\n<meta property=\"og:locale\" content=\"de_DE\" \/>\n<meta property=\"og:type\" content=\"article\" \/>\n<meta property=\"og:title\" content=\"Mitmachen. Mitw\u00e4hlen. Mitentscheiden. - Landesverband der K\u00f6che Bayern\" \/>\n<meta property=\"og:description\" content=\"Im September steht f\u00fcr den VKD vieles im Zeichen der Ver\u00e4nderung: Die Mitglieder w\u00e4hlen ein neues Pr\u00e4sidium, der aktuelle Vorstand wird verabschiedet, und es wird \u00fcber eine m\u00f6gliche neue Satzung abgestimmt. Ob digital oder vor Ort \u2013 wer mitentscheiden m\u00f6chte, sollte die wichtigsten Termine und Fristen im Blick behalten. Hier kommt die \u00dcbersicht. VKD-Pr\u00e4sidiumswahl 5....\" \/>\n<meta property=\"og:url\" content=\"https:\/\/www.vkd.com\/lv-bayern\/news\/mitmachen-mitwaehlen-mitentscheiden\/\" \/>\n<meta property=\"og:site_name\" content=\"Landesverband der K\u00f6che Bayern\" \/>\n<meta property=\"article:published_time\" content=\"2025-08-14T07:43:35+00:00\" \/>\n<meta property=\"og:image\" content=\"https:\/\/www.vkd.com\/lv-bayern\/wp-content\/uploads\/sites\/14\/2025\/08\/Collagen-divers-Quer-18001200-9-1024x683-1.png\" \/>\n\t<meta property=\"og:image:width\" content=\"1024\" \/>\n\t<meta property=\"og:image:height\" content=\"683\" \/>\n\t<meta property=\"og:image:type\" content=\"image\/png\" \/>\n<meta name=\"author\" content=\"Kostadinov Alexander\" \/>\n<meta name=\"twitter:card\" content=\"summary_large_image\" \/>\n<meta name=\"twitter:label1\" content=\"Verfasst von\" \/>\n\t<meta name=\"twitter:data1\" content=\"Kostadinov Alexander\" \/>\n\t<meta name=\"twitter:label2\" content=\"Gesch\u00e4tzte Lesezeit\" \/>\n\t<meta name=\"twitter:data2\" content=\"4\u00a0Minuten\" \/>\n<script type=\"application\/ld+json\" class=\"yoast-schema-graph\">{\"@context\":\"https:\/\/schema.org\",\"@graph\":[{\"@type\":\"WebPage\",\"@id\":\"https:\/\/www.vkd.com\/lv-bayern\/news\/mitmachen-mitwaehlen-mitentscheiden\/\",\"url\":\"https:\/\/www.vkd.com\/lv-bayern\/news\/mitmachen-mitwaehlen-mitentscheiden\/\",\"name\":\"Mitmachen. Mitw\u00e4hlen. Mitentscheiden. - Landesverband der K\u00f6che Bayern\",\"isPartOf\":{\"@id\":\"https:\/\/www.vkd.com\/lv-bayern\/#website\"},\"datePublished\":\"2025-08-14T07:43:35+00:00\",\"dateModified\":\"2025-08-14T07:43:35+00:00\",\"author\":{\"@id\":\"https:\/\/www.vkd.com\/lv-bayern\/#\/schema\/person\/19c4bb106ca4de98c60e2cb5ac7f572f\"},\"breadcrumb\":{\"@id\":\"https:\/\/www.vkd.com\/lv-bayern\/news\/mitmachen-mitwaehlen-mitentscheiden\/#breadcrumb\"},\"inLanguage\":\"de\",\"potentialAction\":[{\"@type\":\"ReadAction\",\"target\":[\"https:\/\/www.vkd.com\/lv-bayern\/news\/mitmachen-mitwaehlen-mitentscheiden\/\"]}]},{\"@type\":\"BreadcrumbList\",\"@id\":\"https:\/\/www.vkd.com\/lv-bayern\/news\/mitmachen-mitwaehlen-mitentscheiden\/#breadcrumb\",\"itemListElement\":[{\"@type\":\"ListItem\",\"position\":1,\"name\":\"Startseite\",\"item\":\"https:\/\/www.vkd.com\/lv-bayern\/\"},{\"@type\":\"ListItem\",\"position\":2,\"name\":\"Mitmachen. Mitw\u00e4hlen. Mitentscheiden.\"}]},{\"@type\":\"WebSite\",\"@id\":\"https:\/\/www.vkd.com\/lv-bayern\/#website\",\"url\":\"https:\/\/www.vkd.com\/lv-bayern\/\",\"name\":\"Landesverband der K\u00f6che Bayern\",\"description\":\"Landesverband im Verband der K\u00f6che Deutschlands e.V.\",\"potentialAction\":[{\"@type\":\"SearchAction\",\"target\":{\"@type\":\"EntryPoint\",\"urlTemplate\":\"https:\/\/www.vkd.com\/lv-bayern\/?s={search_term_string}\"},\"query-input\":\"required name=search_term_string\"}],\"inLanguage\":\"de\"},{\"@type\":\"Person\",\"@id\":\"https:\/\/www.vkd.com\/lv-bayern\/#\/schema\/person\/19c4bb106ca4de98c60e2cb5ac7f572f\",\"name\":\"Kostadinov Alexander\",\"image\":{\"@type\":\"ImageObject\",\"inLanguage\":\"de\",\"@id\":\"https:\/\/www.vkd.com\/lv-bayern\/#\/schema\/person\/image\/\",\"url\":\"https:\/\/secure.gravatar.com\/avatar\/b0cb85e5c215fe1114e6d2404492358d?s=96&d=mm&r=g\",\"contentUrl\":\"https:\/\/secure.gravatar.com\/avatar\/b0cb85e5c215fe1114e6d2404492358d?s=96&d=mm&r=g\",\"caption\":\"Kostadinov Alexander\"},\"url\":\"https:\/\/www.vkd.com\/lv-bayern\/news\/author\/gentscher-jungentscher-de\/\"}]}<\/script>\n<!-- \/ Yoast SEO plugin. -->","yoast_head_json":{"title":"Mitmachen. Mitw\u00e4hlen. Mitentscheiden. - Landesverband der K\u00f6che Bayern","robots":{"index":"noindex","follow":"follow","max-snippet":"max-snippet:-1","max-image-preview":"max-image-preview:large","max-video-preview":"max-video-preview:-1"},"og_locale":"de_DE","og_type":"article","og_title":"Mitmachen. Mitw\u00e4hlen. Mitentscheiden. - Landesverband der K\u00f6che Bayern","og_description":"Im September steht f\u00fcr den VKD vieles im Zeichen der Ver\u00e4nderung: Die Mitglieder w\u00e4hlen ein neues Pr\u00e4sidium, der aktuelle Vorstand wird verabschiedet, und es wird \u00fcber eine m\u00f6gliche neue Satzung abgestimmt. Ob digital oder vor Ort \u2013 wer mitentscheiden m\u00f6chte, sollte die wichtigsten Termine und Fristen im Blick behalten. Hier kommt die \u00dcbersicht. VKD-Pr\u00e4sidiumswahl 5....","og_url":"https:\/\/www.vkd.com\/lv-bayern\/news\/mitmachen-mitwaehlen-mitentscheiden\/","og_site_name":"Landesverband der K\u00f6che Bayern","article_published_time":"2025-08-14T07:43:35+00:00","og_image":[{"width":1024,"height":683,"url":"https:\/\/www.vkd.com\/lv-bayern\/wp-content\/uploads\/sites\/14\/2025\/08\/Collagen-divers-Quer-18001200-9-1024x683-1.png","type":"image\/png"}],"author":"Kostadinov Alexander","twitter_card":"summary_large_image","twitter_misc":{"Verfasst von":"Kostadinov Alexander","Gesch\u00e4tzte Lesezeit":"4\u00a0Minuten"},"schema":{"@context":"https:\/\/schema.org","@graph":[{"@type":"WebPage","@id":"https:\/\/www.vkd.com\/lv-bayern\/news\/mitmachen-mitwaehlen-mitentscheiden\/","url":"https:\/\/www.vkd.com\/lv-bayern\/news\/mitmachen-mitwaehlen-mitentscheiden\/","name":"Mitmachen. Mitw\u00e4hlen. Mitentscheiden. - Landesverband der K\u00f6che Bayern","isPartOf":{"@id":"https:\/\/www.vkd.com\/lv-bayern\/#website"},"datePublished":"2025-08-14T07:43:35+00:00","dateModified":"2025-08-14T07:43:35+00:00","author":{"@id":"https:\/\/www.vkd.com\/lv-bayern\/#\/schema\/person\/19c4bb106ca4de98c60e2cb5ac7f572f"},"breadcrumb":{"@id":"https:\/\/www.vkd.com\/lv-bayern\/news\/mitmachen-mitwaehlen-mitentscheiden\/#breadcrumb"},"inLanguage":"de","potentialAction":[{"@type":"ReadAction","target":["https:\/\/www.vkd.com\/lv-bayern\/news\/mitmachen-mitwaehlen-mitentscheiden\/"]}]},{"@type":"BreadcrumbList","@id":"https:\/\/www.vkd.com\/lv-bayern\/news\/mitmachen-mitwaehlen-mitentscheiden\/#breadcrumb","itemListElement":[{"@type":"ListItem","position":1,"name":"Startseite","item":"https:\/\/www.vkd.com\/lv-bayern\/"},{"@type":"ListItem","position":2,"name":"Mitmachen. Mitw\u00e4hlen. Mitentscheiden."}]},{"@type":"WebSite","@id":"https:\/\/www.vkd.com\/lv-bayern\/#website","url":"https:\/\/www.vkd.com\/lv-bayern\/","name":"Landesverband der K\u00f6che Bayern","description":"Landesverband im Verband der K\u00f6che Deutschlands e.V.","potentialAction":[{"@type":"SearchAction","target":{"@type":"EntryPoint","urlTemplate":"https:\/\/www.vkd.com\/lv-bayern\/?s={search_term_string}"},"query-input":"required name=search_term_string"}],"inLanguage":"de"},{"@type":"Person","@id":"https:\/\/www.vkd.com\/lv-bayern\/#\/schema\/person\/19c4bb106ca4de98c60e2cb5ac7f572f","name":"Kostadinov Alexander","image":{"@type":"ImageObject","inLanguage":"de","@id":"https:\/\/www.vkd.com\/lv-bayern\/#\/schema\/person\/image\/","url":"https:\/\/secure.gravatar.com\/avatar\/b0cb85e5c215fe1114e6d2404492358d?s=96&d=mm&r=g","contentUrl":"https:\/\/secure.gravatar.com\/avatar\/b0cb85e5c215fe1114e6d2404492358d?s=96&d=mm&r=g","caption":"Kostadinov Alexander"},"url":"https:\/\/www.vkd.com\/lv-bayern\/news\/author\/gentscher-jungentscher-de\/"}]}},"_links":{"self":[{"href":"https:\/\/www.vkd.com\/lv-bayern\/wp-json\/wp\/v2\/posts\/1753"}],"collection":[{"href":"https:\/\/www.vkd.com\/lv-bayern\/wp-json\/wp\/v2\/posts"}],"about":[{"href":"https:\/\/www.vkd.com\/lv-bayern\/wp-json\/wp\/v2\/types\/post"}],"author":[{"embeddable":true,"href":"https:\/\/www.vkd.com\/lv-bayern\/wp-json\/wp\/v2\/users\/1955"}],"replies":[{"embeddable":true,"href":"https:\/\/www.vkd.com\/lv-bayern\/wp-json\/wp\/v2\/comments?post=1753"}],"version-history":[{"count":2,"href":"https:\/\/www.vkd.com\/lv-bayern\/wp-json\/wp\/v2\/posts\/1753\/revisions"}],"predecessor-version":[{"id":1756,"href":"https:\/\/www.vkd.com\/lv-bayern\/wp-json\/wp\/v2\/posts\/1753\/revisions\/1756"}],"wp:featuredmedia":[{"embeddable":true,"href":"https:\/\/www.vkd.com\/lv-bayern\/wp-json\/wp\/v2\/media\/1754"}],"wp:attachment":[{"href":"https:\/\/www.vkd.com\/lv-bayern\/wp-json\/wp\/v2\/media?parent=1753"}],"wp:term":[{"taxonomy":"category","embeddable":true,"href":"https:\/\/www.vkd.com\/lv-bayern\/wp-json\/wp\/v2\/categories?post=1753"},{"taxonomy":"post_tag","embeddable":true,"href":"https:\/\/www.vkd.com\/lv-bayern\/wp-json\/wp\/v2\/tags?post=1753"}],"curies":[{"name":"wp","href":"https:\/\/api.w.org\/{rel}","templated":true}]}}