{"id":1750,"date":"2025-08-12T09:37:40","date_gmt":"2025-08-12T07:37:40","guid":{"rendered":"https:\/\/www.vkd.com\/lv-bayern\/?p=1750"},"modified":"2025-08-12T09:37:40","modified_gmt":"2025-08-12T07:37:40","slug":"einladung-herbsttagung-des-landesverbands-der-koeche-bayern","status":"publish","type":"post","link":"https:\/\/www.vkd.com\/lv-bayern\/news\/einladung-herbsttagung-des-landesverbands-der-koeche-bayern\/","title":{"rendered":"EINLADUNG \u2013 HERBSTTAGUNG des Landesverbands der K\u00f6che Bayern"},"content":{"rendered":"<p><b>EINLADUNG \u2013 HERBSTTAGUNG<br \/>\ndes Landesverbands der K\u00f6che Bayern<\/b><\/p>\n<p><b>Sehr geehrte Damen und Herren, liebe Kolleginnen und Kollegen,<\/b><\/p>\n<p>als Landesverband der K\u00f6che Bayern laden wir Sie recht herzlich zur Herbst-Tagung 2025<br \/>\nvom 21. bis 23. November 2025 in das wundersch\u00f6ne Allg\u00e4u nach Fischen ein.<br \/>\nWir freuen uns auf zahlreiche Teilnehmer und bitten um verbindliche Anmeldung bis sp\u00e4testens 10. November 2025<br \/>\n\u00fcber den\u00a0<b>Anmeldelink \u2013 QR Code.<br \/>\n<\/b><\/p>\n<p><span class=\"h-huge\"><strong><a href=\"https:\/\/www.vkd.com\/lv-bayern\/wp-content\/uploads\/sites\/14\/2025\/08\/ProgrammTagungHerbst2025.pdf\" target=\"_blank\" rel=\"noopener\">DAS Programm<\/a><\/strong><\/span><\/p>\n<p><b>Wir bedanken uns sehr herzlich bei den Kolleginnen und Kollegen vom Verein der K\u00f6che Oberallg\u00e4u e.V.<br \/>\nf\u00fcr die Gastfreundschaft.<\/b><b><\/b><\/p>\n<p><b>Alle Zweigvereine sind herzlich eingeladen, sich aktiv an der Veranstaltung zu beteiligen. Wir bitten um fr\u00fchzeitige Anmeldung der Wortmeldungen, um eine optimale Planung der Tagung zu gew\u00e4hrleisten.\u00a0<\/b>Wir m\u00f6chten diese Gelegenheit nutzen, um gemeinsam mit Ihnen zu diskutieren und unseren Verband weiter zu st\u00e4rken.<br \/>\n<b>Nutzen Sie die Veranstaltung als Plattform f\u00fcr die Zukunft unseres Berufsstands und kommen Sie vorbei,<br \/>\nIhre Teilnahme ist von gro\u00dfer Bedeutung.<\/b><\/p>\n<p>Wir freuen uns auf Ihre Teilnahme und einen konstruktiven Austausch.<\/p>\n<p>Mit freundlichen Gr\u00fc\u00dfen<br \/>\n<b>Ihre Vorstandschaft<\/b><br \/>\n<b>Landesverband der K\u00f6che Bayern<\/b><\/p>\n","protected":false},"excerpt":{"rendered":"<p>EINLADUNG \u2013 HERBSTTAGUNG des Landesverbands der K\u00f6che Bayern Sehr geehrte Damen und Herren, liebe Kolleginnen und Kollegen, als Landesverband der K\u00f6che Bayern laden wir Sie recht herzlich zur Herbst-Tagung 2025 vom 21. bis 23. November 2025 in das wundersch\u00f6ne Allg\u00e4u nach Fischen ein. Wir freuen uns auf zahlreiche Teilnehmer und bitten um verbindliche Anmeldung bis&#8230;<\/p>\n","protected":false},"author":1955,"featured_media":1736,"comment_status":"closed","ping_status":"open","sticky":false,"template":"","format":"standard","meta":[],"categories":[1],"tags":[6,14,12,5,20,7,15,19,9,8,11],"yoast_head":"<!-- This site is optimized with the Yoast SEO plugin v20.0 - https:\/\/yoast.com\/wordpress\/plugins\/seo\/ -->\n<title>EINLADUNG \u2013 HERBSTTAGUNG des Landesverbands der K\u00f6che Bayern - Landesverband der K\u00f6che Bayern<\/title>\n<meta name=\"robots\" content=\"noindex, follow, max-snippet:-1, max-image-preview:large, max-video-preview:-1\" \/>\n<meta property=\"og:locale\" content=\"de_DE\" \/>\n<meta property=\"og:type\" content=\"article\" \/>\n<meta property=\"og:title\" content=\"EINLADUNG \u2013 HERBSTTAGUNG des Landesverbands der K\u00f6che Bayern - Landesverband der K\u00f6che Bayern\" \/>\n<meta property=\"og:description\" content=\"EINLADUNG \u2013 HERBSTTAGUNG des Landesverbands der K\u00f6che Bayern Sehr geehrte Damen und Herren, liebe Kolleginnen und Kollegen, als Landesverband der K\u00f6che Bayern laden wir Sie recht herzlich zur Herbst-Tagung 2025 vom 21. bis 23. November 2025 in das wundersch\u00f6ne Allg\u00e4u nach Fischen ein. Wir freuen uns auf zahlreiche Teilnehmer und bitten um verbindliche Anmeldung bis...\" \/>\n<meta property=\"og:url\" content=\"https:\/\/www.vkd.com\/lv-bayern\/news\/einladung-herbsttagung-des-landesverbands-der-koeche-bayern\/\" \/>\n<meta property=\"og:site_name\" content=\"Landesverband der K\u00f6che Bayern\" \/>\n<meta property=\"article:published_time\" content=\"2025-08-12T07:37:40+00:00\" \/>\n<meta property=\"og:image\" content=\"https:\/\/www.vkd.com\/lv-bayern\/wp-content\/uploads\/sites\/14\/2025\/08\/WhatsApp-Bild-2025-08-09-um-11.16.45_33034fd2.jpg\" \/>\n\t<meta property=\"og:image:width\" content=\"2048\" \/>\n\t<meta property=\"og:image:height\" content=\"2048\" \/>\n\t<meta property=\"og:image:type\" content=\"image\/jpeg\" \/>\n<meta name=\"author\" content=\"Kostadinov Alexander\" \/>\n<meta name=\"twitter:card\" content=\"summary_large_image\" \/>\n<meta name=\"twitter:label1\" content=\"Verfasst von\" \/>\n\t<meta name=\"twitter:data1\" content=\"Kostadinov Alexander\" \/>\n\t<meta name=\"twitter:label2\" content=\"Gesch\u00e4tzte Lesezeit\" \/>\n\t<meta name=\"twitter:data2\" content=\"1\u00a0Minute\" \/>\n<script type=\"application\/ld+json\" class=\"yoast-schema-graph\">{\"@context\":\"https:\/\/schema.org\",\"@graph\":[{\"@type\":\"WebPage\",\"@id\":\"https:\/\/www.vkd.com\/lv-bayern\/news\/einladung-herbsttagung-des-landesverbands-der-koeche-bayern\/\",\"url\":\"https:\/\/www.vkd.com\/lv-bayern\/news\/einladung-herbsttagung-des-landesverbands-der-koeche-bayern\/\",\"name\":\"EINLADUNG \u2013 HERBSTTAGUNG des Landesverbands der K\u00f6che Bayern - Landesverband der K\u00f6che Bayern\",\"isPartOf\":{\"@id\":\"https:\/\/www.vkd.com\/lv-bayern\/#website\"},\"datePublished\":\"2025-08-12T07:37:40+00:00\",\"dateModified\":\"2025-08-12T07:37:40+00:00\",\"author\":{\"@id\":\"https:\/\/www.vkd.com\/lv-bayern\/#\/schema\/person\/19c4bb106ca4de98c60e2cb5ac7f572f\"},\"breadcrumb\":{\"@id\":\"https:\/\/www.vkd.com\/lv-bayern\/news\/einladung-herbsttagung-des-landesverbands-der-koeche-bayern\/#breadcrumb\"},\"inLanguage\":\"de\",\"potentialAction\":[{\"@type\":\"ReadAction\",\"target\":[\"https:\/\/www.vkd.com\/lv-bayern\/news\/einladung-herbsttagung-des-landesverbands-der-koeche-bayern\/\"]}]},{\"@type\":\"BreadcrumbList\",\"@id\":\"https:\/\/www.vkd.com\/lv-bayern\/news\/einladung-herbsttagung-des-landesverbands-der-koeche-bayern\/#breadcrumb\",\"itemListElement\":[{\"@type\":\"ListItem\",\"position\":1,\"name\":\"Startseite\",\"item\":\"https:\/\/www.vkd.com\/lv-bayern\/\"},{\"@type\":\"ListItem\",\"position\":2,\"name\":\"EINLADUNG \u2013 HERBSTTAGUNG des Landesverbands der K\u00f6che Bayern\"}]},{\"@type\":\"WebSite\",\"@id\":\"https:\/\/www.vkd.com\/lv-bayern\/#website\",\"url\":\"https:\/\/www.vkd.com\/lv-bayern\/\",\"name\":\"Landesverband der K\u00f6che Bayern\",\"description\":\"Landesverband im Verband der K\u00f6che Deutschlands e.V.\",\"potentialAction\":[{\"@type\":\"SearchAction\",\"target\":{\"@type\":\"EntryPoint\",\"urlTemplate\":\"https:\/\/www.vkd.com\/lv-bayern\/?s={search_term_string}\"},\"query-input\":\"required name=search_term_string\"}],\"inLanguage\":\"de\"},{\"@type\":\"Person\",\"@id\":\"https:\/\/www.vkd.com\/lv-bayern\/#\/schema\/person\/19c4bb106ca4de98c60e2cb5ac7f572f\",\"name\":\"Kostadinov Alexander\",\"image\":{\"@type\":\"ImageObject\",\"inLanguage\":\"de\",\"@id\":\"https:\/\/www.vkd.com\/lv-bayern\/#\/schema\/person\/image\/\",\"url\":\"https:\/\/secure.gravatar.com\/avatar\/b0cb85e5c215fe1114e6d2404492358d?s=96&d=mm&r=g\",\"contentUrl\":\"https:\/\/secure.gravatar.com\/avatar\/b0cb85e5c215fe1114e6d2404492358d?s=96&d=mm&r=g\",\"caption\":\"Kostadinov Alexander\"},\"url\":\"https:\/\/www.vkd.com\/lv-bayern\/news\/author\/gentscher-jungentscher-de\/\"}]}<\/script>\n<!-- \/ Yoast SEO plugin. -->","yoast_head_json":{"title":"EINLADUNG \u2013 HERBSTTAGUNG des Landesverbands der K\u00f6che Bayern - Landesverband der K\u00f6che Bayern","robots":{"index":"noindex","follow":"follow","max-snippet":"max-snippet:-1","max-image-preview":"max-image-preview:large","max-video-preview":"max-video-preview:-1"},"og_locale":"de_DE","og_type":"article","og_title":"EINLADUNG \u2013 HERBSTTAGUNG des Landesverbands der K\u00f6che Bayern - Landesverband der K\u00f6che Bayern","og_description":"EINLADUNG \u2013 HERBSTTAGUNG des Landesverbands der K\u00f6che Bayern Sehr geehrte Damen und Herren, liebe Kolleginnen und Kollegen, als Landesverband der K\u00f6che Bayern laden wir Sie recht herzlich zur Herbst-Tagung 2025 vom 21. bis 23. November 2025 in das wundersch\u00f6ne Allg\u00e4u nach Fischen ein. Wir freuen uns auf zahlreiche Teilnehmer und bitten um verbindliche Anmeldung bis...","og_url":"https:\/\/www.vkd.com\/lv-bayern\/news\/einladung-herbsttagung-des-landesverbands-der-koeche-bayern\/","og_site_name":"Landesverband der K\u00f6che Bayern","article_published_time":"2025-08-12T07:37:40+00:00","og_image":[{"width":2048,"height":2048,"url":"https:\/\/www.vkd.com\/lv-bayern\/wp-content\/uploads\/sites\/14\/2025\/08\/WhatsApp-Bild-2025-08-09-um-11.16.45_33034fd2.jpg","type":"image\/jpeg"}],"author":"Kostadinov Alexander","twitter_card":"summary_large_image","twitter_misc":{"Verfasst von":"Kostadinov Alexander","Gesch\u00e4tzte Lesezeit":"1\u00a0Minute"},"schema":{"@context":"https:\/\/schema.org","@graph":[{"@type":"WebPage","@id":"https:\/\/www.vkd.com\/lv-bayern\/news\/einladung-herbsttagung-des-landesverbands-der-koeche-bayern\/","url":"https:\/\/www.vkd.com\/lv-bayern\/news\/einladung-herbsttagung-des-landesverbands-der-koeche-bayern\/","name":"EINLADUNG \u2013 HERBSTTAGUNG des Landesverbands der K\u00f6che Bayern - Landesverband der K\u00f6che Bayern","isPartOf":{"@id":"https:\/\/www.vkd.com\/lv-bayern\/#website"},"datePublished":"2025-08-12T07:37:40+00:00","dateModified":"2025-08-12T07:37:40+00:00","author":{"@id":"https:\/\/www.vkd.com\/lv-bayern\/#\/schema\/person\/19c4bb106ca4de98c60e2cb5ac7f572f"},"breadcrumb":{"@id":"https:\/\/www.vkd.com\/lv-bayern\/news\/einladung-herbsttagung-des-landesverbands-der-koeche-bayern\/#breadcrumb"},"inLanguage":"de","potentialAction":[{"@type":"ReadAction","target":["https:\/\/www.vkd.com\/lv-bayern\/news\/einladung-herbsttagung-des-landesverbands-der-koeche-bayern\/"]}]},{"@type":"BreadcrumbList","@id":"https:\/\/www.vkd.com\/lv-bayern\/news\/einladung-herbsttagung-des-landesverbands-der-koeche-bayern\/#breadcrumb","itemListElement":[{"@type":"ListItem","position":1,"name":"Startseite","item":"https:\/\/www.vkd.com\/lv-bayern\/"},{"@type":"ListItem","position":2,"name":"EINLADUNG \u2013 HERBSTTAGUNG des Landesverbands der K\u00f6che Bayern"}]},{"@type":"WebSite","@id":"https:\/\/www.vkd.com\/lv-bayern\/#website","url":"https:\/\/www.vkd.com\/lv-bayern\/","name":"Landesverband der K\u00f6che Bayern","description":"Landesverband im Verband der K\u00f6che Deutschlands e.V.","potentialAction":[{"@type":"SearchAction","target":{"@type":"EntryPoint","urlTemplate":"https:\/\/www.vkd.com\/lv-bayern\/?s={search_term_string}"},"query-input":"required name=search_term_string"}],"inLanguage":"de"},{"@type":"Person","@id":"https:\/\/www.vkd.com\/lv-bayern\/#\/schema\/person\/19c4bb106ca4de98c60e2cb5ac7f572f","name":"Kostadinov Alexander","image":{"@type":"ImageObject","inLanguage":"de","@id":"https:\/\/www.vkd.com\/lv-bayern\/#\/schema\/person\/image\/","url":"https:\/\/secure.gravatar.com\/avatar\/b0cb85e5c215fe1114e6d2404492358d?s=96&d=mm&r=g","contentUrl":"https:\/\/secure.gravatar.com\/avatar\/b0cb85e5c215fe1114e6d2404492358d?s=96&d=mm&r=g","caption":"Kostadinov Alexander"},"url":"https:\/\/www.vkd.com\/lv-bayern\/news\/author\/gentscher-jungentscher-de\/"}]}},"_links":{"self":[{"href":"https:\/\/www.vkd.com\/lv-bayern\/wp-json\/wp\/v2\/posts\/1750"}],"collection":[{"href":"https:\/\/www.vkd.com\/lv-bayern\/wp-json\/wp\/v2\/posts"}],"about":[{"href":"https:\/\/www.vkd.com\/lv-bayern\/wp-json\/wp\/v2\/types\/post"}],"author":[{"embeddable":true,"href":"https:\/\/www.vkd.com\/lv-bayern\/wp-json\/wp\/v2\/users\/1955"}],"replies":[{"embeddable":true,"href":"https:\/\/www.vkd.com\/lv-bayern\/wp-json\/wp\/v2\/comments?post=1750"}],"version-history":[{"count":1,"href":"https:\/\/www.vkd.com\/lv-bayern\/wp-json\/wp\/v2\/posts\/1750\/revisions"}],"predecessor-version":[{"id":1751,"href":"https:\/\/www.vkd.com\/lv-bayern\/wp-json\/wp\/v2\/posts\/1750\/revisions\/1751"}],"wp:featuredmedia":[{"embeddable":true,"href":"https:\/\/www.vkd.com\/lv-bayern\/wp-json\/wp\/v2\/media\/1736"}],"wp:attachment":[{"href":"https:\/\/www.vkd.com\/lv-bayern\/wp-json\/wp\/v2\/media?parent=1750"}],"wp:term":[{"taxonomy":"category","embeddable":true,"href":"https:\/\/www.vkd.com\/lv-bayern\/wp-json\/wp\/v2\/categories?post=1750"},{"taxonomy":"post_tag","embeddable":true,"href":"https:\/\/www.vkd.com\/lv-bayern\/wp-json\/wp\/v2\/tags?post=1750"}],"curies":[{"name":"wp","href":"https:\/\/api.w.org\/{rel}","templated":true}]}}