{"id":1745,"date":"2025-08-12T09:35:35","date_gmt":"2025-08-12T07:35:35","guid":{"rendered":"https:\/\/www.vkd.com\/lv-bayern\/?p=1745"},"modified":"2025-08-16T10:02:26","modified_gmt":"2025-08-16T08:02:26","slug":"zu-besuch-beim-kollegen-einblicke-austausch-starke-botschaften","status":"publish","type":"post","link":"https:\/\/www.vkd.com\/lv-bayern\/news\/zu-besuch-beim-kollegen-einblicke-austausch-starke-botschaften\/","title":{"rendered":"&#8222;Zu Besuch beim Kollegen \u2013 Einblicke, Austausch &amp; starke Botschaften&#8220;"},"content":{"rendered":"<p data-start=\"152\" data-end=\"499\"><br data-start=\"166\" data-end=\"169\" \/>In diesem Blog besuchen wir einen Kollegen und werfen einen Blick in seinen Berufsalltag.<\/p>\n<p><strong>Mit dabei<\/strong>: der 1. Vorsitzende Ralf B. Meneghini, der sich pers\u00f6nlich ein Bild vor Ort macht. Gemeinsam sprechen Sie \u00fcber Herausforderungen, Erfolge und warum der Beruf nicht nur wichtig, sondern auch zukunftssicher und erf\u00fcllend ist.<\/p>\n<p data-start=\"645\" data-end=\"833\">Echte Emotionen und eine klare Botschaft:<br \/>\n<strong data-start=\"807\" data-end=\"833\">Der Beruf hat Zukunft!<\/strong><\/p>\n<div style=\"width: 478px;\" class=\"wp-video\"><!--[if lt IE 9]><script>document.createElement('video');<\/script><![endif]-->\n<video class=\"wp-video-shortcode\" id=\"video-1745-1\" width=\"478\" height=\"850\" preload=\"metadata\" controls=\"controls\"><source type=\"video\/mp4\" src=\"https:\/\/www.vkd.com\/lv-bayern\/wp-content\/uploads\/sites\/14\/2025\/08\/WhatsApp-Video-2025-08-11-um-08.32.51_9e867c43.mp4?_=1\" \/><a href=\"https:\/\/www.vkd.com\/lv-bayern\/wp-content\/uploads\/sites\/14\/2025\/08\/WhatsApp-Video-2025-08-11-um-08.32.51_9e867c43.mp4\">https:\/\/www.vkd.com\/lv-bayern\/wp-content\/uploads\/sites\/14\/2025\/08\/WhatsApp-Video-2025-08-11-um-08.32.51_9e867c43.mp4<\/a><\/video><\/div>\n","protected":false},"excerpt":{"rendered":"<p>In diesem Blog besuchen wir einen Kollegen und werfen einen Blick in seinen Berufsalltag. Mit dabei: der 1. Vorsitzende Ralf B. Meneghini, der sich pers\u00f6nlich ein Bild vor Ort macht. Gemeinsam sprechen Sie \u00fcber Herausforderungen, Erfolge und warum der Beruf nicht nur wichtig, sondern auch zukunftssicher und erf\u00fcllend ist. Echte Emotionen und eine klare Botschaft:&#8230;<\/p>\n","protected":false},"author":1955,"featured_media":1769,"comment_status":"closed","ping_status":"open","sticky":false,"template":"","format":"standard","meta":[],"categories":[1],"tags":[5,20,7,19,9,8],"yoast_head":"<!-- This site is optimized with the Yoast SEO plugin v20.0 - https:\/\/yoast.com\/wordpress\/plugins\/seo\/ -->\n<title>&quot;Zu Besuch beim Kollegen \u2013 Einblicke, Austausch &amp; starke Botschaften&quot; - Landesverband der K\u00f6che Bayern<\/title>\n<meta name=\"robots\" content=\"noindex, follow, max-snippet:-1, max-image-preview:large, max-video-preview:-1\" \/>\n<meta property=\"og:locale\" content=\"de_DE\" \/>\n<meta property=\"og:type\" content=\"article\" \/>\n<meta property=\"og:title\" content=\"&quot;Zu Besuch beim Kollegen \u2013 Einblicke, Austausch &amp; starke Botschaften&quot; - Landesverband der K\u00f6che Bayern\" \/>\n<meta property=\"og:description\" content=\"In diesem Blog besuchen wir einen Kollegen und werfen einen Blick in seinen Berufsalltag. Mit dabei: der 1. Vorsitzende Ralf B. Meneghini, der sich pers\u00f6nlich ein Bild vor Ort macht. Gemeinsam sprechen Sie \u00fcber Herausforderungen, Erfolge und warum der Beruf nicht nur wichtig, sondern auch zukunftssicher und erf\u00fcllend ist. Echte Emotionen und eine klare Botschaft:...\" \/>\n<meta property=\"og:url\" content=\"https:\/\/www.vkd.com\/lv-bayern\/news\/zu-besuch-beim-kollegen-einblicke-austausch-starke-botschaften\/\" \/>\n<meta property=\"og:site_name\" content=\"Landesverband der K\u00f6che Bayern\" \/>\n<meta property=\"article:published_time\" content=\"2025-08-12T07:35:35+00:00\" \/>\n<meta property=\"article:modified_time\" content=\"2025-08-16T08:02:26+00:00\" \/>\n<meta property=\"og:image\" content=\"https:\/\/www.vkd.com\/lv-bayern\/wp-content\/uploads\/sites\/14\/2025\/08\/WhatsApp-Bild-2025-08-14-um-10.32.23_acb52b58.jpg\" \/>\n\t<meta property=\"og:image:width\" content=\"567\" \/>\n\t<meta property=\"og:image:height\" content=\"708\" \/>\n\t<meta property=\"og:image:type\" content=\"image\/jpeg\" \/>\n<meta name=\"author\" content=\"Kostadinov Alexander\" \/>\n<meta name=\"twitter:card\" content=\"summary_large_image\" \/>\n<meta name=\"twitter:label1\" content=\"Verfasst von\" \/>\n\t<meta name=\"twitter:data1\" content=\"Kostadinov Alexander\" \/>\n\t<meta name=\"twitter:label2\" content=\"Gesch\u00e4tzte Lesezeit\" \/>\n\t<meta name=\"twitter:data2\" content=\"1\u00a0Minute\" \/>\n<script type=\"application\/ld+json\" class=\"yoast-schema-graph\">{\"@context\":\"https:\/\/schema.org\",\"@graph\":[{\"@type\":\"WebPage\",\"@id\":\"https:\/\/www.vkd.com\/lv-bayern\/news\/zu-besuch-beim-kollegen-einblicke-austausch-starke-botschaften\/\",\"url\":\"https:\/\/www.vkd.com\/lv-bayern\/news\/zu-besuch-beim-kollegen-einblicke-austausch-starke-botschaften\/\",\"name\":\"\\\"Zu Besuch beim Kollegen \u2013 Einblicke, Austausch &amp; starke Botschaften\\\" - Landesverband der K\u00f6che Bayern\",\"isPartOf\":{\"@id\":\"https:\/\/www.vkd.com\/lv-bayern\/#website\"},\"datePublished\":\"2025-08-12T07:35:35+00:00\",\"dateModified\":\"2025-08-16T08:02:26+00:00\",\"author\":{\"@id\":\"https:\/\/www.vkd.com\/lv-bayern\/#\/schema\/person\/19c4bb106ca4de98c60e2cb5ac7f572f\"},\"breadcrumb\":{\"@id\":\"https:\/\/www.vkd.com\/lv-bayern\/news\/zu-besuch-beim-kollegen-einblicke-austausch-starke-botschaften\/#breadcrumb\"},\"inLanguage\":\"de\",\"potentialAction\":[{\"@type\":\"ReadAction\",\"target\":[\"https:\/\/www.vkd.com\/lv-bayern\/news\/zu-besuch-beim-kollegen-einblicke-austausch-starke-botschaften\/\"]}]},{\"@type\":\"BreadcrumbList\",\"@id\":\"https:\/\/www.vkd.com\/lv-bayern\/news\/zu-besuch-beim-kollegen-einblicke-austausch-starke-botschaften\/#breadcrumb\",\"itemListElement\":[{\"@type\":\"ListItem\",\"position\":1,\"name\":\"Startseite\",\"item\":\"https:\/\/www.vkd.com\/lv-bayern\/\"},{\"@type\":\"ListItem\",\"position\":2,\"name\":\"&#8222;Zu Besuch beim Kollegen \u2013 Einblicke, Austausch &amp; starke Botschaften&#8220;\"}]},{\"@type\":\"WebSite\",\"@id\":\"https:\/\/www.vkd.com\/lv-bayern\/#website\",\"url\":\"https:\/\/www.vkd.com\/lv-bayern\/\",\"name\":\"Landesverband der K\u00f6che Bayern\",\"description\":\"Landesverband im Verband der K\u00f6che Deutschlands e.V.\",\"potentialAction\":[{\"@type\":\"SearchAction\",\"target\":{\"@type\":\"EntryPoint\",\"urlTemplate\":\"https:\/\/www.vkd.com\/lv-bayern\/?s={search_term_string}\"},\"query-input\":\"required name=search_term_string\"}],\"inLanguage\":\"de\"},{\"@type\":\"Person\",\"@id\":\"https:\/\/www.vkd.com\/lv-bayern\/#\/schema\/person\/19c4bb106ca4de98c60e2cb5ac7f572f\",\"name\":\"Kostadinov Alexander\",\"image\":{\"@type\":\"ImageObject\",\"inLanguage\":\"de\",\"@id\":\"https:\/\/www.vkd.com\/lv-bayern\/#\/schema\/person\/image\/\",\"url\":\"https:\/\/secure.gravatar.com\/avatar\/b0cb85e5c215fe1114e6d2404492358d?s=96&d=mm&r=g\",\"contentUrl\":\"https:\/\/secure.gravatar.com\/avatar\/b0cb85e5c215fe1114e6d2404492358d?s=96&d=mm&r=g\",\"caption\":\"Kostadinov Alexander\"},\"url\":\"https:\/\/www.vkd.com\/lv-bayern\/news\/author\/gentscher-jungentscher-de\/\"}]}<\/script>\n<!-- \/ Yoast SEO plugin. -->","yoast_head_json":{"title":"\"Zu Besuch beim Kollegen \u2013 Einblicke, Austausch &amp; starke Botschaften\" - Landesverband der K\u00f6che Bayern","robots":{"index":"noindex","follow":"follow","max-snippet":"max-snippet:-1","max-image-preview":"max-image-preview:large","max-video-preview":"max-video-preview:-1"},"og_locale":"de_DE","og_type":"article","og_title":"\"Zu Besuch beim Kollegen \u2013 Einblicke, Austausch &amp; starke Botschaften\" - Landesverband der K\u00f6che Bayern","og_description":"In diesem Blog besuchen wir einen Kollegen und werfen einen Blick in seinen Berufsalltag. Mit dabei: der 1. Vorsitzende Ralf B. Meneghini, der sich pers\u00f6nlich ein Bild vor Ort macht. Gemeinsam sprechen Sie \u00fcber Herausforderungen, Erfolge und warum der Beruf nicht nur wichtig, sondern auch zukunftssicher und erf\u00fcllend ist. Echte Emotionen und eine klare Botschaft:...","og_url":"https:\/\/www.vkd.com\/lv-bayern\/news\/zu-besuch-beim-kollegen-einblicke-austausch-starke-botschaften\/","og_site_name":"Landesverband der K\u00f6che Bayern","article_published_time":"2025-08-12T07:35:35+00:00","article_modified_time":"2025-08-16T08:02:26+00:00","og_image":[{"width":567,"height":708,"url":"https:\/\/www.vkd.com\/lv-bayern\/wp-content\/uploads\/sites\/14\/2025\/08\/WhatsApp-Bild-2025-08-14-um-10.32.23_acb52b58.jpg","type":"image\/jpeg"}],"author":"Kostadinov Alexander","twitter_card":"summary_large_image","twitter_misc":{"Verfasst von":"Kostadinov Alexander","Gesch\u00e4tzte Lesezeit":"1\u00a0Minute"},"schema":{"@context":"https:\/\/schema.org","@graph":[{"@type":"WebPage","@id":"https:\/\/www.vkd.com\/lv-bayern\/news\/zu-besuch-beim-kollegen-einblicke-austausch-starke-botschaften\/","url":"https:\/\/www.vkd.com\/lv-bayern\/news\/zu-besuch-beim-kollegen-einblicke-austausch-starke-botschaften\/","name":"\"Zu Besuch beim Kollegen \u2013 Einblicke, Austausch &amp; starke Botschaften\" - Landesverband der K\u00f6che Bayern","isPartOf":{"@id":"https:\/\/www.vkd.com\/lv-bayern\/#website"},"datePublished":"2025-08-12T07:35:35+00:00","dateModified":"2025-08-16T08:02:26+00:00","author":{"@id":"https:\/\/www.vkd.com\/lv-bayern\/#\/schema\/person\/19c4bb106ca4de98c60e2cb5ac7f572f"},"breadcrumb":{"@id":"https:\/\/www.vkd.com\/lv-bayern\/news\/zu-besuch-beim-kollegen-einblicke-austausch-starke-botschaften\/#breadcrumb"},"inLanguage":"de","potentialAction":[{"@type":"ReadAction","target":["https:\/\/www.vkd.com\/lv-bayern\/news\/zu-besuch-beim-kollegen-einblicke-austausch-starke-botschaften\/"]}]},{"@type":"BreadcrumbList","@id":"https:\/\/www.vkd.com\/lv-bayern\/news\/zu-besuch-beim-kollegen-einblicke-austausch-starke-botschaften\/#breadcrumb","itemListElement":[{"@type":"ListItem","position":1,"name":"Startseite","item":"https:\/\/www.vkd.com\/lv-bayern\/"},{"@type":"ListItem","position":2,"name":"&#8222;Zu Besuch beim Kollegen \u2013 Einblicke, Austausch &amp; starke Botschaften&#8220;"}]},{"@type":"WebSite","@id":"https:\/\/www.vkd.com\/lv-bayern\/#website","url":"https:\/\/www.vkd.com\/lv-bayern\/","name":"Landesverband der K\u00f6che Bayern","description":"Landesverband im Verband der K\u00f6che Deutschlands e.V.","potentialAction":[{"@type":"SearchAction","target":{"@type":"EntryPoint","urlTemplate":"https:\/\/www.vkd.com\/lv-bayern\/?s={search_term_string}"},"query-input":"required name=search_term_string"}],"inLanguage":"de"},{"@type":"Person","@id":"https:\/\/www.vkd.com\/lv-bayern\/#\/schema\/person\/19c4bb106ca4de98c60e2cb5ac7f572f","name":"Kostadinov Alexander","image":{"@type":"ImageObject","inLanguage":"de","@id":"https:\/\/www.vkd.com\/lv-bayern\/#\/schema\/person\/image\/","url":"https:\/\/secure.gravatar.com\/avatar\/b0cb85e5c215fe1114e6d2404492358d?s=96&d=mm&r=g","contentUrl":"https:\/\/secure.gravatar.com\/avatar\/b0cb85e5c215fe1114e6d2404492358d?s=96&d=mm&r=g","caption":"Kostadinov Alexander"},"url":"https:\/\/www.vkd.com\/lv-bayern\/news\/author\/gentscher-jungentscher-de\/"}]}},"_links":{"self":[{"href":"https:\/\/www.vkd.com\/lv-bayern\/wp-json\/wp\/v2\/posts\/1745"}],"collection":[{"href":"https:\/\/www.vkd.com\/lv-bayern\/wp-json\/wp\/v2\/posts"}],"about":[{"href":"https:\/\/www.vkd.com\/lv-bayern\/wp-json\/wp\/v2\/types\/post"}],"author":[{"embeddable":true,"href":"https:\/\/www.vkd.com\/lv-bayern\/wp-json\/wp\/v2\/users\/1955"}],"replies":[{"embeddable":true,"href":"https:\/\/www.vkd.com\/lv-bayern\/wp-json\/wp\/v2\/comments?post=1745"}],"version-history":[{"count":3,"href":"https:\/\/www.vkd.com\/lv-bayern\/wp-json\/wp\/v2\/posts\/1745\/revisions"}],"predecessor-version":[{"id":1768,"href":"https:\/\/www.vkd.com\/lv-bayern\/wp-json\/wp\/v2\/posts\/1745\/revisions\/1768"}],"wp:featuredmedia":[{"embeddable":true,"href":"https:\/\/www.vkd.com\/lv-bayern\/wp-json\/wp\/v2\/media\/1769"}],"wp:attachment":[{"href":"https:\/\/www.vkd.com\/lv-bayern\/wp-json\/wp\/v2\/media?parent=1745"}],"wp:term":[{"taxonomy":"category","embeddable":true,"href":"https:\/\/www.vkd.com\/lv-bayern\/wp-json\/wp\/v2\/categories?post=1745"},{"taxonomy":"post_tag","embeddable":true,"href":"https:\/\/www.vkd.com\/lv-bayern\/wp-json\/wp\/v2\/tags?post=1745"}],"curies":[{"name":"wp","href":"https:\/\/api.w.org\/{rel}","templated":true}]}}