{"id":1696,"date":"2025-08-08T14:17:53","date_gmt":"2025-08-08T12:17:53","guid":{"rendered":"https:\/\/www.vkd.com\/lv-bayern\/?p=1696"},"modified":"2025-08-08T14:17:53","modified_gmt":"2025-08-08T12:17:53","slug":"11-laurentiustag-in-amberg","status":"publish","type":"post","link":"https:\/\/www.vkd.com\/lv-bayern\/news\/11-laurentiustag-in-amberg\/","title":{"rendered":"11. Laurentiustag in Amberg"},"content":{"rendered":"<p><strong>11. Laurentiustag in Amberg \u2013 Ein Fest der Gemeinschaft und des Schutzpatrons der K\u00f6che<\/strong><\/p>\n<p>Amberg, \u2013 Zum elften Mal wurde in Amberg der Laurentiustag zu Ehren des Schutzpatrons der K\u00f6che gefeiert. Das Fest, das dieses Jahr wieder zahlreiche K\u00fcchenprofis, Gastronomen und Kochbegeisterte aus der Region zusammenbrachte, stand ganz im Zeichen von Tradition, Gemeinschaft und Leidenschaft f\u00fcr die Kochkunst.<\/p>\n<p>Organisiert wurde der 11. Laurentiustag von Michaela Fr\u00f6hler von den Amberger K\u00f6chen. Ihr und ihrem engagierten Team gilt ein besonderer Dank f\u00fcr die hervorragende Organisation und das gro\u00dfe Engagement, das dieses Fest zu einem besonderen Erlebnis gemacht hat.<\/p>\n<p>\u201eEs ist immer wieder sch\u00f6n, den Laurentiustag hier in Amberg zu feiern und die Werte unseres Schutzpatrons lebendig werden zu lassen\u201c, sagte Michaela Fr\u00f6hler. \u201eUnser Team hat viel Herzblut in die Planung und Durchf\u00fchrung gesteckt, um ein Fest zu schaffen, das die Bedeutung der Gastronomie und die Gemeinschaft der K\u00f6che w\u00fcrdigt.\u201c<\/p>\n<p>Der Laurentiustag erinnert an die Werte von Mut, Hingabe und Leidenschaft, die auch heute noch die Grundlage f\u00fcr eine erfolgreiche und kreative Kochkunst bilden. Das Fest in Amberg ist eine sch\u00f6ne Gelegenheit, diese Werte zu feiern und die Verbindung zwischen Tradition und Innovation zu st\u00e4rken.<\/p>\n<p>Der Veranstalter bedankt sich herzlich bei allen Teilnehmern und Unterst\u00fctzern f\u00fcr ein gelungenes Fest und freut sich bereits auf den n\u00e4chsten Laurentiustag in Amberg.<\/p>\n\n<div id=\"gallery-1699\" class=\"vkdgal-gallery-wrap gallery-grid \">\n    <div class=\"col-md-12\">\n        <div class=\"row\">\n            <div class=\"gal\" data-featherlight-gallery style=\"display: grid; grid-template-columns: repeat(3, 1fr); grid-column-gap: 10px;\">\n                                    <div class=\"item\">\n                        <a href=\"https:\/\/www.vkd.com\/lv-bayern\/wp-content\/uploads\/sites\/14\/2025\/08\/IMG-20250807-WA0029-768x1024.jpg\" title=\"Img 20250807 Wa0029\">\n                            <img class=\"img-full\" src=\"https:\/\/www.vkd.com\/lv-bayern\/wp-content\/uploads\/sites\/14\/2025\/08\/IMG-20250807-WA0029-768x1024.jpg\" title=\"Galerie bei Bild 1 \u00f6ffnen\" alt=\"Img 20250807 Wa0029\"\/>\n                        <\/a>\n                    <\/div>\n                                    <div class=\"item\">\n                        <a href=\"https:\/\/www.vkd.com\/lv-bayern\/wp-content\/uploads\/sites\/14\/2025\/08\/IMG-20250807-WA0030-768x1024.jpg\" title=\"Img 20250807 Wa0030\">\n                            <img class=\"img-full\" src=\"https:\/\/www.vkd.com\/lv-bayern\/wp-content\/uploads\/sites\/14\/2025\/08\/IMG-20250807-WA0030-768x1024.jpg\" title=\"Galerie bei Bild 2 \u00f6ffnen\" alt=\"Img 20250807 Wa0030\"\/>\n                        <\/a>\n                    <\/div>\n                                    <div class=\"item\">\n                        <a href=\"https:\/\/www.vkd.com\/lv-bayern\/wp-content\/uploads\/sites\/14\/2025\/08\/IMG-20250807-WA0031-1024x768.jpg\" title=\"Img 20250807 Wa0031\">\n                            <img class=\"img-full\" src=\"https:\/\/www.vkd.com\/lv-bayern\/wp-content\/uploads\/sites\/14\/2025\/08\/IMG-20250807-WA0031-1024x768.jpg\" title=\"Galerie bei Bild 3 \u00f6ffnen\" alt=\"Img 20250807 Wa0031\"\/>\n                        <\/a>\n                    <\/div>\n                                    <div class=\"item\">\n                        <a href=\"https:\/\/www.vkd.com\/lv-bayern\/wp-content\/uploads\/sites\/14\/2025\/08\/IMG-20250807-WA0032-768x1024.jpg\" title=\"Img 20250807 Wa0032\">\n                            <img class=\"img-full\" src=\"https:\/\/www.vkd.com\/lv-bayern\/wp-content\/uploads\/sites\/14\/2025\/08\/IMG-20250807-WA0032-768x1024.jpg\" title=\"Galerie bei Bild 4 \u00f6ffnen\" alt=\"Img 20250807 Wa0032\"\/>\n                        <\/a>\n                    <\/div>\n                                    <div class=\"item\">\n                        <a href=\"https:\/\/www.vkd.com\/lv-bayern\/wp-content\/uploads\/sites\/14\/2025\/08\/IMG-20250807-WA0033-768x1024.jpg\" title=\"Img 20250807 Wa0033\">\n                            <img class=\"img-full\" src=\"https:\/\/www.vkd.com\/lv-bayern\/wp-content\/uploads\/sites\/14\/2025\/08\/IMG-20250807-WA0033-768x1024.jpg\" title=\"Galerie bei Bild 5 \u00f6ffnen\" alt=\"Img 20250807 Wa0033\"\/>\n                        <\/a>\n                    <\/div>\n                                    <div class=\"item\">\n                        <a href=\"https:\/\/www.vkd.com\/lv-bayern\/wp-content\/uploads\/sites\/14\/2025\/08\/IMG-20250807-WA0034-1024x768.jpg\" title=\"Img 20250807 Wa0034\">\n                            <img class=\"img-full\" src=\"https:\/\/www.vkd.com\/lv-bayern\/wp-content\/uploads\/sites\/14\/2025\/08\/IMG-20250807-WA0034-1024x768.jpg\" title=\"Galerie bei Bild 6 \u00f6ffnen\" alt=\"Img 20250807 Wa0034\"\/>\n                        <\/a>\n                    <\/div>\n                                    <div class=\"item\">\n                        <a href=\"https:\/\/www.vkd.com\/lv-bayern\/wp-content\/uploads\/sites\/14\/2025\/08\/IMG-20250807-WA0035-1024x768.jpg\" title=\"Img 20250807 Wa0035\">\n                            <img class=\"img-full\" src=\"https:\/\/www.vkd.com\/lv-bayern\/wp-content\/uploads\/sites\/14\/2025\/08\/IMG-20250807-WA0035-1024x768.jpg\" title=\"Galerie bei Bild 7 \u00f6ffnen\" alt=\"Img 20250807 Wa0035\"\/>\n                        <\/a>\n                    <\/div>\n                                    <div class=\"item\">\n                        <a href=\"https:\/\/www.vkd.com\/lv-bayern\/wp-content\/uploads\/sites\/14\/2025\/08\/IMG-20250807-WA0036-768x1024.jpg\" title=\"Img 20250807 Wa0036\">\n                            <img class=\"img-full\" src=\"https:\/\/www.vkd.com\/lv-bayern\/wp-content\/uploads\/sites\/14\/2025\/08\/IMG-20250807-WA0036-768x1024.jpg\" title=\"Galerie bei Bild 8 \u00f6ffnen\" alt=\"Img 20250807 Wa0036\"\/>\n                        <\/a>\n                    <\/div>\n                                    <div class=\"item\">\n                        <a href=\"https:\/\/www.vkd.com\/lv-bayern\/wp-content\/uploads\/sites\/14\/2025\/08\/IMG-20250807-WA0037-768x1024.jpg\" title=\"Img 20250807 Wa0037\">\n                            <img class=\"img-full\" src=\"https:\/\/www.vkd.com\/lv-bayern\/wp-content\/uploads\/sites\/14\/2025\/08\/IMG-20250807-WA0037-768x1024.jpg\" title=\"Galerie bei Bild 9 \u00f6ffnen\" alt=\"Img 20250807 Wa0037\"\/>\n                        <\/a>\n                    <\/div>\n                                    <div class=\"item\">\n                        <a href=\"https:\/\/www.vkd.com\/lv-bayern\/wp-content\/uploads\/sites\/14\/2025\/08\/IMG-20250807-WA0038-768x1024.jpg\" title=\"Img 20250807 Wa0038\">\n                            <img class=\"img-full\" src=\"https:\/\/www.vkd.com\/lv-bayern\/wp-content\/uploads\/sites\/14\/2025\/08\/IMG-20250807-WA0038-768x1024.jpg\" title=\"Galerie bei Bild 10 \u00f6ffnen\" alt=\"Img 20250807 Wa0038\"\/>\n                        <\/a>\n                    <\/div>\n                                    <div class=\"item\">\n                        <a href=\"https:\/\/www.vkd.com\/lv-bayern\/wp-content\/uploads\/sites\/14\/2025\/08\/IMG-20250807-WA0039-768x1024.jpg\" title=\"Img 20250807 Wa0039\">\n                            <img class=\"img-full\" src=\"https:\/\/www.vkd.com\/lv-bayern\/wp-content\/uploads\/sites\/14\/2025\/08\/IMG-20250807-WA0039-768x1024.jpg\" title=\"Galerie bei Bild 11 \u00f6ffnen\" alt=\"Img 20250807 Wa0039\"\/>\n                        <\/a>\n                    <\/div>\n                                    <div class=\"item\">\n                        <a href=\"https:\/\/www.vkd.com\/lv-bayern\/wp-content\/uploads\/sites\/14\/2025\/08\/IMG-20250807-WA0040-768x1024.jpg\" title=\"Img 20250807 Wa0040\">\n                            <img class=\"img-full\" src=\"https:\/\/www.vkd.com\/lv-bayern\/wp-content\/uploads\/sites\/14\/2025\/08\/IMG-20250807-WA0040-768x1024.jpg\" title=\"Galerie bei Bild 12 \u00f6ffnen\" alt=\"Img 20250807 Wa0040\"\/>\n                        <\/a>\n                    <\/div>\n                                    <div class=\"item\">\n                        <a href=\"https:\/\/www.vkd.com\/lv-bayern\/wp-content\/uploads\/sites\/14\/2025\/08\/IMG-20250807-WA0041-768x1024.jpg\" title=\"Img 20250807 Wa0041\">\n                            <img class=\"img-full\" src=\"https:\/\/www.vkd.com\/lv-bayern\/wp-content\/uploads\/sites\/14\/2025\/08\/IMG-20250807-WA0041-768x1024.jpg\" title=\"Galerie bei Bild 13 \u00f6ffnen\" alt=\"Img 20250807 Wa0041\"\/>\n                        <\/a>\n                    <\/div>\n                                    <div class=\"item\">\n                        <a href=\"https:\/\/www.vkd.com\/lv-bayern\/wp-content\/uploads\/sites\/14\/2025\/08\/IMG-20250807-WA0042-768x1024.jpg\" title=\"Img 20250807 Wa0042\">\n                            <img class=\"img-full\" src=\"https:\/\/www.vkd.com\/lv-bayern\/wp-content\/uploads\/sites\/14\/2025\/08\/IMG-20250807-WA0042-768x1024.jpg\" title=\"Galerie bei Bild 14 \u00f6ffnen\" alt=\"Img 20250807 Wa0042\"\/>\n                        <\/a>\n                    <\/div>\n                                    <div class=\"item\">\n                        <a href=\"https:\/\/www.vkd.com\/lv-bayern\/wp-content\/uploads\/sites\/14\/2025\/08\/IMG-20250807-WA0043-1024x768.jpg\" title=\"Img 20250807 Wa0043\">\n                            <img class=\"img-full\" src=\"https:\/\/www.vkd.com\/lv-bayern\/wp-content\/uploads\/sites\/14\/2025\/08\/IMG-20250807-WA0043-1024x768.jpg\" title=\"Galerie bei Bild 15 \u00f6ffnen\" alt=\"Img 20250807 Wa0043\"\/>\n                        <\/a>\n                    <\/div>\n                                    <div class=\"item\">\n                        <a href=\"https:\/\/www.vkd.com\/lv-bayern\/wp-content\/uploads\/sites\/14\/2025\/08\/IMG-20250807-WA0044-1024x768.jpg\" title=\"Img 20250807 Wa0044\">\n                            <img class=\"img-full\" src=\"https:\/\/www.vkd.com\/lv-bayern\/wp-content\/uploads\/sites\/14\/2025\/08\/IMG-20250807-WA0044-1024x768.jpg\" title=\"Galerie bei Bild 16 \u00f6ffnen\" alt=\"Img 20250807 Wa0044\"\/>\n                        <\/a>\n                    <\/div>\n                                    <div class=\"item\">\n                        <a href=\"https:\/\/www.vkd.com\/lv-bayern\/wp-content\/uploads\/sites\/14\/2025\/08\/IMG-20250807-WA0045-1024x768.jpg\" title=\"Img 20250807 Wa0045\">\n                            <img class=\"img-full\" src=\"https:\/\/www.vkd.com\/lv-bayern\/wp-content\/uploads\/sites\/14\/2025\/08\/IMG-20250807-WA0045-1024x768.jpg\" title=\"Galerie bei Bild 17 \u00f6ffnen\" alt=\"Img 20250807 Wa0045\"\/>\n                        <\/a>\n                    <\/div>\n                                    <div class=\"item\">\n                        <a href=\"https:\/\/www.vkd.com\/lv-bayern\/wp-content\/uploads\/sites\/14\/2025\/08\/IMG-20250807-WA0047-768x1024.jpg\" title=\"Img 20250807 Wa0047\">\n                            <img class=\"img-full\" src=\"https:\/\/www.vkd.com\/lv-bayern\/wp-content\/uploads\/sites\/14\/2025\/08\/IMG-20250807-WA0047-768x1024.jpg\" title=\"Galerie bei Bild 18 \u00f6ffnen\" alt=\"Img 20250807 Wa0047\"\/>\n                        <\/a>\n                    <\/div>\n                                    <div class=\"item\">\n                        <a href=\"https:\/\/www.vkd.com\/lv-bayern\/wp-content\/uploads\/sites\/14\/2025\/08\/IMG-20250807-WA0048-1024x768.jpg\" title=\"Img 20250807 Wa0048\">\n                            <img class=\"img-full\" src=\"https:\/\/www.vkd.com\/lv-bayern\/wp-content\/uploads\/sites\/14\/2025\/08\/IMG-20250807-WA0048-1024x768.jpg\" title=\"Galerie bei Bild 19 \u00f6ffnen\" alt=\"Img 20250807 Wa0048\"\/>\n                        <\/a>\n                    <\/div>\n                                    <div class=\"item\">\n                        <a href=\"https:\/\/www.vkd.com\/lv-bayern\/wp-content\/uploads\/sites\/14\/2025\/08\/IMG-20250807-WA0049-1024x768.jpg\" title=\"Img 20250807 Wa0049\">\n                            <img class=\"img-full\" src=\"https:\/\/www.vkd.com\/lv-bayern\/wp-content\/uploads\/sites\/14\/2025\/08\/IMG-20250807-WA0049-1024x768.jpg\" title=\"Galerie bei Bild 20 \u00f6ffnen\" alt=\"Img 20250807 Wa0049\"\/>\n                        <\/a>\n                    <\/div>\n                                    <div class=\"item\">\n                        <a href=\"https:\/\/www.vkd.com\/lv-bayern\/wp-content\/uploads\/sites\/14\/2025\/08\/IMG-20250807-WA0050-1024x768.jpg\" title=\"Img 20250807 Wa0050\">\n                            <img class=\"img-full\" src=\"https:\/\/www.vkd.com\/lv-bayern\/wp-content\/uploads\/sites\/14\/2025\/08\/IMG-20250807-WA0050-1024x768.jpg\" title=\"Galerie bei Bild 21 \u00f6ffnen\" alt=\"Img 20250807 Wa0050\"\/>\n                        <\/a>\n                    <\/div>\n                                    <div class=\"item\">\n                        <a href=\"https:\/\/www.vkd.com\/lv-bayern\/wp-content\/uploads\/sites\/14\/2025\/08\/IMG-20250807-WA0051-1024x768.jpg\" title=\"Img 20250807 Wa0051\">\n                            <img class=\"img-full\" src=\"https:\/\/www.vkd.com\/lv-bayern\/wp-content\/uploads\/sites\/14\/2025\/08\/IMG-20250807-WA0051-1024x768.jpg\" title=\"Galerie bei Bild 22 \u00f6ffnen\" alt=\"Img 20250807 Wa0051\"\/>\n                        <\/a>\n                    <\/div>\n                            <\/div>\n        <\/div>\n    <\/div>\n<\/div>\n\n\n","protected":false},"excerpt":{"rendered":"<p>11. Laurentiustag in Amberg \u2013 Ein Fest der Gemeinschaft und des Schutzpatrons der K\u00f6che Amberg, \u2013 Zum elften Mal wurde in Amberg der Laurentiustag zu Ehren des Schutzpatrons der K\u00f6che gefeiert. Das Fest, das dieses Jahr wieder zahlreiche K\u00fcchenprofis, Gastronomen und Kochbegeisterte aus der Region zusammenbrachte, stand ganz im Zeichen von Tradition, Gemeinschaft und Leidenschaft&#8230;<\/p>\n","protected":false},"author":1955,"featured_media":1698,"comment_status":"closed","ping_status":"open","sticky":false,"template":"","format":"standard","meta":[],"categories":[1],"tags":[6,5,20,7,19,9,11],"yoast_head":"<!-- This site is optimized with the Yoast SEO plugin v20.0 - https:\/\/yoast.com\/wordpress\/plugins\/seo\/ -->\n<title>11. Laurentiustag in Amberg - Landesverband der K\u00f6che Bayern<\/title>\n<meta name=\"robots\" content=\"noindex, follow, max-snippet:-1, max-image-preview:large, max-video-preview:-1\" \/>\n<meta property=\"og:locale\" content=\"de_DE\" \/>\n<meta property=\"og:type\" content=\"article\" \/>\n<meta property=\"og:title\" content=\"11. Laurentiustag in Amberg - Landesverband der K\u00f6che Bayern\" \/>\n<meta property=\"og:description\" content=\"11. Laurentiustag in Amberg \u2013 Ein Fest der Gemeinschaft und des Schutzpatrons der K\u00f6che Amberg, \u2013 Zum elften Mal wurde in Amberg der Laurentiustag zu Ehren des Schutzpatrons der K\u00f6che gefeiert. Das Fest, das dieses Jahr wieder zahlreiche K\u00fcchenprofis, Gastronomen und Kochbegeisterte aus der Region zusammenbrachte, stand ganz im Zeichen von Tradition, Gemeinschaft und Leidenschaft...\" \/>\n<meta property=\"og:url\" content=\"https:\/\/www.vkd.com\/lv-bayern\/news\/11-laurentiustag-in-amberg\/\" \/>\n<meta property=\"og:site_name\" content=\"Landesverband der K\u00f6che Bayern\" \/>\n<meta property=\"article:published_time\" content=\"2025-08-08T12:17:53+00:00\" \/>\n<meta property=\"og:image\" content=\"https:\/\/www.vkd.com\/lv-bayern\/wp-content\/uploads\/sites\/14\/2025\/08\/IMG-20250807-WA0046.jpg\" \/>\n\t<meta property=\"og:image:width\" content=\"1536\" \/>\n\t<meta property=\"og:image:height\" content=\"2048\" \/>\n\t<meta property=\"og:image:type\" content=\"image\/jpeg\" \/>\n<meta name=\"author\" content=\"Kostadinov Alexander\" \/>\n<meta name=\"twitter:card\" content=\"summary_large_image\" \/>\n<meta name=\"twitter:label1\" content=\"Verfasst von\" \/>\n\t<meta name=\"twitter:data1\" content=\"Kostadinov Alexander\" \/>\n\t<meta name=\"twitter:label2\" content=\"Gesch\u00e4tzte Lesezeit\" \/>\n\t<meta name=\"twitter:data2\" content=\"2\u00a0Minuten\" \/>\n<script type=\"application\/ld+json\" class=\"yoast-schema-graph\">{\"@context\":\"https:\/\/schema.org\",\"@graph\":[{\"@type\":\"WebPage\",\"@id\":\"https:\/\/www.vkd.com\/lv-bayern\/news\/11-laurentiustag-in-amberg\/\",\"url\":\"https:\/\/www.vkd.com\/lv-bayern\/news\/11-laurentiustag-in-amberg\/\",\"name\":\"11. Laurentiustag in Amberg - Landesverband der K\u00f6che Bayern\",\"isPartOf\":{\"@id\":\"https:\/\/www.vkd.com\/lv-bayern\/#website\"},\"datePublished\":\"2025-08-08T12:17:53+00:00\",\"dateModified\":\"2025-08-08T12:17:53+00:00\",\"author\":{\"@id\":\"https:\/\/www.vkd.com\/lv-bayern\/#\/schema\/person\/19c4bb106ca4de98c60e2cb5ac7f572f\"},\"breadcrumb\":{\"@id\":\"https:\/\/www.vkd.com\/lv-bayern\/news\/11-laurentiustag-in-amberg\/#breadcrumb\"},\"inLanguage\":\"de\",\"potentialAction\":[{\"@type\":\"ReadAction\",\"target\":[\"https:\/\/www.vkd.com\/lv-bayern\/news\/11-laurentiustag-in-amberg\/\"]}]},{\"@type\":\"BreadcrumbList\",\"@id\":\"https:\/\/www.vkd.com\/lv-bayern\/news\/11-laurentiustag-in-amberg\/#breadcrumb\",\"itemListElement\":[{\"@type\":\"ListItem\",\"position\":1,\"name\":\"Startseite\",\"item\":\"https:\/\/www.vkd.com\/lv-bayern\/\"},{\"@type\":\"ListItem\",\"position\":2,\"name\":\"11. Laurentiustag in Amberg\"}]},{\"@type\":\"WebSite\",\"@id\":\"https:\/\/www.vkd.com\/lv-bayern\/#website\",\"url\":\"https:\/\/www.vkd.com\/lv-bayern\/\",\"name\":\"Landesverband der K\u00f6che Bayern\",\"description\":\"Landesverband im Verband der K\u00f6che Deutschlands e.V.\",\"potentialAction\":[{\"@type\":\"SearchAction\",\"target\":{\"@type\":\"EntryPoint\",\"urlTemplate\":\"https:\/\/www.vkd.com\/lv-bayern\/?s={search_term_string}\"},\"query-input\":\"required name=search_term_string\"}],\"inLanguage\":\"de\"},{\"@type\":\"Person\",\"@id\":\"https:\/\/www.vkd.com\/lv-bayern\/#\/schema\/person\/19c4bb106ca4de98c60e2cb5ac7f572f\",\"name\":\"Kostadinov Alexander\",\"image\":{\"@type\":\"ImageObject\",\"inLanguage\":\"de\",\"@id\":\"https:\/\/www.vkd.com\/lv-bayern\/#\/schema\/person\/image\/\",\"url\":\"https:\/\/secure.gravatar.com\/avatar\/b0cb85e5c215fe1114e6d2404492358d?s=96&d=mm&r=g\",\"contentUrl\":\"https:\/\/secure.gravatar.com\/avatar\/b0cb85e5c215fe1114e6d2404492358d?s=96&d=mm&r=g\",\"caption\":\"Kostadinov Alexander\"},\"url\":\"https:\/\/www.vkd.com\/lv-bayern\/news\/author\/gentscher-jungentscher-de\/\"}]}<\/script>\n<!-- \/ Yoast SEO plugin. -->","yoast_head_json":{"title":"11. Laurentiustag in Amberg - Landesverband der K\u00f6che Bayern","robots":{"index":"noindex","follow":"follow","max-snippet":"max-snippet:-1","max-image-preview":"max-image-preview:large","max-video-preview":"max-video-preview:-1"},"og_locale":"de_DE","og_type":"article","og_title":"11. Laurentiustag in Amberg - Landesverband der K\u00f6che Bayern","og_description":"11. Laurentiustag in Amberg \u2013 Ein Fest der Gemeinschaft und des Schutzpatrons der K\u00f6che Amberg, \u2013 Zum elften Mal wurde in Amberg der Laurentiustag zu Ehren des Schutzpatrons der K\u00f6che gefeiert. Das Fest, das dieses Jahr wieder zahlreiche K\u00fcchenprofis, Gastronomen und Kochbegeisterte aus der Region zusammenbrachte, stand ganz im Zeichen von Tradition, Gemeinschaft und Leidenschaft...","og_url":"https:\/\/www.vkd.com\/lv-bayern\/news\/11-laurentiustag-in-amberg\/","og_site_name":"Landesverband der K\u00f6che Bayern","article_published_time":"2025-08-08T12:17:53+00:00","og_image":[{"width":1536,"height":2048,"url":"https:\/\/www.vkd.com\/lv-bayern\/wp-content\/uploads\/sites\/14\/2025\/08\/IMG-20250807-WA0046.jpg","type":"image\/jpeg"}],"author":"Kostadinov Alexander","twitter_card":"summary_large_image","twitter_misc":{"Verfasst von":"Kostadinov Alexander","Gesch\u00e4tzte Lesezeit":"2\u00a0Minuten"},"schema":{"@context":"https:\/\/schema.org","@graph":[{"@type":"WebPage","@id":"https:\/\/www.vkd.com\/lv-bayern\/news\/11-laurentiustag-in-amberg\/","url":"https:\/\/www.vkd.com\/lv-bayern\/news\/11-laurentiustag-in-amberg\/","name":"11. Laurentiustag in Amberg - Landesverband der K\u00f6che Bayern","isPartOf":{"@id":"https:\/\/www.vkd.com\/lv-bayern\/#website"},"datePublished":"2025-08-08T12:17:53+00:00","dateModified":"2025-08-08T12:17:53+00:00","author":{"@id":"https:\/\/www.vkd.com\/lv-bayern\/#\/schema\/person\/19c4bb106ca4de98c60e2cb5ac7f572f"},"breadcrumb":{"@id":"https:\/\/www.vkd.com\/lv-bayern\/news\/11-laurentiustag-in-amberg\/#breadcrumb"},"inLanguage":"de","potentialAction":[{"@type":"ReadAction","target":["https:\/\/www.vkd.com\/lv-bayern\/news\/11-laurentiustag-in-amberg\/"]}]},{"@type":"BreadcrumbList","@id":"https:\/\/www.vkd.com\/lv-bayern\/news\/11-laurentiustag-in-amberg\/#breadcrumb","itemListElement":[{"@type":"ListItem","position":1,"name":"Startseite","item":"https:\/\/www.vkd.com\/lv-bayern\/"},{"@type":"ListItem","position":2,"name":"11. Laurentiustag in Amberg"}]},{"@type":"WebSite","@id":"https:\/\/www.vkd.com\/lv-bayern\/#website","url":"https:\/\/www.vkd.com\/lv-bayern\/","name":"Landesverband der K\u00f6che Bayern","description":"Landesverband im Verband der K\u00f6che Deutschlands e.V.","potentialAction":[{"@type":"SearchAction","target":{"@type":"EntryPoint","urlTemplate":"https:\/\/www.vkd.com\/lv-bayern\/?s={search_term_string}"},"query-input":"required name=search_term_string"}],"inLanguage":"de"},{"@type":"Person","@id":"https:\/\/www.vkd.com\/lv-bayern\/#\/schema\/person\/19c4bb106ca4de98c60e2cb5ac7f572f","name":"Kostadinov Alexander","image":{"@type":"ImageObject","inLanguage":"de","@id":"https:\/\/www.vkd.com\/lv-bayern\/#\/schema\/person\/image\/","url":"https:\/\/secure.gravatar.com\/avatar\/b0cb85e5c215fe1114e6d2404492358d?s=96&d=mm&r=g","contentUrl":"https:\/\/secure.gravatar.com\/avatar\/b0cb85e5c215fe1114e6d2404492358d?s=96&d=mm&r=g","caption":"Kostadinov Alexander"},"url":"https:\/\/www.vkd.com\/lv-bayern\/news\/author\/gentscher-jungentscher-de\/"}]}},"_links":{"self":[{"href":"https:\/\/www.vkd.com\/lv-bayern\/wp-json\/wp\/v2\/posts\/1696"}],"collection":[{"href":"https:\/\/www.vkd.com\/lv-bayern\/wp-json\/wp\/v2\/posts"}],"about":[{"href":"https:\/\/www.vkd.com\/lv-bayern\/wp-json\/wp\/v2\/types\/post"}],"author":[{"embeddable":true,"href":"https:\/\/www.vkd.com\/lv-bayern\/wp-json\/wp\/v2\/users\/1955"}],"replies":[{"embeddable":true,"href":"https:\/\/www.vkd.com\/lv-bayern\/wp-json\/wp\/v2\/comments?post=1696"}],"version-history":[{"count":2,"href":"https:\/\/www.vkd.com\/lv-bayern\/wp-json\/wp\/v2\/posts\/1696\/revisions"}],"predecessor-version":[{"id":1722,"href":"https:\/\/www.vkd.com\/lv-bayern\/wp-json\/wp\/v2\/posts\/1696\/revisions\/1722"}],"wp:featuredmedia":[{"embeddable":true,"href":"https:\/\/www.vkd.com\/lv-bayern\/wp-json\/wp\/v2\/media\/1698"}],"wp:attachment":[{"href":"https:\/\/www.vkd.com\/lv-bayern\/wp-json\/wp\/v2\/media?parent=1696"}],"wp:term":[{"taxonomy":"category","embeddable":true,"href":"https:\/\/www.vkd.com\/lv-bayern\/wp-json\/wp\/v2\/categories?post=1696"},{"taxonomy":"post_tag","embeddable":true,"href":"https:\/\/www.vkd.com\/lv-bayern\/wp-json\/wp\/v2\/tags?post=1696"}],"curies":[{"name":"wp","href":"https:\/\/api.w.org\/{rel}","templated":true}]}}