{"id":1670,"date":"2025-08-08T14:10:29","date_gmt":"2025-08-08T12:10:29","guid":{"rendered":"https:\/\/www.vkd.com\/lv-bayern\/?p=1670"},"modified":"2025-08-08T14:10:29","modified_gmt":"2025-08-08T12:10:29","slug":"hl-laurentius-schutzpatron-der-koeche-wird-in-scheidegg-zum-47-mal-gefeiert","status":"publish","type":"post","link":"https:\/\/www.vkd.com\/lv-bayern\/news\/hl-laurentius-schutzpatron-der-koeche-wird-in-scheidegg-zum-47-mal-gefeiert\/","title":{"rendered":"Hl. Laurentius \u2013 Schutzpatron der K\u00f6che \u2013 wird in Scheidegg zum 47. Mal gefeiert"},"content":{"rendered":"<p><strong>Scheidegg, Zum 47. Mal fand in Scheidegg die festliche Feier zu Ehren des Heiligen Laurentius statt, der als Schutzpatron der K\u00f6che verehrt wird.<\/strong><\/p>\n<p>Das traditionelle Fest, das jedes Jahr zahlreiche K\u00fcchenprofis, Gastronomen und Kochbegeisterte aus ganz Deutschland zusammenbringt, wurde auch in diesem Jahr mit gro\u00dfer Freude und Hingabe begangen. Der \u00e4ltere Laurentius-Tag ist eine besondere Gelegenheit, die Bedeutung des Schutzpatrons f\u00fcr die Kochkunst zu w\u00fcrdigen. In einer feierlichen Zeremonie wurden die Teilnehmer an die Werte von Laurentius erinnert: Mut, Hingabe und die Leidenschaft f\u00fcr das Kochen. Dabei standen auch die Bedeutung von Qualit\u00e4t, Kreativit\u00e4t und Gemeinschaft in der Gastronomie im Mittelpunkt.<\/p>\n<p>\u201eEs ist immer wieder sch\u00f6n, den \u00e4lteren Laurentius-Tag hier in Scheidegg zu feiern und die Verbindung zwischen Tradition und moderner Kochkunst zu st\u00e4rken\u201c, sagte die Organisatoren des LT\u00a0 Scheidegg. \u201eDieses Fest ist eine wunderbare Gelegenheit, um die Leidenschaft f\u00fcr das Kochen zu teilen und die Gemeinschaft der K\u00f6che zu f\u00f6rdern.\u201c<\/p>\n<p>Der Schutzpatron der K\u00f6che, Hl. Laurentius, wird seit Jahrhunderten verehrt und gilt als Symbol f\u00fcr die Hingabe und den Dienst am Gast. Das Fest in Scheidegg tr\u00e4gt dazu bei, diese Werte lebendig zu halten und die Bedeutung der Gastronomie in unserer Gesellschaft zu w\u00fcrdigen.<\/p>\n<p>Der Veranstalter bedankt sich bei allen Teilnehmern und Unterst\u00fctzern f\u00fcr ein gelungenes Fest und freut sich bereits auf die n\u00e4chste Feier im kommenden Jahr.<\/p>\n\n<div id=\"gallery-1673\" class=\"vkdgal-gallery-wrap gallery-grid \">\n    <div class=\"col-md-12\">\n        <div class=\"row\">\n            <div class=\"gal\" data-featherlight-gallery style=\"display: grid; grid-template-columns: repeat(3, 1fr); grid-column-gap: 10px;\">\n                                    <div class=\"item\">\n                        <a href=\"https:\/\/www.vkd.com\/lv-bayern\/wp-content\/uploads\/sites\/14\/2025\/08\/IMG-20250807-WA0006-1024x768.jpg\" title=\"Img 20250807 Wa0006\">\n                            <img class=\"img-full\" src=\"https:\/\/www.vkd.com\/lv-bayern\/wp-content\/uploads\/sites\/14\/2025\/08\/IMG-20250807-WA0006-1024x768.jpg\" title=\"Galerie bei Bild 1 \u00f6ffnen\" alt=\"Img 20250807 Wa0006\"\/>\n                        <\/a>\n                    <\/div>\n                                    <div class=\"item\">\n                        <a href=\"https:\/\/www.vkd.com\/lv-bayern\/wp-content\/uploads\/sites\/14\/2025\/08\/IMG-20250807-WA0007-1024x831.jpg\" title=\"Img 20250807 Wa0007\">\n                            <img class=\"img-full\" src=\"https:\/\/www.vkd.com\/lv-bayern\/wp-content\/uploads\/sites\/14\/2025\/08\/IMG-20250807-WA0007-1024x831.jpg\" title=\"Galerie bei Bild 2 \u00f6ffnen\" alt=\"Img 20250807 Wa0007\"\/>\n                        <\/a>\n                    <\/div>\n                                    <div class=\"item\">\n                        <a href=\"https:\/\/www.vkd.com\/lv-bayern\/wp-content\/uploads\/sites\/14\/2025\/08\/IMG-20250807-WA0008-1024x636.jpg\" title=\"Img 20250807 Wa0008\">\n                            <img class=\"img-full\" src=\"https:\/\/www.vkd.com\/lv-bayern\/wp-content\/uploads\/sites\/14\/2025\/08\/IMG-20250807-WA0008-1024x636.jpg\" title=\"Galerie bei Bild 3 \u00f6ffnen\" alt=\"Img 20250807 Wa0008\"\/>\n                        <\/a>\n                    <\/div>\n                                    <div class=\"item\">\n                        <a href=\"https:\/\/www.vkd.com\/lv-bayern\/wp-content\/uploads\/sites\/14\/2025\/08\/IMG-20250807-WA0009-791x1024.jpg\" title=\"Img 20250807 Wa0009\">\n                            <img class=\"img-full\" src=\"https:\/\/www.vkd.com\/lv-bayern\/wp-content\/uploads\/sites\/14\/2025\/08\/IMG-20250807-WA0009-791x1024.jpg\" title=\"Galerie bei Bild 4 \u00f6ffnen\" alt=\"Img 20250807 Wa0009\"\/>\n                        <\/a>\n                    <\/div>\n                                    <div class=\"item\">\n                        <a href=\"https:\/\/www.vkd.com\/lv-bayern\/wp-content\/uploads\/sites\/14\/2025\/08\/IMG-20250807-WA0010-699x1024.jpg\" title=\"Img 20250807 Wa0010\">\n                            <img class=\"img-full\" src=\"https:\/\/www.vkd.com\/lv-bayern\/wp-content\/uploads\/sites\/14\/2025\/08\/IMG-20250807-WA0010-699x1024.jpg\" title=\"Galerie bei Bild 5 \u00f6ffnen\" alt=\"Img 20250807 Wa0010\"\/>\n                        <\/a>\n                    <\/div>\n                                    <div class=\"item\">\n                        <a href=\"https:\/\/www.vkd.com\/lv-bayern\/wp-content\/uploads\/sites\/14\/2025\/08\/IMG-20250807-WA0011-1024x768.jpg\" title=\"Img 20250807 Wa0011\">\n                            <img class=\"img-full\" src=\"https:\/\/www.vkd.com\/lv-bayern\/wp-content\/uploads\/sites\/14\/2025\/08\/IMG-20250807-WA0011-1024x768.jpg\" title=\"Galerie bei Bild 6 \u00f6ffnen\" alt=\"Img 20250807 Wa0011\"\/>\n                        <\/a>\n                    <\/div>\n                                    <div class=\"item\">\n                        <a href=\"https:\/\/www.vkd.com\/lv-bayern\/wp-content\/uploads\/sites\/14\/2025\/08\/IMG-20250807-WA0012-1024x663.jpg\" title=\"Img 20250807 Wa0012\">\n                            <img class=\"img-full\" src=\"https:\/\/www.vkd.com\/lv-bayern\/wp-content\/uploads\/sites\/14\/2025\/08\/IMG-20250807-WA0012-1024x663.jpg\" title=\"Galerie bei Bild 7 \u00f6ffnen\" alt=\"Img 20250807 Wa0012\"\/>\n                        <\/a>\n                    <\/div>\n                                    <div class=\"item\">\n                        <a href=\"https:\/\/www.vkd.com\/lv-bayern\/wp-content\/uploads\/sites\/14\/2025\/08\/IMG-20250807-WA0013-865x1024.jpg\" title=\"Img 20250807 Wa0013\">\n                            <img class=\"img-full\" src=\"https:\/\/www.vkd.com\/lv-bayern\/wp-content\/uploads\/sites\/14\/2025\/08\/IMG-20250807-WA0013-865x1024.jpg\" title=\"Galerie bei Bild 8 \u00f6ffnen\" alt=\"Img 20250807 Wa0013\"\/>\n                        <\/a>\n                    <\/div>\n                                    <div class=\"item\">\n                        <a href=\"https:\/\/www.vkd.com\/lv-bayern\/wp-content\/uploads\/sites\/14\/2025\/08\/IMG-20250807-WA0014-1024x668.jpg\" title=\"Img 20250807 Wa0014\">\n                            <img class=\"img-full\" src=\"https:\/\/www.vkd.com\/lv-bayern\/wp-content\/uploads\/sites\/14\/2025\/08\/IMG-20250807-WA0014-1024x668.jpg\" title=\"Galerie bei Bild 9 \u00f6ffnen\" alt=\"Img 20250807 Wa0014\"\/>\n                        <\/a>\n                    <\/div>\n                                    <div class=\"item\">\n                        <a href=\"https:\/\/www.vkd.com\/lv-bayern\/wp-content\/uploads\/sites\/14\/2025\/08\/IMG-20250807-WA0015-1024x995.jpg\" title=\"Img 20250807 Wa0015\">\n                            <img class=\"img-full\" src=\"https:\/\/www.vkd.com\/lv-bayern\/wp-content\/uploads\/sites\/14\/2025\/08\/IMG-20250807-WA0015-1024x995.jpg\" title=\"Galerie bei Bild 10 \u00f6ffnen\" alt=\"Img 20250807 Wa0015\"\/>\n                        <\/a>\n                    <\/div>\n                                    <div class=\"item\">\n                        <a href=\"https:\/\/www.vkd.com\/lv-bayern\/wp-content\/uploads\/sites\/14\/2025\/08\/IMG-20250807-WA0016-1024x902.jpg\" title=\"Img 20250807 Wa0016\">\n                            <img class=\"img-full\" src=\"https:\/\/www.vkd.com\/lv-bayern\/wp-content\/uploads\/sites\/14\/2025\/08\/IMG-20250807-WA0016-1024x902.jpg\" title=\"Galerie bei Bild 11 \u00f6ffnen\" alt=\"Img 20250807 Wa0016\"\/>\n                        <\/a>\n                    <\/div>\n                                    <div class=\"item\">\n                        <a href=\"https:\/\/www.vkd.com\/lv-bayern\/wp-content\/uploads\/sites\/14\/2025\/08\/IMG-20250807-WA0017-1024x635.jpg\" title=\"Img 20250807 Wa0017\">\n                            <img class=\"img-full\" src=\"https:\/\/www.vkd.com\/lv-bayern\/wp-content\/uploads\/sites\/14\/2025\/08\/IMG-20250807-WA0017-1024x635.jpg\" title=\"Galerie bei Bild 12 \u00f6ffnen\" alt=\"Img 20250807 Wa0017\"\/>\n                        <\/a>\n                    <\/div>\n                                    <div class=\"item\">\n                        <a href=\"https:\/\/www.vkd.com\/lv-bayern\/wp-content\/uploads\/sites\/14\/2025\/08\/IMG-20250807-WA0018-1024x699.jpg\" title=\"Img 20250807 Wa0018\">\n                            <img class=\"img-full\" src=\"https:\/\/www.vkd.com\/lv-bayern\/wp-content\/uploads\/sites\/14\/2025\/08\/IMG-20250807-WA0018-1024x699.jpg\" title=\"Galerie bei Bild 13 \u00f6ffnen\" alt=\"Img 20250807 Wa0018\"\/>\n                        <\/a>\n                    <\/div>\n                                    <div class=\"item\">\n                        <a href=\"https:\/\/www.vkd.com\/lv-bayern\/wp-content\/uploads\/sites\/14\/2025\/08\/IMG-20250807-WA0019-1024x691.jpg\" title=\"Img 20250807 Wa0019\">\n                            <img class=\"img-full\" src=\"https:\/\/www.vkd.com\/lv-bayern\/wp-content\/uploads\/sites\/14\/2025\/08\/IMG-20250807-WA0019-1024x691.jpg\" title=\"Galerie bei Bild 14 \u00f6ffnen\" alt=\"Img 20250807 Wa0019\"\/>\n                        <\/a>\n                    <\/div>\n                                    <div class=\"item\">\n                        <a href=\"https:\/\/www.vkd.com\/lv-bayern\/wp-content\/uploads\/sites\/14\/2025\/08\/IMG-20250807-WA0020-1024x819.jpg\" title=\"Img 20250807 Wa0020\">\n                            <img class=\"img-full\" src=\"https:\/\/www.vkd.com\/lv-bayern\/wp-content\/uploads\/sites\/14\/2025\/08\/IMG-20250807-WA0020-1024x819.jpg\" title=\"Galerie bei Bild 15 \u00f6ffnen\" alt=\"Img 20250807 Wa0020\"\/>\n                        <\/a>\n                    <\/div>\n                                    <div class=\"item\">\n                        <a href=\"https:\/\/www.vkd.com\/lv-bayern\/wp-content\/uploads\/sites\/14\/2025\/08\/IMG-20250807-WA0021-1024x731.jpg\" title=\"Img 20250807 Wa0021\">\n                            <img class=\"img-full\" src=\"https:\/\/www.vkd.com\/lv-bayern\/wp-content\/uploads\/sites\/14\/2025\/08\/IMG-20250807-WA0021-1024x731.jpg\" title=\"Galerie bei Bild 16 \u00f6ffnen\" alt=\"Img 20250807 Wa0021\"\/>\n                        <\/a>\n                    <\/div>\n                                    <div class=\"item\">\n                        <a href=\"https:\/\/www.vkd.com\/lv-bayern\/wp-content\/uploads\/sites\/14\/2025\/08\/IMG-20250807-WA0022-1024x675.jpg\" title=\"Img 20250807 Wa0022\">\n                            <img class=\"img-full\" src=\"https:\/\/www.vkd.com\/lv-bayern\/wp-content\/uploads\/sites\/14\/2025\/08\/IMG-20250807-WA0022-1024x675.jpg\" title=\"Galerie bei Bild 17 \u00f6ffnen\" alt=\"Img 20250807 Wa0022\"\/>\n                        <\/a>\n                    <\/div>\n                                    <div class=\"item\">\n                        <a href=\"https:\/\/www.vkd.com\/lv-bayern\/wp-content\/uploads\/sites\/14\/2025\/08\/IMG-20250807-WA0023-1024x636.jpg\" title=\"Img 20250807 Wa0023\">\n                            <img class=\"img-full\" src=\"https:\/\/www.vkd.com\/lv-bayern\/wp-content\/uploads\/sites\/14\/2025\/08\/IMG-20250807-WA0023-1024x636.jpg\" title=\"Galerie bei Bild 18 \u00f6ffnen\" alt=\"Img 20250807 Wa0023\"\/>\n                        <\/a>\n                    <\/div>\n                                    <div class=\"item\">\n                        <a href=\"https:\/\/www.vkd.com\/lv-bayern\/wp-content\/uploads\/sites\/14\/2025\/08\/IMG-20250807-WA0024-1024x768.jpg\" title=\"Img 20250807 Wa0024\">\n                            <img class=\"img-full\" src=\"https:\/\/www.vkd.com\/lv-bayern\/wp-content\/uploads\/sites\/14\/2025\/08\/IMG-20250807-WA0024-1024x768.jpg\" title=\"Galerie bei Bild 19 \u00f6ffnen\" alt=\"Img 20250807 Wa0024\"\/>\n                        <\/a>\n                    <\/div>\n                                    <div class=\"item\">\n                        <a href=\"https:\/\/www.vkd.com\/lv-bayern\/wp-content\/uploads\/sites\/14\/2025\/08\/IMG-20250807-WA0025-1024x899.jpg\" title=\"Img 20250807 Wa0025\">\n                            <img class=\"img-full\" src=\"https:\/\/www.vkd.com\/lv-bayern\/wp-content\/uploads\/sites\/14\/2025\/08\/IMG-20250807-WA0025-1024x899.jpg\" title=\"Galerie bei Bild 20 \u00f6ffnen\" alt=\"Img 20250807 Wa0025\"\/>\n                        <\/a>\n                    <\/div>\n                                    <div class=\"item\">\n                        <a href=\"https:\/\/www.vkd.com\/lv-bayern\/wp-content\/uploads\/sites\/14\/2025\/08\/IMG-20250807-WA0026-1024x841.jpg\" title=\"Img 20250807 Wa0026\">\n                            <img class=\"img-full\" src=\"https:\/\/www.vkd.com\/lv-bayern\/wp-content\/uploads\/sites\/14\/2025\/08\/IMG-20250807-WA0026-1024x841.jpg\" title=\"Galerie bei Bild 21 \u00f6ffnen\" alt=\"Img 20250807 Wa0026\"\/>\n                        <\/a>\n                    <\/div>\n                            <\/div>\n        <\/div>\n    <\/div>\n<\/div>\n\n\n","protected":false},"excerpt":{"rendered":"<p>Scheidegg, Zum 47. Mal fand in Scheidegg die festliche Feier zu Ehren des Heiligen Laurentius statt, der als Schutzpatron der K\u00f6che verehrt wird. Das traditionelle Fest, das jedes Jahr zahlreiche K\u00fcchenprofis, Gastronomen und Kochbegeisterte aus ganz Deutschland zusammenbringt, wurde auch in diesem Jahr mit gro\u00dfer Freude und Hingabe begangen. Der \u00e4ltere Laurentius-Tag ist eine besondere&#8230;<\/p>\n","protected":false},"author":1955,"featured_media":1677,"comment_status":"closed","ping_status":"open","sticky":false,"template":"","format":"standard","meta":[],"categories":[1],"tags":[],"yoast_head":"<!-- This site is optimized with the Yoast SEO plugin v20.0 - https:\/\/yoast.com\/wordpress\/plugins\/seo\/ -->\n<title>Hl. Laurentius \u2013 Schutzpatron der K\u00f6che \u2013 wird in Scheidegg zum 47. Mal gefeiert - Landesverband der K\u00f6che Bayern<\/title>\n<meta name=\"robots\" content=\"noindex, follow, max-snippet:-1, max-image-preview:large, max-video-preview:-1\" \/>\n<meta property=\"og:locale\" content=\"de_DE\" \/>\n<meta property=\"og:type\" content=\"article\" \/>\n<meta property=\"og:title\" content=\"Hl. Laurentius \u2013 Schutzpatron der K\u00f6che \u2013 wird in Scheidegg zum 47. Mal gefeiert - Landesverband der K\u00f6che Bayern\" \/>\n<meta property=\"og:description\" content=\"Scheidegg, Zum 47. Mal fand in Scheidegg die festliche Feier zu Ehren des Heiligen Laurentius statt, der als Schutzpatron der K\u00f6che verehrt wird. Das traditionelle Fest, das jedes Jahr zahlreiche K\u00fcchenprofis, Gastronomen und Kochbegeisterte aus ganz Deutschland zusammenbringt, wurde auch in diesem Jahr mit gro\u00dfer Freude und Hingabe begangen. Der \u00e4ltere Laurentius-Tag ist eine besondere...\" \/>\n<meta property=\"og:url\" content=\"https:\/\/www.vkd.com\/lv-bayern\/news\/hl-laurentius-schutzpatron-der-koeche-wird-in-scheidegg-zum-47-mal-gefeiert\/\" \/>\n<meta property=\"og:site_name\" content=\"Landesverband der K\u00f6che Bayern\" \/>\n<meta property=\"article:published_time\" content=\"2025-08-08T12:10:29+00:00\" \/>\n<meta property=\"og:image\" content=\"https:\/\/www.vkd.com\/lv-bayern\/wp-content\/uploads\/sites\/14\/2025\/08\/IMG-20250807-WA0009.jpg\" \/>\n\t<meta property=\"og:image:width\" content=\"1236\" \/>\n\t<meta property=\"og:image:height\" content=\"1600\" \/>\n\t<meta property=\"og:image:type\" content=\"image\/jpeg\" \/>\n<meta name=\"author\" content=\"Kostadinov Alexander\" \/>\n<meta name=\"twitter:card\" content=\"summary_large_image\" \/>\n<meta name=\"twitter:label1\" content=\"Verfasst von\" \/>\n\t<meta name=\"twitter:data1\" content=\"Kostadinov Alexander\" \/>\n\t<meta name=\"twitter:label2\" content=\"Gesch\u00e4tzte Lesezeit\" \/>\n\t<meta name=\"twitter:data2\" content=\"2\u00a0Minuten\" \/>\n<script type=\"application\/ld+json\" class=\"yoast-schema-graph\">{\"@context\":\"https:\/\/schema.org\",\"@graph\":[{\"@type\":\"WebPage\",\"@id\":\"https:\/\/www.vkd.com\/lv-bayern\/news\/hl-laurentius-schutzpatron-der-koeche-wird-in-scheidegg-zum-47-mal-gefeiert\/\",\"url\":\"https:\/\/www.vkd.com\/lv-bayern\/news\/hl-laurentius-schutzpatron-der-koeche-wird-in-scheidegg-zum-47-mal-gefeiert\/\",\"name\":\"Hl. Laurentius \u2013 Schutzpatron der K\u00f6che \u2013 wird in Scheidegg zum 47. Mal gefeiert - Landesverband der K\u00f6che Bayern\",\"isPartOf\":{\"@id\":\"https:\/\/www.vkd.com\/lv-bayern\/#website\"},\"datePublished\":\"2025-08-08T12:10:29+00:00\",\"dateModified\":\"2025-08-08T12:10:29+00:00\",\"author\":{\"@id\":\"https:\/\/www.vkd.com\/lv-bayern\/#\/schema\/person\/19c4bb106ca4de98c60e2cb5ac7f572f\"},\"breadcrumb\":{\"@id\":\"https:\/\/www.vkd.com\/lv-bayern\/news\/hl-laurentius-schutzpatron-der-koeche-wird-in-scheidegg-zum-47-mal-gefeiert\/#breadcrumb\"},\"inLanguage\":\"de\",\"potentialAction\":[{\"@type\":\"ReadAction\",\"target\":[\"https:\/\/www.vkd.com\/lv-bayern\/news\/hl-laurentius-schutzpatron-der-koeche-wird-in-scheidegg-zum-47-mal-gefeiert\/\"]}]},{\"@type\":\"BreadcrumbList\",\"@id\":\"https:\/\/www.vkd.com\/lv-bayern\/news\/hl-laurentius-schutzpatron-der-koeche-wird-in-scheidegg-zum-47-mal-gefeiert\/#breadcrumb\",\"itemListElement\":[{\"@type\":\"ListItem\",\"position\":1,\"name\":\"Startseite\",\"item\":\"https:\/\/www.vkd.com\/lv-bayern\/\"},{\"@type\":\"ListItem\",\"position\":2,\"name\":\"Hl. Laurentius \u2013 Schutzpatron der K\u00f6che \u2013 wird in Scheidegg zum 47. Mal gefeiert\"}]},{\"@type\":\"WebSite\",\"@id\":\"https:\/\/www.vkd.com\/lv-bayern\/#website\",\"url\":\"https:\/\/www.vkd.com\/lv-bayern\/\",\"name\":\"Landesverband der K\u00f6che Bayern\",\"description\":\"Landesverband im Verband der K\u00f6che Deutschlands e.V.\",\"potentialAction\":[{\"@type\":\"SearchAction\",\"target\":{\"@type\":\"EntryPoint\",\"urlTemplate\":\"https:\/\/www.vkd.com\/lv-bayern\/?s={search_term_string}\"},\"query-input\":\"required name=search_term_string\"}],\"inLanguage\":\"de\"},{\"@type\":\"Person\",\"@id\":\"https:\/\/www.vkd.com\/lv-bayern\/#\/schema\/person\/19c4bb106ca4de98c60e2cb5ac7f572f\",\"name\":\"Kostadinov Alexander\",\"image\":{\"@type\":\"ImageObject\",\"inLanguage\":\"de\",\"@id\":\"https:\/\/www.vkd.com\/lv-bayern\/#\/schema\/person\/image\/\",\"url\":\"https:\/\/secure.gravatar.com\/avatar\/b0cb85e5c215fe1114e6d2404492358d?s=96&d=mm&r=g\",\"contentUrl\":\"https:\/\/secure.gravatar.com\/avatar\/b0cb85e5c215fe1114e6d2404492358d?s=96&d=mm&r=g\",\"caption\":\"Kostadinov Alexander\"},\"url\":\"https:\/\/www.vkd.com\/lv-bayern\/news\/author\/gentscher-jungentscher-de\/\"}]}<\/script>\n<!-- \/ Yoast SEO plugin. -->","yoast_head_json":{"title":"Hl. Laurentius \u2013 Schutzpatron der K\u00f6che \u2013 wird in Scheidegg zum 47. Mal gefeiert - Landesverband der K\u00f6che Bayern","robots":{"index":"noindex","follow":"follow","max-snippet":"max-snippet:-1","max-image-preview":"max-image-preview:large","max-video-preview":"max-video-preview:-1"},"og_locale":"de_DE","og_type":"article","og_title":"Hl. Laurentius \u2013 Schutzpatron der K\u00f6che \u2013 wird in Scheidegg zum 47. Mal gefeiert - Landesverband der K\u00f6che Bayern","og_description":"Scheidegg, Zum 47. Mal fand in Scheidegg die festliche Feier zu Ehren des Heiligen Laurentius statt, der als Schutzpatron der K\u00f6che verehrt wird. Das traditionelle Fest, das jedes Jahr zahlreiche K\u00fcchenprofis, Gastronomen und Kochbegeisterte aus ganz Deutschland zusammenbringt, wurde auch in diesem Jahr mit gro\u00dfer Freude und Hingabe begangen. Der \u00e4ltere Laurentius-Tag ist eine besondere...","og_url":"https:\/\/www.vkd.com\/lv-bayern\/news\/hl-laurentius-schutzpatron-der-koeche-wird-in-scheidegg-zum-47-mal-gefeiert\/","og_site_name":"Landesverband der K\u00f6che Bayern","article_published_time":"2025-08-08T12:10:29+00:00","og_image":[{"width":1236,"height":1600,"url":"https:\/\/www.vkd.com\/lv-bayern\/wp-content\/uploads\/sites\/14\/2025\/08\/IMG-20250807-WA0009.jpg","type":"image\/jpeg"}],"author":"Kostadinov Alexander","twitter_card":"summary_large_image","twitter_misc":{"Verfasst von":"Kostadinov Alexander","Gesch\u00e4tzte Lesezeit":"2\u00a0Minuten"},"schema":{"@context":"https:\/\/schema.org","@graph":[{"@type":"WebPage","@id":"https:\/\/www.vkd.com\/lv-bayern\/news\/hl-laurentius-schutzpatron-der-koeche-wird-in-scheidegg-zum-47-mal-gefeiert\/","url":"https:\/\/www.vkd.com\/lv-bayern\/news\/hl-laurentius-schutzpatron-der-koeche-wird-in-scheidegg-zum-47-mal-gefeiert\/","name":"Hl. Laurentius \u2013 Schutzpatron der K\u00f6che \u2013 wird in Scheidegg zum 47. Mal gefeiert - Landesverband der K\u00f6che Bayern","isPartOf":{"@id":"https:\/\/www.vkd.com\/lv-bayern\/#website"},"datePublished":"2025-08-08T12:10:29+00:00","dateModified":"2025-08-08T12:10:29+00:00","author":{"@id":"https:\/\/www.vkd.com\/lv-bayern\/#\/schema\/person\/19c4bb106ca4de98c60e2cb5ac7f572f"},"breadcrumb":{"@id":"https:\/\/www.vkd.com\/lv-bayern\/news\/hl-laurentius-schutzpatron-der-koeche-wird-in-scheidegg-zum-47-mal-gefeiert\/#breadcrumb"},"inLanguage":"de","potentialAction":[{"@type":"ReadAction","target":["https:\/\/www.vkd.com\/lv-bayern\/news\/hl-laurentius-schutzpatron-der-koeche-wird-in-scheidegg-zum-47-mal-gefeiert\/"]}]},{"@type":"BreadcrumbList","@id":"https:\/\/www.vkd.com\/lv-bayern\/news\/hl-laurentius-schutzpatron-der-koeche-wird-in-scheidegg-zum-47-mal-gefeiert\/#breadcrumb","itemListElement":[{"@type":"ListItem","position":1,"name":"Startseite","item":"https:\/\/www.vkd.com\/lv-bayern\/"},{"@type":"ListItem","position":2,"name":"Hl. Laurentius \u2013 Schutzpatron der K\u00f6che \u2013 wird in Scheidegg zum 47. Mal gefeiert"}]},{"@type":"WebSite","@id":"https:\/\/www.vkd.com\/lv-bayern\/#website","url":"https:\/\/www.vkd.com\/lv-bayern\/","name":"Landesverband der K\u00f6che Bayern","description":"Landesverband im Verband der K\u00f6che Deutschlands e.V.","potentialAction":[{"@type":"SearchAction","target":{"@type":"EntryPoint","urlTemplate":"https:\/\/www.vkd.com\/lv-bayern\/?s={search_term_string}"},"query-input":"required name=search_term_string"}],"inLanguage":"de"},{"@type":"Person","@id":"https:\/\/www.vkd.com\/lv-bayern\/#\/schema\/person\/19c4bb106ca4de98c60e2cb5ac7f572f","name":"Kostadinov Alexander","image":{"@type":"ImageObject","inLanguage":"de","@id":"https:\/\/www.vkd.com\/lv-bayern\/#\/schema\/person\/image\/","url":"https:\/\/secure.gravatar.com\/avatar\/b0cb85e5c215fe1114e6d2404492358d?s=96&d=mm&r=g","contentUrl":"https:\/\/secure.gravatar.com\/avatar\/b0cb85e5c215fe1114e6d2404492358d?s=96&d=mm&r=g","caption":"Kostadinov Alexander"},"url":"https:\/\/www.vkd.com\/lv-bayern\/news\/author\/gentscher-jungentscher-de\/"}]}},"_links":{"self":[{"href":"https:\/\/www.vkd.com\/lv-bayern\/wp-json\/wp\/v2\/posts\/1670"}],"collection":[{"href":"https:\/\/www.vkd.com\/lv-bayern\/wp-json\/wp\/v2\/posts"}],"about":[{"href":"https:\/\/www.vkd.com\/lv-bayern\/wp-json\/wp\/v2\/types\/post"}],"author":[{"embeddable":true,"href":"https:\/\/www.vkd.com\/lv-bayern\/wp-json\/wp\/v2\/users\/1955"}],"replies":[{"embeddable":true,"href":"https:\/\/www.vkd.com\/lv-bayern\/wp-json\/wp\/v2\/comments?post=1670"}],"version-history":[{"count":3,"href":"https:\/\/www.vkd.com\/lv-bayern\/wp-json\/wp\/v2\/posts\/1670\/revisions"}],"predecessor-version":[{"id":1695,"href":"https:\/\/www.vkd.com\/lv-bayern\/wp-json\/wp\/v2\/posts\/1670\/revisions\/1695"}],"wp:featuredmedia":[{"embeddable":true,"href":"https:\/\/www.vkd.com\/lv-bayern\/wp-json\/wp\/v2\/media\/1677"}],"wp:attachment":[{"href":"https:\/\/www.vkd.com\/lv-bayern\/wp-json\/wp\/v2\/media?parent=1670"}],"wp:term":[{"taxonomy":"category","embeddable":true,"href":"https:\/\/www.vkd.com\/lv-bayern\/wp-json\/wp\/v2\/categories?post=1670"},{"taxonomy":"post_tag","embeddable":true,"href":"https:\/\/www.vkd.com\/lv-bayern\/wp-json\/wp\/v2\/tags?post=1670"}],"curies":[{"name":"wp","href":"https:\/\/api.w.org\/{rel}","templated":true}]}}