{"id":1666,"date":"2025-08-08T14:05:01","date_gmt":"2025-08-08T12:05:01","guid":{"rendered":"https:\/\/www.vkd.com\/lv-bayern\/?p=1666"},"modified":"2025-08-08T14:05:01","modified_gmt":"2025-08-08T12:05:01","slug":"jubilaeum-40-jahre-vkd","status":"publish","type":"post","link":"https:\/\/www.vkd.com\/lv-bayern\/news\/jubilaeum-40-jahre-vkd\/","title":{"rendered":"Jubil\u00e4um &#8211; 40 Jahre VKD"},"content":{"rendered":"<p><strong>Liam McMahon aus Lindau feiert sein 40-j\u00e4hriges Jubil\u00e4um im Verband der K\u00f6che Deutschlands (VKD)<\/strong><\/p>\n<p>Mit gro\u00dfer Freude und Stolz blickt Liam McMahon aus Lindau auf sein beeindruckendes 40-j\u00e4hriges Engagement im Verband der K\u00f6che Deutschlands (VKD) zur\u00fcck. Seit vier Jahrzehnten ist er eine engagierte und gesch\u00e4tzte Pers\u00f6nlichkeit in der deutschen Kochkunst und setzt sich mit Leidenschaft f\u00fcr die Weiterentwicklung und F\u00f6rderung seines Berufsstandes ein.<\/p>\n<p>Liam McMahon hat im Laufe der Jahre zahlreiche kulinarische Projekte initiiert, innovative Rezepte entwickelt und sich stets f\u00fcr Qualit\u00e4t, Kreativit\u00e4t und Nachhaltigkeit in der K\u00fcche eingesetzt. Sein Engagement und seine Expertise haben ihn zu einem Vorbild f\u00fcr viele K\u00f6che in Deutschland gemacht. \u201eEs ist eine gro\u00dfe Ehre, seit so vielen Jahren Teil des VKD zu sein und die kulinarische Gemeinschaft aktiv mitzugestalten\u201c, sagt Liam McMahon. \u201eIch freue mich auf die kommenden Jahre und darauf, weiterhin meine Leidenschaft f\u00fcr die Kochkunst zu teilen und zu f\u00f6rdern.\u201c<\/p>\n<p>Der Landesverband der K\u00f6che Bayern gratuliert Liam McMahon herzlich zu diesem besonderen Jubil\u00e4um und bedankt sich f\u00fcr sein langj\u00e4hriges Engagement. Seine Arbeit tr\u00e4gt ma\u00dfgeblich dazu bei, die hohe Qualit\u00e4t und den guten Ruf der deutschen Gastronomie zu sichern und weiterzuentwickeln<\/p>\n<p>&nbsp;<\/p>\n","protected":false},"excerpt":{"rendered":"<p>Liam McMahon aus Lindau feiert sein 40-j\u00e4hriges Jubil\u00e4um im Verband der K\u00f6che Deutschlands (VKD) Mit gro\u00dfer Freude und Stolz blickt Liam McMahon aus Lindau auf sein beeindruckendes 40-j\u00e4hriges Engagement im Verband der K\u00f6che Deutschlands (VKD) zur\u00fcck. Seit vier Jahrzehnten ist er eine engagierte und gesch\u00e4tzte Pers\u00f6nlichkeit in der deutschen Kochkunst und setzt sich mit Leidenschaft&#8230;<\/p>\n","protected":false},"author":1955,"featured_media":1667,"comment_status":"closed","ping_status":"open","sticky":false,"template":"","format":"standard","meta":[],"categories":[1],"tags":[6,5,20,7,19,9,11],"yoast_head":"<!-- This site is optimized with the Yoast SEO plugin v20.0 - https:\/\/yoast.com\/wordpress\/plugins\/seo\/ -->\n<title>Jubil\u00e4um - 40 Jahre VKD - Landesverband der K\u00f6che Bayern<\/title>\n<meta name=\"robots\" content=\"noindex, follow, max-snippet:-1, max-image-preview:large, max-video-preview:-1\" \/>\n<meta property=\"og:locale\" content=\"de_DE\" \/>\n<meta property=\"og:type\" content=\"article\" \/>\n<meta property=\"og:title\" content=\"Jubil\u00e4um - 40 Jahre VKD - Landesverband der K\u00f6che Bayern\" \/>\n<meta property=\"og:description\" content=\"Liam McMahon aus Lindau feiert sein 40-j\u00e4hriges Jubil\u00e4um im Verband der K\u00f6che Deutschlands (VKD) Mit gro\u00dfer Freude und Stolz blickt Liam McMahon aus Lindau auf sein beeindruckendes 40-j\u00e4hriges Engagement im Verband der K\u00f6che Deutschlands (VKD) zur\u00fcck. Seit vier Jahrzehnten ist er eine engagierte und gesch\u00e4tzte Pers\u00f6nlichkeit in der deutschen Kochkunst und setzt sich mit Leidenschaft...\" \/>\n<meta property=\"og:url\" content=\"https:\/\/www.vkd.com\/lv-bayern\/news\/jubilaeum-40-jahre-vkd\/\" \/>\n<meta property=\"og:site_name\" content=\"Landesverband der K\u00f6che Bayern\" \/>\n<meta property=\"article:published_time\" content=\"2025-08-08T12:05:01+00:00\" \/>\n<meta property=\"og:image\" content=\"https:\/\/www.vkd.com\/lv-bayern\/wp-content\/uploads\/sites\/14\/2025\/08\/IMG-20250807-WA0005.jpg\" \/>\n\t<meta property=\"og:image:width\" content=\"1276\" \/>\n\t<meta property=\"og:image:height\" content=\"1600\" \/>\n\t<meta property=\"og:image:type\" content=\"image\/jpeg\" \/>\n<meta name=\"author\" content=\"Kostadinov Alexander\" \/>\n<meta name=\"twitter:card\" content=\"summary_large_image\" \/>\n<meta name=\"twitter:label1\" content=\"Verfasst von\" \/>\n\t<meta name=\"twitter:data1\" content=\"Kostadinov Alexander\" \/>\n\t<meta name=\"twitter:label2\" content=\"Gesch\u00e4tzte Lesezeit\" \/>\n\t<meta name=\"twitter:data2\" content=\"2\u00a0Minuten\" \/>\n<script type=\"application\/ld+json\" class=\"yoast-schema-graph\">{\"@context\":\"https:\/\/schema.org\",\"@graph\":[{\"@type\":\"WebPage\",\"@id\":\"https:\/\/www.vkd.com\/lv-bayern\/news\/jubilaeum-40-jahre-vkd\/\",\"url\":\"https:\/\/www.vkd.com\/lv-bayern\/news\/jubilaeum-40-jahre-vkd\/\",\"name\":\"Jubil\u00e4um - 40 Jahre VKD - Landesverband der K\u00f6che Bayern\",\"isPartOf\":{\"@id\":\"https:\/\/www.vkd.com\/lv-bayern\/#website\"},\"datePublished\":\"2025-08-08T12:05:01+00:00\",\"dateModified\":\"2025-08-08T12:05:01+00:00\",\"author\":{\"@id\":\"https:\/\/www.vkd.com\/lv-bayern\/#\/schema\/person\/19c4bb106ca4de98c60e2cb5ac7f572f\"},\"breadcrumb\":{\"@id\":\"https:\/\/www.vkd.com\/lv-bayern\/news\/jubilaeum-40-jahre-vkd\/#breadcrumb\"},\"inLanguage\":\"de\",\"potentialAction\":[{\"@type\":\"ReadAction\",\"target\":[\"https:\/\/www.vkd.com\/lv-bayern\/news\/jubilaeum-40-jahre-vkd\/\"]}]},{\"@type\":\"BreadcrumbList\",\"@id\":\"https:\/\/www.vkd.com\/lv-bayern\/news\/jubilaeum-40-jahre-vkd\/#breadcrumb\",\"itemListElement\":[{\"@type\":\"ListItem\",\"position\":1,\"name\":\"Startseite\",\"item\":\"https:\/\/www.vkd.com\/lv-bayern\/\"},{\"@type\":\"ListItem\",\"position\":2,\"name\":\"Jubil\u00e4um &#8211; 40 Jahre VKD\"}]},{\"@type\":\"WebSite\",\"@id\":\"https:\/\/www.vkd.com\/lv-bayern\/#website\",\"url\":\"https:\/\/www.vkd.com\/lv-bayern\/\",\"name\":\"Landesverband der K\u00f6che Bayern\",\"description\":\"Landesverband im Verband der K\u00f6che Deutschlands e.V.\",\"potentialAction\":[{\"@type\":\"SearchAction\",\"target\":{\"@type\":\"EntryPoint\",\"urlTemplate\":\"https:\/\/www.vkd.com\/lv-bayern\/?s={search_term_string}\"},\"query-input\":\"required name=search_term_string\"}],\"inLanguage\":\"de\"},{\"@type\":\"Person\",\"@id\":\"https:\/\/www.vkd.com\/lv-bayern\/#\/schema\/person\/19c4bb106ca4de98c60e2cb5ac7f572f\",\"name\":\"Kostadinov Alexander\",\"image\":{\"@type\":\"ImageObject\",\"inLanguage\":\"de\",\"@id\":\"https:\/\/www.vkd.com\/lv-bayern\/#\/schema\/person\/image\/\",\"url\":\"https:\/\/secure.gravatar.com\/avatar\/b0cb85e5c215fe1114e6d2404492358d?s=96&d=mm&r=g\",\"contentUrl\":\"https:\/\/secure.gravatar.com\/avatar\/b0cb85e5c215fe1114e6d2404492358d?s=96&d=mm&r=g\",\"caption\":\"Kostadinov Alexander\"},\"url\":\"https:\/\/www.vkd.com\/lv-bayern\/news\/author\/gentscher-jungentscher-de\/\"}]}<\/script>\n<!-- \/ Yoast SEO plugin. -->","yoast_head_json":{"title":"Jubil\u00e4um - 40 Jahre VKD - Landesverband der K\u00f6che Bayern","robots":{"index":"noindex","follow":"follow","max-snippet":"max-snippet:-1","max-image-preview":"max-image-preview:large","max-video-preview":"max-video-preview:-1"},"og_locale":"de_DE","og_type":"article","og_title":"Jubil\u00e4um - 40 Jahre VKD - Landesverband der K\u00f6che Bayern","og_description":"Liam McMahon aus Lindau feiert sein 40-j\u00e4hriges Jubil\u00e4um im Verband der K\u00f6che Deutschlands (VKD) Mit gro\u00dfer Freude und Stolz blickt Liam McMahon aus Lindau auf sein beeindruckendes 40-j\u00e4hriges Engagement im Verband der K\u00f6che Deutschlands (VKD) zur\u00fcck. Seit vier Jahrzehnten ist er eine engagierte und gesch\u00e4tzte Pers\u00f6nlichkeit in der deutschen Kochkunst und setzt sich mit Leidenschaft...","og_url":"https:\/\/www.vkd.com\/lv-bayern\/news\/jubilaeum-40-jahre-vkd\/","og_site_name":"Landesverband der K\u00f6che Bayern","article_published_time":"2025-08-08T12:05:01+00:00","og_image":[{"width":1276,"height":1600,"url":"https:\/\/www.vkd.com\/lv-bayern\/wp-content\/uploads\/sites\/14\/2025\/08\/IMG-20250807-WA0005.jpg","type":"image\/jpeg"}],"author":"Kostadinov Alexander","twitter_card":"summary_large_image","twitter_misc":{"Verfasst von":"Kostadinov Alexander","Gesch\u00e4tzte Lesezeit":"2\u00a0Minuten"},"schema":{"@context":"https:\/\/schema.org","@graph":[{"@type":"WebPage","@id":"https:\/\/www.vkd.com\/lv-bayern\/news\/jubilaeum-40-jahre-vkd\/","url":"https:\/\/www.vkd.com\/lv-bayern\/news\/jubilaeum-40-jahre-vkd\/","name":"Jubil\u00e4um - 40 Jahre VKD - Landesverband der K\u00f6che Bayern","isPartOf":{"@id":"https:\/\/www.vkd.com\/lv-bayern\/#website"},"datePublished":"2025-08-08T12:05:01+00:00","dateModified":"2025-08-08T12:05:01+00:00","author":{"@id":"https:\/\/www.vkd.com\/lv-bayern\/#\/schema\/person\/19c4bb106ca4de98c60e2cb5ac7f572f"},"breadcrumb":{"@id":"https:\/\/www.vkd.com\/lv-bayern\/news\/jubilaeum-40-jahre-vkd\/#breadcrumb"},"inLanguage":"de","potentialAction":[{"@type":"ReadAction","target":["https:\/\/www.vkd.com\/lv-bayern\/news\/jubilaeum-40-jahre-vkd\/"]}]},{"@type":"BreadcrumbList","@id":"https:\/\/www.vkd.com\/lv-bayern\/news\/jubilaeum-40-jahre-vkd\/#breadcrumb","itemListElement":[{"@type":"ListItem","position":1,"name":"Startseite","item":"https:\/\/www.vkd.com\/lv-bayern\/"},{"@type":"ListItem","position":2,"name":"Jubil\u00e4um &#8211; 40 Jahre VKD"}]},{"@type":"WebSite","@id":"https:\/\/www.vkd.com\/lv-bayern\/#website","url":"https:\/\/www.vkd.com\/lv-bayern\/","name":"Landesverband der K\u00f6che Bayern","description":"Landesverband im Verband der K\u00f6che Deutschlands e.V.","potentialAction":[{"@type":"SearchAction","target":{"@type":"EntryPoint","urlTemplate":"https:\/\/www.vkd.com\/lv-bayern\/?s={search_term_string}"},"query-input":"required name=search_term_string"}],"inLanguage":"de"},{"@type":"Person","@id":"https:\/\/www.vkd.com\/lv-bayern\/#\/schema\/person\/19c4bb106ca4de98c60e2cb5ac7f572f","name":"Kostadinov Alexander","image":{"@type":"ImageObject","inLanguage":"de","@id":"https:\/\/www.vkd.com\/lv-bayern\/#\/schema\/person\/image\/","url":"https:\/\/secure.gravatar.com\/avatar\/b0cb85e5c215fe1114e6d2404492358d?s=96&d=mm&r=g","contentUrl":"https:\/\/secure.gravatar.com\/avatar\/b0cb85e5c215fe1114e6d2404492358d?s=96&d=mm&r=g","caption":"Kostadinov Alexander"},"url":"https:\/\/www.vkd.com\/lv-bayern\/news\/author\/gentscher-jungentscher-de\/"}]}},"_links":{"self":[{"href":"https:\/\/www.vkd.com\/lv-bayern\/wp-json\/wp\/v2\/posts\/1666"}],"collection":[{"href":"https:\/\/www.vkd.com\/lv-bayern\/wp-json\/wp\/v2\/posts"}],"about":[{"href":"https:\/\/www.vkd.com\/lv-bayern\/wp-json\/wp\/v2\/types\/post"}],"author":[{"embeddable":true,"href":"https:\/\/www.vkd.com\/lv-bayern\/wp-json\/wp\/v2\/users\/1955"}],"replies":[{"embeddable":true,"href":"https:\/\/www.vkd.com\/lv-bayern\/wp-json\/wp\/v2\/comments?post=1666"}],"version-history":[{"count":2,"href":"https:\/\/www.vkd.com\/lv-bayern\/wp-json\/wp\/v2\/posts\/1666\/revisions"}],"predecessor-version":[{"id":1669,"href":"https:\/\/www.vkd.com\/lv-bayern\/wp-json\/wp\/v2\/posts\/1666\/revisions\/1669"}],"wp:featuredmedia":[{"embeddable":true,"href":"https:\/\/www.vkd.com\/lv-bayern\/wp-json\/wp\/v2\/media\/1667"}],"wp:attachment":[{"href":"https:\/\/www.vkd.com\/lv-bayern\/wp-json\/wp\/v2\/media?parent=1666"}],"wp:term":[{"taxonomy":"category","embeddable":true,"href":"https:\/\/www.vkd.com\/lv-bayern\/wp-json\/wp\/v2\/categories?post=1666"},{"taxonomy":"post_tag","embeddable":true,"href":"https:\/\/www.vkd.com\/lv-bayern\/wp-json\/wp\/v2\/tags?post=1666"}],"curies":[{"name":"wp","href":"https:\/\/api.w.org\/{rel}","templated":true}]}}