{"id":1599,"date":"2025-07-17T09:14:32","date_gmt":"2025-07-17T07:14:32","guid":{"rendered":"https:\/\/www.vkd.com\/lv-bayern\/?p=1599"},"modified":"2025-07-17T09:15:33","modified_gmt":"2025-07-17T07:15:33","slug":"antrag-auf-satzungsaenderung-gemeinsam-staerker","status":"publish","type":"post","link":"https:\/\/www.vkd.com\/lv-bayern\/news\/antrag-auf-satzungsaenderung-gemeinsam-staerker\/","title":{"rendered":"Antrag auf Satzungs\u00e4nderung: Gemeinsam st\u00e4rker"},"content":{"rendered":"<div class=\"custom-except\">\n<p>F\u00fcr die ordentliche Mitgliederversammlung (MV) am 27. September 2025 steht ein gemeinsamer Antrag auf Satzungs\u00e4nderung zur Abstimmung. Mehr zu Hintergrund und Inhalt.<\/p>\n<\/div>\n<h4 class=\"upcse\"><strong>\u201eEin wichtiger und richtiger Schritt f\u00fcr den VKD\u201c<\/strong><\/h4>\n<p><img decoding=\"async\" loading=\"lazy\" class=\"alignright wp-image-25325\" src=\"https:\/\/www.vkd.com\/wp-content\/uploads\/2021\/09\/Tuernich_8158.jpg\" alt=\"Christian T\u00fcrnich, VKD-Vizepr\u00e4sident West. Foto: VKD\/Wrobel\" width=\"220\" height=\"223\" \/><\/p>\n<p><span data-contrast=\"auto\">\u201eNach dem Abbruch der au\u00dferordentlichen Mitgliederversammlung nutzten der VKD-Gesamtvorstand als Antragsteller von Satzungsantrag A und die Initiatoren von Antrag B die Gelegenheit f\u00fcr ein Gespr\u00e4ch. Beide Antr\u00e4ge waren in weiten Teilen \u00e4hnlich, wenn nicht sogar identisch. Unterschiede gab es in einigen grunds\u00e4tzlichen, strukturellen Punkten. Antrag A stellte die strategische Neuausrichtung des VKD in den Mittelpunkt \u2013 mit modernen Wahlprozessen und einer neuen Verbandsstruktur aus Aufsichtsrat und hauptamtlichem Vorstand. Antrag B wollte die f\u00f6derale Beteiligung und die demokratische Tradition st\u00e4rken und die bestehende ehrenamtliche Struktur mit Pr\u00e4sidium und Gesamtvorstand erhalten.<\/span><span data-ccp-props=\"{&quot;134233117&quot;:false,&quot;134233118&quot;:false,&quot;201341983&quot;:0,&quot;335559738&quot;:0,&quot;335559739&quot;:160,&quot;335559740&quot;:257}\">\u00a0<\/span><\/p>\n<p><span data-contrast=\"auto\">In einem kurzfristig anberaumten Online-Termin wurde schnell klar: Beide Seiten verfolgen jeweils wichtige Ziele. Effiziente Strukturen und professionelles Management sind ebenso n\u00f6tig wie ehrenamtliches Engagement und basisdemokratische Entscheidungen. Auf dieser Grundlage konnte ein gemeinsamer Konsens erarbeitet werden, der in weiteren Gespr\u00e4chen konkretisiert wurde.<\/span><span data-ccp-props=\"{&quot;134233117&quot;:false,&quot;134233118&quot;:false,&quot;201341983&quot;:0,&quot;335559738&quot;:0,&quot;335559739&quot;:160,&quot;335559740&quot;:257}\">\u00a0<\/span><\/p>\n<p><span data-contrast=\"auto\">Der nun vorliegende gemeinsame Satzungs\u00e4nderungsantrag vereint beide Ans\u00e4tze: eine klare Aufteilung der Verantwortung zwischen Haupt- und Ehrenamt und die demokratische Wahl eines Pr\u00e4sidenten und drei Vizepr\u00e4sidenten durch die Mitglieder. Antragsteller sind der VKD-Gesamtvorstand sowie Karl Haaf und Johann Grassmugg, die dem Vorschlag \u2013 mehrheitlich im Namen der Antragsteller B \u2013 zugestimmt haben.<\/span><span data-ccp-props=\"{&quot;134233117&quot;:false,&quot;134233118&quot;:false,&quot;201341983&quot;:0,&quot;335559738&quot;:0,&quot;335559739&quot;:160,&quot;335559740&quot;:257}\">\u00a0<\/span><\/p>\n<p><span data-contrast=\"auto\">Kern des Modells ist ein ehrenamtlicher Pr\u00e4sidialrat bestehend aus den Landesverbandsvorsitzenden mit einem basisdemokratisch gew\u00e4hlten Pr\u00e4sidenten und drei Vizepr\u00e4sidenten. Die laufenden Gesch\u00e4fte des Verbands werden von einer hauptamtlichen Gesch\u00e4ftsf\u00fchrung gef\u00fchrt. Das erm\u00f6glicht Entlastung und Fokus auf das Wesentliche einerseits \u2013 und mehr Professionalit\u00e4t andererseits. Ein wichtiger und richtiger Schritt f\u00fcr den VKD, um aktuelle und k\u00fcnftige Herausforderungen entschlossen anzugehen.\u201c<\/span><\/p>\n<p><strong>\u00a0\u2013 Statement von VKD-Vizepr\u00e4sident Christian T\u00fcrnich\u00a0<\/strong><\/p>\n<hr \/>\n<h4 class=\"upcse\"><b><span data-contrast=\"none\">Das Wichtigste auf einen Blick<\/span><\/b><\/h4>\n<p><b><span data-contrast=\"none\">Antragsteller:\u00a0<\/span><\/b><span data-contrast=\"none\">Gesamtvorstand des VKD gemeinsam mit Karl Haaf und Johann Grassmugg<\/span><span data-ccp-props=\"{&quot;134233117&quot;:false,&quot;134233118&quot;:false,&quot;201341983&quot;:0,&quot;335559738&quot;:100,&quot;335559739&quot;:100,&quot;335559740&quot;:257}\">\u00a0<\/span><\/p>\n<p><a href=\"https:\/\/www.vkd.com\/wp-content\/uploads\/2025\/07\/FINAL_VKD-Satzung_MV-09_25.pdf\" target=\"_blank\" rel=\"noopener\"><strong>DOWNLOAD Antrag auf Satzungs\u00e4nderung<\/strong><\/a><\/p>\n<blockquote><p><span data-contrast=\"none\">Zu den Organen des VKD geh\u00f6ren neben der Mitgliederversammlung der\u00a0<b>ehrenamtliche Pr\u00e4sidialrat<\/b>\u00a0und die\u00a0<b>hauptamtliche Gesch\u00e4ftsf\u00fchrung<\/b>.\u00a0\u00a0<\/span><\/p>\n<p><span data-contrast=\"none\"><br \/>\nDer\u00a0<\/span><b><span data-contrast=\"none\">Pr\u00e4sidialrat<\/span><\/b><span data-contrast=\"none\">\u00a0setzt sich zusammen aus:<\/span><span data-ccp-props=\"{&quot;134233117&quot;:false,&quot;134233118&quot;:false,&quot;201341983&quot;:0,&quot;335559738&quot;:0,&quot;335559739&quot;:0,&quot;335559740&quot;:240}\">\u00a0<\/span><\/p>\n<ul>\n<li><span data-contrast=\"none\">den neun\u00a0<\/span><b><span data-contrast=\"none\">Landesverbandsvorsitzenden<\/span><\/b><span data-ccp-props=\"{&quot;134233117&quot;:false,&quot;134233118&quot;:false,&quot;201341983&quot;:0,&quot;335559738&quot;:0,&quot;335559739&quot;:0,&quot;335559740&quot;:240}\">\u00a0<\/span><\/li>\n<li><span data-contrast=\"none\">bis zu vier\u00a0<\/span><b><span data-contrast=\"none\">weiteren Mitgliedern<\/span><\/b><span data-contrast=\"none\">, die von den Landesverbandsvorsitzenden in den Pr\u00e4sidialrat berufen werden k\u00f6nnen. Dabei kann es sich um ordentliche oder au\u00dferordentliche Mitglieder sowie um externe Fachpersonen handeln. Diese sollen insbesondere zur Vernetzung und strategischen Weiterentwicklung des Verbandes beitragen.<\/span><span data-ccp-props=\"{&quot;134233117&quot;:true,&quot;134233118&quot;:true,&quot;201341983&quot;:0,&quot;335551550&quot;:1,&quot;335551620&quot;:1,&quot;335559685&quot;:720,&quot;335559737&quot;:0,&quot;335559740&quot;:240,&quot;335559991&quot;:360}\">\u00a0<\/span><\/li>\n<li><span data-contrast=\"none\">Aus diesem Kreis w\u00e4hlen die Mitglieder des Verbandes den<\/span><b><span data-contrast=\"none\">\u00a0Pr\u00e4sidenten\u00a0<\/span><\/b><span data-contrast=\"none\">und die<\/span><b><span data-contrast=\"none\">\u00a0drei Vizepr\u00e4sidenten<\/span><\/b><span data-contrast=\"none\">.<\/span><span data-ccp-props=\"{&quot;134233117&quot;:false,&quot;134233118&quot;:false,&quot;201341983&quot;:0,&quot;335559738&quot;:0,&quot;335559739&quot;:160,&quot;335559740&quot;:257}\">\u00a0<\/span><\/li>\n<li><span data-contrast=\"none\">Die Gesamtzahl der Mitglieder des Pr\u00e4sidialrates ist auf maximal 13 begrenzt.<\/span><span data-ccp-props=\"{&quot;134233117&quot;:false,&quot;134233118&quot;:false,&quot;201341983&quot;:0,&quot;335559738&quot;:0,&quot;335559739&quot;:160,&quot;335559740&quot;:257}\">\u00a0<\/span><\/li>\n<\/ul>\n<\/blockquote>\n<blockquote><p><b><span data-contrast=\"none\">Wer wird wie gew\u00e4hlt?<\/span><\/b><span data-ccp-props=\"{&quot;134233117&quot;:false,&quot;134233118&quot;:false,&quot;201341983&quot;:0,&quot;335559738&quot;:0,&quot;335559739&quot;:160,&quot;335559740&quot;:257}\">\u00a0<\/span><\/p>\n<ol>\n<li><span data-contrast=\"none\">Im Rahmen der Fr\u00fchjahrstagungen w\u00e4hlen die VKD-Mitglieder ihren jeweiligen Landesverbandsvorsitzenden. Diese sind automatisch Mitglieder des Pr\u00e4sidialrats, der durch vier weitere \u201eExterne\u201c erg\u00e4nzt werden kann.\u00a0<\/span><span data-ccp-props=\"{&quot;134233117&quot;:false,&quot;134233118&quot;:false,&quot;201341983&quot;:0,&quot;335559738&quot;:240,&quot;335559739&quot;:240,&quot;335559740&quot;:257}\">\u00a0<\/span><\/li>\n<li><span data-contrast=\"auto\">Im Fr\u00fchjahr \u2013 nach den Wahlen in den Landesverb\u00e4nden und vor der Mitgliederversammlung \u2013 schlagen die Mitglieder des Pr\u00e4sidialrates schriftlich vor, wer f\u00fcr das Amt des Pr\u00e4sidenten oder der Vizepr\u00e4sidenten kandidieren m\u00f6chte. Die Kandidaten m\u00fcssen aus dem Kreis der 13 Personen stammen, die zu diesem Zeitpunkt im Pr\u00e4sidialrat sind.<\/span><span data-ccp-props=\"{&quot;134233117&quot;:false,&quot;134233118&quot;:false,&quot;201341983&quot;:0,&quot;335559738&quot;:240,&quot;335559739&quot;:240,&quot;335559740&quot;:257}\"><br \/>\n<\/span><b><i><\/i><\/b><\/li>\n<li><span data-contrast=\"auto\">In einer Online-Wahl w\u00e4hlen alle VKD-Mitglieder aus den Kandidaten Pr\u00e4sident und Vizepr\u00e4sidenten f\u00fcr eine Amtszeit von vier Jahren.\u00a0<\/span><span data-ccp-props=\"{&quot;134233117&quot;:false,&quot;134233118&quot;:false,&quot;201341983&quot;:0,&quot;335559738&quot;:240,&quot;335559739&quot;:240,&quot;335559740&quot;:257}\">\u00a0<\/span><\/li>\n<\/ol>\n<p><b><i><span data-contrast=\"auto\">Wer darf kandidieren?<\/span><\/i><\/b><\/p>\n<ul>\n<li><i><span data-contrast=\"auto\">Pr\u00e4sident: Jedes ordentliche Mitglied im Pr\u00e4sidialrat<\/span><\/i><\/li>\n<li><i><span data-contrast=\"auto\">Vizepr\u00e4sident: Jedes Mitglied im Pr\u00e4sidialrat<\/span><\/i><span data-ccp-props=\"{&quot;134233117&quot;:false,&quot;134233118&quot;:false,&quot;201341983&quot;:0,&quot;335559685&quot;:1428,&quot;335559738&quot;:240,&quot;335559739&quot;:240,&quot;335559740&quot;:257,&quot;335559991&quot;:0}\">\u00a0<\/span><\/li>\n<\/ul>\n<\/blockquote>\n<hr \/>\n<blockquote><p><strong>Hinweis<\/strong><\/p>\n<p><span data-contrast=\"none\">Wahlberechtigte Mitglieder k\u00f6nnen am 27. September im Rahmen der MV online \u00fcber die \u00c4nderung abstimmen. Eine Briefwahl ist f\u00fcr eine Satzungs\u00e4nderung nicht m\u00f6glich. Warum? Das k\u00f6nnt ihr\u00a0<a href=\"https:\/\/www.vkd.com\/news\/was-geschah-und-wie-es-weitergeht-antworten-zur-ausserordentlichen-mv\/\">hier<\/a>\u00a0nachlesen.\u00a0<\/span><span data-contrast=\"none\">Die VKD-Satzung ist unser rechtlicher Rahmen und \u00f6ffentlich einsehbar unter\u00a0<\/span><a href=\"https:\/\/www.vkd.com\/mitgliedschaft\/satzung\"><span data-contrast=\"none\">www.vkd.com\/mitgliedschaft\/satzung<\/span><\/a><span data-contrast=\"none\">. Bei Fragen oder Unklarheiten wendet euch bitte an die Gesch\u00e4ftsstelle oder ein Mitglied des Gesamtvorstands \u2013 wir erkl\u00e4ren euch gerne, was m\u00f6glich ist und was nicht. \u00a0<\/span><\/p><\/blockquote>\n<p><a href=\"https:\/\/www.vkd.com\/mv-2025\/\" target=\"_blank\" rel=\"noopener\"><strong>Alle Infos zur 22. ordentlichen Mitgliederversammlung<\/strong><\/a><\/p>\n","protected":false},"excerpt":{"rendered":"<p>F\u00fcr die ordentliche Mitgliederversammlung (MV) am 27. September 2025 steht ein gemeinsamer Antrag auf Satzungs\u00e4nderung zur Abstimmung. Mehr zu Hintergrund und Inhalt. \u201eEin wichtiger und richtiger Schritt f\u00fcr den VKD\u201c \u201eNach dem Abbruch der au\u00dferordentlichen Mitgliederversammlung nutzten der VKD-Gesamtvorstand als Antragsteller von Satzungsantrag A und die Initiatoren von Antrag B die Gelegenheit f\u00fcr ein Gespr\u00e4ch&#8230;.<\/p>\n","protected":false},"author":1955,"featured_media":1600,"comment_status":"closed","ping_status":"open","sticky":false,"template":"","format":"standard","meta":[],"categories":[1],"tags":[5,20,19,9,8],"yoast_head":"<!-- This site is optimized with the Yoast SEO plugin v20.0 - https:\/\/yoast.com\/wordpress\/plugins\/seo\/ -->\n<title>Antrag auf Satzungs\u00e4nderung: Gemeinsam st\u00e4rker - Landesverband der K\u00f6che Bayern<\/title>\n<meta name=\"robots\" content=\"noindex, follow, max-snippet:-1, max-image-preview:large, max-video-preview:-1\" \/>\n<meta property=\"og:locale\" content=\"de_DE\" \/>\n<meta property=\"og:type\" content=\"article\" \/>\n<meta property=\"og:title\" content=\"Antrag auf Satzungs\u00e4nderung: Gemeinsam st\u00e4rker - Landesverband der K\u00f6che Bayern\" \/>\n<meta property=\"og:description\" content=\"F\u00fcr die ordentliche Mitgliederversammlung (MV) am 27. September 2025 steht ein gemeinsamer Antrag auf Satzungs\u00e4nderung zur Abstimmung. Mehr zu Hintergrund und Inhalt. \u201eEin wichtiger und richtiger Schritt f\u00fcr den VKD\u201c \u201eNach dem Abbruch der au\u00dferordentlichen Mitgliederversammlung nutzten der VKD-Gesamtvorstand als Antragsteller von Satzungsantrag A und die Initiatoren von Antrag B die Gelegenheit f\u00fcr ein Gespr\u00e4ch....\" \/>\n<meta property=\"og:url\" content=\"https:\/\/www.vkd.com\/lv-bayern\/news\/antrag-auf-satzungsaenderung-gemeinsam-staerker\/\" \/>\n<meta property=\"og:site_name\" content=\"Landesverband der K\u00f6che Bayern\" \/>\n<meta property=\"article:published_time\" content=\"2025-07-17T07:14:32+00:00\" \/>\n<meta property=\"article:modified_time\" content=\"2025-07-17T07:15:33+00:00\" \/>\n<meta property=\"og:image\" content=\"https:\/\/www.vkd.com\/lv-bayern\/wp-content\/uploads\/sites\/14\/2025\/07\/Collagen-divers-Quer-18001200-7-1024x683-1.png\" \/>\n\t<meta property=\"og:image:width\" content=\"1024\" \/>\n\t<meta property=\"og:image:height\" content=\"683\" \/>\n\t<meta property=\"og:image:type\" content=\"image\/png\" \/>\n<meta name=\"author\" content=\"Kostadinov Alexander\" \/>\n<meta name=\"twitter:card\" content=\"summary_large_image\" \/>\n<meta name=\"twitter:label1\" content=\"Verfasst von\" \/>\n\t<meta name=\"twitter:data1\" content=\"Kostadinov Alexander\" \/>\n\t<meta name=\"twitter:label2\" content=\"Gesch\u00e4tzte Lesezeit\" \/>\n\t<meta name=\"twitter:data2\" content=\"4\u00a0Minuten\" \/>\n<script type=\"application\/ld+json\" class=\"yoast-schema-graph\">{\"@context\":\"https:\/\/schema.org\",\"@graph\":[{\"@type\":\"WebPage\",\"@id\":\"https:\/\/www.vkd.com\/lv-bayern\/news\/antrag-auf-satzungsaenderung-gemeinsam-staerker\/\",\"url\":\"https:\/\/www.vkd.com\/lv-bayern\/news\/antrag-auf-satzungsaenderung-gemeinsam-staerker\/\",\"name\":\"Antrag auf Satzungs\u00e4nderung: Gemeinsam st\u00e4rker - Landesverband der K\u00f6che Bayern\",\"isPartOf\":{\"@id\":\"https:\/\/www.vkd.com\/lv-bayern\/#website\"},\"datePublished\":\"2025-07-17T07:14:32+00:00\",\"dateModified\":\"2025-07-17T07:15:33+00:00\",\"author\":{\"@id\":\"https:\/\/www.vkd.com\/lv-bayern\/#\/schema\/person\/19c4bb106ca4de98c60e2cb5ac7f572f\"},\"breadcrumb\":{\"@id\":\"https:\/\/www.vkd.com\/lv-bayern\/news\/antrag-auf-satzungsaenderung-gemeinsam-staerker\/#breadcrumb\"},\"inLanguage\":\"de\",\"potentialAction\":[{\"@type\":\"ReadAction\",\"target\":[\"https:\/\/www.vkd.com\/lv-bayern\/news\/antrag-auf-satzungsaenderung-gemeinsam-staerker\/\"]}]},{\"@type\":\"BreadcrumbList\",\"@id\":\"https:\/\/www.vkd.com\/lv-bayern\/news\/antrag-auf-satzungsaenderung-gemeinsam-staerker\/#breadcrumb\",\"itemListElement\":[{\"@type\":\"ListItem\",\"position\":1,\"name\":\"Startseite\",\"item\":\"https:\/\/www.vkd.com\/lv-bayern\/\"},{\"@type\":\"ListItem\",\"position\":2,\"name\":\"Antrag auf Satzungs\u00e4nderung: Gemeinsam st\u00e4rker\"}]},{\"@type\":\"WebSite\",\"@id\":\"https:\/\/www.vkd.com\/lv-bayern\/#website\",\"url\":\"https:\/\/www.vkd.com\/lv-bayern\/\",\"name\":\"Landesverband der K\u00f6che Bayern\",\"description\":\"Landesverband im Verband der K\u00f6che Deutschlands e.V.\",\"potentialAction\":[{\"@type\":\"SearchAction\",\"target\":{\"@type\":\"EntryPoint\",\"urlTemplate\":\"https:\/\/www.vkd.com\/lv-bayern\/?s={search_term_string}\"},\"query-input\":\"required name=search_term_string\"}],\"inLanguage\":\"de\"},{\"@type\":\"Person\",\"@id\":\"https:\/\/www.vkd.com\/lv-bayern\/#\/schema\/person\/19c4bb106ca4de98c60e2cb5ac7f572f\",\"name\":\"Kostadinov Alexander\",\"image\":{\"@type\":\"ImageObject\",\"inLanguage\":\"de\",\"@id\":\"https:\/\/www.vkd.com\/lv-bayern\/#\/schema\/person\/image\/\",\"url\":\"https:\/\/secure.gravatar.com\/avatar\/b0cb85e5c215fe1114e6d2404492358d?s=96&d=mm&r=g\",\"contentUrl\":\"https:\/\/secure.gravatar.com\/avatar\/b0cb85e5c215fe1114e6d2404492358d?s=96&d=mm&r=g\",\"caption\":\"Kostadinov Alexander\"},\"url\":\"https:\/\/www.vkd.com\/lv-bayern\/news\/author\/gentscher-jungentscher-de\/\"}]}<\/script>\n<!-- \/ Yoast SEO plugin. -->","yoast_head_json":{"title":"Antrag auf Satzungs\u00e4nderung: Gemeinsam st\u00e4rker - Landesverband der K\u00f6che Bayern","robots":{"index":"noindex","follow":"follow","max-snippet":"max-snippet:-1","max-image-preview":"max-image-preview:large","max-video-preview":"max-video-preview:-1"},"og_locale":"de_DE","og_type":"article","og_title":"Antrag auf Satzungs\u00e4nderung: Gemeinsam st\u00e4rker - Landesverband der K\u00f6che Bayern","og_description":"F\u00fcr die ordentliche Mitgliederversammlung (MV) am 27. September 2025 steht ein gemeinsamer Antrag auf Satzungs\u00e4nderung zur Abstimmung. Mehr zu Hintergrund und Inhalt. \u201eEin wichtiger und richtiger Schritt f\u00fcr den VKD\u201c \u201eNach dem Abbruch der au\u00dferordentlichen Mitgliederversammlung nutzten der VKD-Gesamtvorstand als Antragsteller von Satzungsantrag A und die Initiatoren von Antrag B die Gelegenheit f\u00fcr ein Gespr\u00e4ch....","og_url":"https:\/\/www.vkd.com\/lv-bayern\/news\/antrag-auf-satzungsaenderung-gemeinsam-staerker\/","og_site_name":"Landesverband der K\u00f6che Bayern","article_published_time":"2025-07-17T07:14:32+00:00","article_modified_time":"2025-07-17T07:15:33+00:00","og_image":[{"width":1024,"height":683,"url":"https:\/\/www.vkd.com\/lv-bayern\/wp-content\/uploads\/sites\/14\/2025\/07\/Collagen-divers-Quer-18001200-7-1024x683-1.png","type":"image\/png"}],"author":"Kostadinov Alexander","twitter_card":"summary_large_image","twitter_misc":{"Verfasst von":"Kostadinov Alexander","Gesch\u00e4tzte Lesezeit":"4\u00a0Minuten"},"schema":{"@context":"https:\/\/schema.org","@graph":[{"@type":"WebPage","@id":"https:\/\/www.vkd.com\/lv-bayern\/news\/antrag-auf-satzungsaenderung-gemeinsam-staerker\/","url":"https:\/\/www.vkd.com\/lv-bayern\/news\/antrag-auf-satzungsaenderung-gemeinsam-staerker\/","name":"Antrag auf Satzungs\u00e4nderung: Gemeinsam st\u00e4rker - Landesverband der K\u00f6che Bayern","isPartOf":{"@id":"https:\/\/www.vkd.com\/lv-bayern\/#website"},"datePublished":"2025-07-17T07:14:32+00:00","dateModified":"2025-07-17T07:15:33+00:00","author":{"@id":"https:\/\/www.vkd.com\/lv-bayern\/#\/schema\/person\/19c4bb106ca4de98c60e2cb5ac7f572f"},"breadcrumb":{"@id":"https:\/\/www.vkd.com\/lv-bayern\/news\/antrag-auf-satzungsaenderung-gemeinsam-staerker\/#breadcrumb"},"inLanguage":"de","potentialAction":[{"@type":"ReadAction","target":["https:\/\/www.vkd.com\/lv-bayern\/news\/antrag-auf-satzungsaenderung-gemeinsam-staerker\/"]}]},{"@type":"BreadcrumbList","@id":"https:\/\/www.vkd.com\/lv-bayern\/news\/antrag-auf-satzungsaenderung-gemeinsam-staerker\/#breadcrumb","itemListElement":[{"@type":"ListItem","position":1,"name":"Startseite","item":"https:\/\/www.vkd.com\/lv-bayern\/"},{"@type":"ListItem","position":2,"name":"Antrag auf Satzungs\u00e4nderung: Gemeinsam st\u00e4rker"}]},{"@type":"WebSite","@id":"https:\/\/www.vkd.com\/lv-bayern\/#website","url":"https:\/\/www.vkd.com\/lv-bayern\/","name":"Landesverband der K\u00f6che Bayern","description":"Landesverband im Verband der K\u00f6che Deutschlands e.V.","potentialAction":[{"@type":"SearchAction","target":{"@type":"EntryPoint","urlTemplate":"https:\/\/www.vkd.com\/lv-bayern\/?s={search_term_string}"},"query-input":"required name=search_term_string"}],"inLanguage":"de"},{"@type":"Person","@id":"https:\/\/www.vkd.com\/lv-bayern\/#\/schema\/person\/19c4bb106ca4de98c60e2cb5ac7f572f","name":"Kostadinov Alexander","image":{"@type":"ImageObject","inLanguage":"de","@id":"https:\/\/www.vkd.com\/lv-bayern\/#\/schema\/person\/image\/","url":"https:\/\/secure.gravatar.com\/avatar\/b0cb85e5c215fe1114e6d2404492358d?s=96&d=mm&r=g","contentUrl":"https:\/\/secure.gravatar.com\/avatar\/b0cb85e5c215fe1114e6d2404492358d?s=96&d=mm&r=g","caption":"Kostadinov Alexander"},"url":"https:\/\/www.vkd.com\/lv-bayern\/news\/author\/gentscher-jungentscher-de\/"}]}},"_links":{"self":[{"href":"https:\/\/www.vkd.com\/lv-bayern\/wp-json\/wp\/v2\/posts\/1599"}],"collection":[{"href":"https:\/\/www.vkd.com\/lv-bayern\/wp-json\/wp\/v2\/posts"}],"about":[{"href":"https:\/\/www.vkd.com\/lv-bayern\/wp-json\/wp\/v2\/types\/post"}],"author":[{"embeddable":true,"href":"https:\/\/www.vkd.com\/lv-bayern\/wp-json\/wp\/v2\/users\/1955"}],"replies":[{"embeddable":true,"href":"https:\/\/www.vkd.com\/lv-bayern\/wp-json\/wp\/v2\/comments?post=1599"}],"version-history":[{"count":4,"href":"https:\/\/www.vkd.com\/lv-bayern\/wp-json\/wp\/v2\/posts\/1599\/revisions"}],"predecessor-version":[{"id":1604,"href":"https:\/\/www.vkd.com\/lv-bayern\/wp-json\/wp\/v2\/posts\/1599\/revisions\/1604"}],"wp:featuredmedia":[{"embeddable":true,"href":"https:\/\/www.vkd.com\/lv-bayern\/wp-json\/wp\/v2\/media\/1600"}],"wp:attachment":[{"href":"https:\/\/www.vkd.com\/lv-bayern\/wp-json\/wp\/v2\/media?parent=1599"}],"wp:term":[{"taxonomy":"category","embeddable":true,"href":"https:\/\/www.vkd.com\/lv-bayern\/wp-json\/wp\/v2\/categories?post=1599"},{"taxonomy":"post_tag","embeddable":true,"href":"https:\/\/www.vkd.com\/lv-bayern\/wp-json\/wp\/v2\/tags?post=1599"}],"curies":[{"name":"wp","href":"https:\/\/api.w.org\/{rel}","templated":true}]}}