{"id":1564,"date":"2025-07-02T18:09:19","date_gmt":"2025-07-02T16:09:19","guid":{"rendered":"https:\/\/www.vkd.com\/lv-bayern\/?p=1564"},"modified":"2025-07-02T18:09:19","modified_gmt":"2025-07-02T16:09:19","slug":"vkd-laedt-im-september-zur-22-ordentlichen-mv-ein","status":"publish","type":"post","link":"https:\/\/www.vkd.com\/lv-bayern\/news\/vkd-laedt-im-september-zur-22-ordentlichen-mv-ein\/","title":{"rendered":"VKD l\u00e4dt im September zur 22. ordentlichen MV ein"},"content":{"rendered":"<div class=\"custom-except\">\n<p>Im September l\u00e4dt der VKD zur hybriden Mitgliederversammlung ein, hier steht erneut das Thema Satzung im Fokus. Vorab k\u00f6nnen VKD-Mitglieder ihre Stimme bei der Pr\u00e4sidiumswahl abgeben. Alle wichtigen Infos gibt es hier.<\/p>\n<\/div>\n<p><span data-contrast=\"auto\">Ein Verband lebt von der Beteiligung seiner Mitglieder \u2013 das zeigt sich besonders in seinem wichtigsten Organ: der Mitgliederversammlung (MV). Sie findet im Vier-Jahres-Rhythmus statt und bietet allen Mitgliedern die Gelegenheit, sich \u00fcber Entwicklungen im Verband zu informieren, Weichenstellungen mitzugestalten und sich aktiv einzubringen. Zur n\u00e4chsten, der\u00a0<\/span><b><span data-contrast=\"auto\">22. ordentlichen Mitgliederversammlung<\/span><\/b><span data-contrast=\"auto\">, l\u00e4dt der VKD am\u00a0<\/span><b><span data-contrast=\"auto\">27. September 2025<\/span><\/b><span data-contrast=\"auto\">\u00a0nach Frankfurt am Main ein. Nachdem die Versammlung 2021 pandemiebedingt ausschlie\u00dflich digital stattfinden konnte, freuen wir uns in diesem Jahr auf ein pers\u00f6nliches Wiedersehen in Pr\u00e4senz mit der M\u00f6glichkeit, auch online dabei zu sein. Tagungsort ist das Scandic Hotel Frankfurt Museumsufer \u2013 alle VKD-Mitglieder sind herzlich willkommen.<\/span><span data-ccp-props=\"{}\">\u00a0<\/span><\/p>\n<p><span data-contrast=\"auto\">Eines bleibt digital: die Wahl des VKD-Pr\u00e4sidiums. Seit 2017 ist die Online-Wahl fest in der Satzung verankert. Das\u00a0<\/span><b><span data-contrast=\"auto\">virtuelle Wahllokal \u00f6ffnet am 5. September 2025\u00a0<\/span><\/b><span data-contrast=\"auto\">und steht wahlberechtigten Mitgliedern den ganzen Tag \u00fcber zur Verf\u00fcgung. Die Stimmabgabe kann flexibel per Smartphone, Tablet oder PC erfolgen. Die Zugangsdaten zur digitalen Wahl werden im Vorfeld versendet. Mitglieder, die an der Online-Wahl nicht teilnehmen k\u00f6nnen, haben die M\u00f6glichkeit, bis sp\u00e4testens 25. Juli 2025 Briefwahlunterlagen bei der VKD-Gesch\u00e4ftsstelle zu beantragen. Infos zu den Kandidaten gibt es\u00a0<a href=\"https:\/\/www.vkd.com\/news\/wahl-2025-kandidaten\/\">hier<\/a>.<\/span><\/p>\n<p><span data-contrast=\"auto\">Das Wahlergebnis wird im Rahmen der Mitgliederversammlung bekannt gegeben. Au\u00dferdem haben die Mitglieder dort die M\u00f6glichkeit, \u00fcber eingereichte Antr\u00e4ge abzustimmen. Besonders im Fokus steht erneut das Thema Satzung: Bereits bei der\u00a0<a href=\"https:\/\/www.vkd.com\/ao-mv-2025\/\">au\u00dferordentlichen Mitgliederversammlung<\/a> Anfang Juni sollten zwei Antr\u00e4ge auf Satzungs\u00e4nderung (A und B) diskutiert werden \u2013 dies war jedoch aufgrund des vorzeitigen Abbruchs nicht m\u00f6glich. In der darauffolgenden Vorstandssitzung wurde mit Blick auf die regul\u00e4re Versammlung im September beschlossen, dass die Antragsteller von A und B \u00fcber einen neuen, gemeinsamen Vorschlag beraten m\u00f6chten. Der Vorstand war bei dieser Sitzung vollz\u00e4hlig vertreten \u2013, inklusive der beiden designierten Mitglieder aus Hessen und NRW. Die Stimmung war offen, konstruktiv und zukunftsorientiert \u2013 ein starkes Signal daf\u00fcr, dass auch aus einem schwierigen Ereignis <\/span><span data-contrast=\"auto\">wie dem Abbruch der au\u00dferordentlichen MV etwas Gutes entstehen kann.<\/span><span data-ccp-props=\"{&quot;134233117&quot;:false,&quot;134233118&quot;:false,&quot;335559738&quot;:240,&quot;335559739&quot;:240}\"><a href=\"https:\/\/www.vkd.com\/mv-2025\/\">\u00a0Weitere Updates folgen<\/a>.\u00a0<\/span><\/p>\n<p><a href=\"https:\/\/www.vkd.com\/wp-content\/uploads\/2025\/06\/Zeitplan-Mitgliederversammlung-2025.pdf\" target=\"_blank\" rel=\"noopener\"><span style=\"color: #99cc00\"><strong>Zeitplan Mitgliederversammlung 2025<\/strong><\/span><\/a><\/p>\n","protected":false},"excerpt":{"rendered":"<p>Im September l\u00e4dt der VKD zur hybriden Mitgliederversammlung ein, hier steht erneut das Thema Satzung im Fokus. Vorab k\u00f6nnen VKD-Mitglieder ihre Stimme bei der Pr\u00e4sidiumswahl abgeben. Alle wichtigen Infos gibt es hier. Ein Verband lebt von der Beteiligung seiner Mitglieder \u2013 das zeigt sich besonders in seinem wichtigsten Organ: der Mitgliederversammlung (MV). Sie findet im&#8230;<\/p>\n","protected":false},"author":1955,"featured_media":1565,"comment_status":"closed","ping_status":"open","sticky":false,"template":"","format":"standard","meta":[],"categories":[1],"tags":[],"yoast_head":"<!-- This site is optimized with the Yoast SEO plugin v20.0 - https:\/\/yoast.com\/wordpress\/plugins\/seo\/ -->\n<title>VKD l\u00e4dt im September zur 22. ordentlichen MV ein - Landesverband der K\u00f6che Bayern<\/title>\n<meta name=\"robots\" content=\"noindex, follow, max-snippet:-1, max-image-preview:large, max-video-preview:-1\" \/>\n<meta property=\"og:locale\" content=\"de_DE\" \/>\n<meta property=\"og:type\" content=\"article\" \/>\n<meta property=\"og:title\" content=\"VKD l\u00e4dt im September zur 22. ordentlichen MV ein - Landesverband der K\u00f6che Bayern\" \/>\n<meta property=\"og:description\" content=\"Im September l\u00e4dt der VKD zur hybriden Mitgliederversammlung ein, hier steht erneut das Thema Satzung im Fokus. Vorab k\u00f6nnen VKD-Mitglieder ihre Stimme bei der Pr\u00e4sidiumswahl abgeben. Alle wichtigen Infos gibt es hier. Ein Verband lebt von der Beteiligung seiner Mitglieder \u2013 das zeigt sich besonders in seinem wichtigsten Organ: der Mitgliederversammlung (MV). Sie findet im...\" \/>\n<meta property=\"og:url\" content=\"https:\/\/www.vkd.com\/lv-bayern\/news\/vkd-laedt-im-september-zur-22-ordentlichen-mv-ein\/\" \/>\n<meta property=\"og:site_name\" content=\"Landesverband der K\u00f6che Bayern\" \/>\n<meta property=\"article:published_time\" content=\"2025-07-02T16:09:19+00:00\" \/>\n<meta property=\"og:image\" content=\"https:\/\/www.vkd.com\/lv-bayern\/wp-content\/uploads\/sites\/14\/2025\/07\/VORLAGE_MV-Ticker_Titelfoto-Web-1024x683-1.png\" \/>\n\t<meta property=\"og:image:width\" content=\"1024\" \/>\n\t<meta property=\"og:image:height\" content=\"683\" \/>\n\t<meta property=\"og:image:type\" content=\"image\/png\" \/>\n<meta name=\"author\" content=\"Kostadinov Alexander\" \/>\n<meta name=\"twitter:card\" content=\"summary_large_image\" \/>\n<meta name=\"twitter:label1\" content=\"Verfasst von\" \/>\n\t<meta name=\"twitter:data1\" content=\"Kostadinov Alexander\" \/>\n\t<meta name=\"twitter:label2\" content=\"Gesch\u00e4tzte Lesezeit\" \/>\n\t<meta name=\"twitter:data2\" content=\"2\u00a0Minuten\" \/>\n<script type=\"application\/ld+json\" class=\"yoast-schema-graph\">{\"@context\":\"https:\/\/schema.org\",\"@graph\":[{\"@type\":\"WebPage\",\"@id\":\"https:\/\/www.vkd.com\/lv-bayern\/news\/vkd-laedt-im-september-zur-22-ordentlichen-mv-ein\/\",\"url\":\"https:\/\/www.vkd.com\/lv-bayern\/news\/vkd-laedt-im-september-zur-22-ordentlichen-mv-ein\/\",\"name\":\"VKD l\u00e4dt im September zur 22. ordentlichen MV ein - Landesverband der K\u00f6che Bayern\",\"isPartOf\":{\"@id\":\"https:\/\/www.vkd.com\/lv-bayern\/#website\"},\"datePublished\":\"2025-07-02T16:09:19+00:00\",\"dateModified\":\"2025-07-02T16:09:19+00:00\",\"author\":{\"@id\":\"https:\/\/www.vkd.com\/lv-bayern\/#\/schema\/person\/19c4bb106ca4de98c60e2cb5ac7f572f\"},\"breadcrumb\":{\"@id\":\"https:\/\/www.vkd.com\/lv-bayern\/news\/vkd-laedt-im-september-zur-22-ordentlichen-mv-ein\/#breadcrumb\"},\"inLanguage\":\"de\",\"potentialAction\":[{\"@type\":\"ReadAction\",\"target\":[\"https:\/\/www.vkd.com\/lv-bayern\/news\/vkd-laedt-im-september-zur-22-ordentlichen-mv-ein\/\"]}]},{\"@type\":\"BreadcrumbList\",\"@id\":\"https:\/\/www.vkd.com\/lv-bayern\/news\/vkd-laedt-im-september-zur-22-ordentlichen-mv-ein\/#breadcrumb\",\"itemListElement\":[{\"@type\":\"ListItem\",\"position\":1,\"name\":\"Startseite\",\"item\":\"https:\/\/www.vkd.com\/lv-bayern\/\"},{\"@type\":\"ListItem\",\"position\":2,\"name\":\"VKD l\u00e4dt im September zur 22. ordentlichen MV ein\"}]},{\"@type\":\"WebSite\",\"@id\":\"https:\/\/www.vkd.com\/lv-bayern\/#website\",\"url\":\"https:\/\/www.vkd.com\/lv-bayern\/\",\"name\":\"Landesverband der K\u00f6che Bayern\",\"description\":\"Landesverband im Verband der K\u00f6che Deutschlands e.V.\",\"potentialAction\":[{\"@type\":\"SearchAction\",\"target\":{\"@type\":\"EntryPoint\",\"urlTemplate\":\"https:\/\/www.vkd.com\/lv-bayern\/?s={search_term_string}\"},\"query-input\":\"required name=search_term_string\"}],\"inLanguage\":\"de\"},{\"@type\":\"Person\",\"@id\":\"https:\/\/www.vkd.com\/lv-bayern\/#\/schema\/person\/19c4bb106ca4de98c60e2cb5ac7f572f\",\"name\":\"Kostadinov Alexander\",\"image\":{\"@type\":\"ImageObject\",\"inLanguage\":\"de\",\"@id\":\"https:\/\/www.vkd.com\/lv-bayern\/#\/schema\/person\/image\/\",\"url\":\"https:\/\/secure.gravatar.com\/avatar\/b0cb85e5c215fe1114e6d2404492358d?s=96&d=mm&r=g\",\"contentUrl\":\"https:\/\/secure.gravatar.com\/avatar\/b0cb85e5c215fe1114e6d2404492358d?s=96&d=mm&r=g\",\"caption\":\"Kostadinov Alexander\"},\"url\":\"https:\/\/www.vkd.com\/lv-bayern\/news\/author\/gentscher-jungentscher-de\/\"}]}<\/script>\n<!-- \/ Yoast SEO plugin. -->","yoast_head_json":{"title":"VKD l\u00e4dt im September zur 22. ordentlichen MV ein - Landesverband der K\u00f6che Bayern","robots":{"index":"noindex","follow":"follow","max-snippet":"max-snippet:-1","max-image-preview":"max-image-preview:large","max-video-preview":"max-video-preview:-1"},"og_locale":"de_DE","og_type":"article","og_title":"VKD l\u00e4dt im September zur 22. ordentlichen MV ein - Landesverband der K\u00f6che Bayern","og_description":"Im September l\u00e4dt der VKD zur hybriden Mitgliederversammlung ein, hier steht erneut das Thema Satzung im Fokus. Vorab k\u00f6nnen VKD-Mitglieder ihre Stimme bei der Pr\u00e4sidiumswahl abgeben. Alle wichtigen Infos gibt es hier. Ein Verband lebt von der Beteiligung seiner Mitglieder \u2013 das zeigt sich besonders in seinem wichtigsten Organ: der Mitgliederversammlung (MV). Sie findet im...","og_url":"https:\/\/www.vkd.com\/lv-bayern\/news\/vkd-laedt-im-september-zur-22-ordentlichen-mv-ein\/","og_site_name":"Landesverband der K\u00f6che Bayern","article_published_time":"2025-07-02T16:09:19+00:00","og_image":[{"width":1024,"height":683,"url":"https:\/\/www.vkd.com\/lv-bayern\/wp-content\/uploads\/sites\/14\/2025\/07\/VORLAGE_MV-Ticker_Titelfoto-Web-1024x683-1.png","type":"image\/png"}],"author":"Kostadinov Alexander","twitter_card":"summary_large_image","twitter_misc":{"Verfasst von":"Kostadinov Alexander","Gesch\u00e4tzte Lesezeit":"2\u00a0Minuten"},"schema":{"@context":"https:\/\/schema.org","@graph":[{"@type":"WebPage","@id":"https:\/\/www.vkd.com\/lv-bayern\/news\/vkd-laedt-im-september-zur-22-ordentlichen-mv-ein\/","url":"https:\/\/www.vkd.com\/lv-bayern\/news\/vkd-laedt-im-september-zur-22-ordentlichen-mv-ein\/","name":"VKD l\u00e4dt im September zur 22. ordentlichen MV ein - Landesverband der K\u00f6che Bayern","isPartOf":{"@id":"https:\/\/www.vkd.com\/lv-bayern\/#website"},"datePublished":"2025-07-02T16:09:19+00:00","dateModified":"2025-07-02T16:09:19+00:00","author":{"@id":"https:\/\/www.vkd.com\/lv-bayern\/#\/schema\/person\/19c4bb106ca4de98c60e2cb5ac7f572f"},"breadcrumb":{"@id":"https:\/\/www.vkd.com\/lv-bayern\/news\/vkd-laedt-im-september-zur-22-ordentlichen-mv-ein\/#breadcrumb"},"inLanguage":"de","potentialAction":[{"@type":"ReadAction","target":["https:\/\/www.vkd.com\/lv-bayern\/news\/vkd-laedt-im-september-zur-22-ordentlichen-mv-ein\/"]}]},{"@type":"BreadcrumbList","@id":"https:\/\/www.vkd.com\/lv-bayern\/news\/vkd-laedt-im-september-zur-22-ordentlichen-mv-ein\/#breadcrumb","itemListElement":[{"@type":"ListItem","position":1,"name":"Startseite","item":"https:\/\/www.vkd.com\/lv-bayern\/"},{"@type":"ListItem","position":2,"name":"VKD l\u00e4dt im September zur 22. ordentlichen MV ein"}]},{"@type":"WebSite","@id":"https:\/\/www.vkd.com\/lv-bayern\/#website","url":"https:\/\/www.vkd.com\/lv-bayern\/","name":"Landesverband der K\u00f6che Bayern","description":"Landesverband im Verband der K\u00f6che Deutschlands e.V.","potentialAction":[{"@type":"SearchAction","target":{"@type":"EntryPoint","urlTemplate":"https:\/\/www.vkd.com\/lv-bayern\/?s={search_term_string}"},"query-input":"required name=search_term_string"}],"inLanguage":"de"},{"@type":"Person","@id":"https:\/\/www.vkd.com\/lv-bayern\/#\/schema\/person\/19c4bb106ca4de98c60e2cb5ac7f572f","name":"Kostadinov Alexander","image":{"@type":"ImageObject","inLanguage":"de","@id":"https:\/\/www.vkd.com\/lv-bayern\/#\/schema\/person\/image\/","url":"https:\/\/secure.gravatar.com\/avatar\/b0cb85e5c215fe1114e6d2404492358d?s=96&d=mm&r=g","contentUrl":"https:\/\/secure.gravatar.com\/avatar\/b0cb85e5c215fe1114e6d2404492358d?s=96&d=mm&r=g","caption":"Kostadinov Alexander"},"url":"https:\/\/www.vkd.com\/lv-bayern\/news\/author\/gentscher-jungentscher-de\/"}]}},"_links":{"self":[{"href":"https:\/\/www.vkd.com\/lv-bayern\/wp-json\/wp\/v2\/posts\/1564"}],"collection":[{"href":"https:\/\/www.vkd.com\/lv-bayern\/wp-json\/wp\/v2\/posts"}],"about":[{"href":"https:\/\/www.vkd.com\/lv-bayern\/wp-json\/wp\/v2\/types\/post"}],"author":[{"embeddable":true,"href":"https:\/\/www.vkd.com\/lv-bayern\/wp-json\/wp\/v2\/users\/1955"}],"replies":[{"embeddable":true,"href":"https:\/\/www.vkd.com\/lv-bayern\/wp-json\/wp\/v2\/comments?post=1564"}],"version-history":[{"count":5,"href":"https:\/\/www.vkd.com\/lv-bayern\/wp-json\/wp\/v2\/posts\/1564\/revisions"}],"predecessor-version":[{"id":1570,"href":"https:\/\/www.vkd.com\/lv-bayern\/wp-json\/wp\/v2\/posts\/1564\/revisions\/1570"}],"wp:featuredmedia":[{"embeddable":true,"href":"https:\/\/www.vkd.com\/lv-bayern\/wp-json\/wp\/v2\/media\/1565"}],"wp:attachment":[{"href":"https:\/\/www.vkd.com\/lv-bayern\/wp-json\/wp\/v2\/media?parent=1564"}],"wp:term":[{"taxonomy":"category","embeddable":true,"href":"https:\/\/www.vkd.com\/lv-bayern\/wp-json\/wp\/v2\/categories?post=1564"},{"taxonomy":"post_tag","embeddable":true,"href":"https:\/\/www.vkd.com\/lv-bayern\/wp-json\/wp\/v2\/tags?post=1564"}],"curies":[{"name":"wp","href":"https:\/\/api.w.org\/{rel}","templated":true}]}}