{"id":1561,"date":"2025-06-30T18:43:16","date_gmt":"2025-06-30T16:43:16","guid":{"rendered":"https:\/\/www.vkd.com\/lv-bayern\/?p=1561"},"modified":"2025-06-30T18:43:16","modified_gmt":"2025-06-30T16:43:16","slug":"ausserordentliche-mitgliederversammlung-2","status":"publish","type":"post","link":"https:\/\/www.vkd.com\/lv-bayern\/news\/ausserordentliche-mitgliederversammlung-2\/","title":{"rendered":"Au\u00dferordentliche Mitgliederversammlung"},"content":{"rendered":"<h4 class=\"upcse\">Update | 13. Juni<\/h4>\n<p>Am 12. Juni hat ein erster Arbeitstermin zwischen den Antragstellern A und B stattgefunden. Der digitale Austausch war offen und konstruktiv. Es ist und bleibt das erkl\u00e4rte Ziel aller Beteiligten, gemeinsame \u00c4nderungsvorschl\u00e4ge f\u00fcr die Satzung des VKD zu finden. Dazu wird es in den n\u00e4chsten Wochen weitere Abstimmungstermine geben.<\/p>\n","protected":false},"excerpt":{"rendered":"<p>Update | 13. Juni Am 12. Juni hat ein erster Arbeitstermin zwischen den Antragstellern A und B stattgefunden. Der digitale Austausch war offen und konstruktiv. Es ist und bleibt das erkl\u00e4rte Ziel aller Beteiligten, gemeinsame \u00c4nderungsvorschl\u00e4ge f\u00fcr die Satzung des VKD zu finden. Dazu wird es in den n\u00e4chsten Wochen weitere Abstimmungstermine geben.<\/p>\n","protected":false},"author":1955,"featured_media":1517,"comment_status":"closed","ping_status":"open","sticky":false,"template":"","format":"standard","meta":[],"categories":[1],"tags":[5,20,19,9,8],"yoast_head":"<!-- This site is optimized with the Yoast SEO plugin v20.0 - https:\/\/yoast.com\/wordpress\/plugins\/seo\/ -->\n<title>Au\u00dferordentliche Mitgliederversammlung - Landesverband der K\u00f6che Bayern<\/title>\n<meta name=\"robots\" content=\"noindex, follow, max-snippet:-1, max-image-preview:large, max-video-preview:-1\" \/>\n<meta property=\"og:locale\" content=\"de_DE\" \/>\n<meta property=\"og:type\" content=\"article\" \/>\n<meta property=\"og:title\" content=\"Au\u00dferordentliche Mitgliederversammlung - Landesverband der K\u00f6che Bayern\" \/>\n<meta property=\"og:description\" content=\"Update | 13. Juni Am 12. Juni hat ein erster Arbeitstermin zwischen den Antragstellern A und B stattgefunden. Der digitale Austausch war offen und konstruktiv. Es ist und bleibt das erkl\u00e4rte Ziel aller Beteiligten, gemeinsame \u00c4nderungsvorschl\u00e4ge f\u00fcr die Satzung des VKD zu finden. Dazu wird es in den n\u00e4chsten Wochen weitere Abstimmungstermine geben.\" \/>\n<meta property=\"og:url\" content=\"https:\/\/www.vkd.com\/lv-bayern\/news\/ausserordentliche-mitgliederversammlung-2\/\" \/>\n<meta property=\"og:site_name\" content=\"Landesverband der K\u00f6che Bayern\" \/>\n<meta property=\"article:published_time\" content=\"2025-06-30T16:43:16+00:00\" \/>\n<meta property=\"og:image\" content=\"https:\/\/www.vkd.com\/lv-bayern\/wp-content\/uploads\/sites\/14\/2025\/05\/IMG_8972-1024x768-1.jpeg\" \/>\n\t<meta property=\"og:image:width\" content=\"1024\" \/>\n\t<meta property=\"og:image:height\" content=\"768\" \/>\n\t<meta property=\"og:image:type\" content=\"image\/jpeg\" \/>\n<meta name=\"author\" content=\"Kostadinov Alexander\" \/>\n<meta name=\"twitter:card\" content=\"summary_large_image\" \/>\n<meta name=\"twitter:label1\" content=\"Verfasst von\" \/>\n\t<meta name=\"twitter:data1\" content=\"Kostadinov Alexander\" \/>\n\t<meta name=\"twitter:label2\" content=\"Gesch\u00e4tzte Lesezeit\" \/>\n\t<meta name=\"twitter:data2\" content=\"1\u00a0Minute\" \/>\n<script type=\"application\/ld+json\" class=\"yoast-schema-graph\">{\"@context\":\"https:\/\/schema.org\",\"@graph\":[{\"@type\":\"WebPage\",\"@id\":\"https:\/\/www.vkd.com\/lv-bayern\/news\/ausserordentliche-mitgliederversammlung-2\/\",\"url\":\"https:\/\/www.vkd.com\/lv-bayern\/news\/ausserordentliche-mitgliederversammlung-2\/\",\"name\":\"Au\u00dferordentliche Mitgliederversammlung - Landesverband der K\u00f6che Bayern\",\"isPartOf\":{\"@id\":\"https:\/\/www.vkd.com\/lv-bayern\/#website\"},\"datePublished\":\"2025-06-30T16:43:16+00:00\",\"dateModified\":\"2025-06-30T16:43:16+00:00\",\"author\":{\"@id\":\"https:\/\/www.vkd.com\/lv-bayern\/#\/schema\/person\/19c4bb106ca4de98c60e2cb5ac7f572f\"},\"breadcrumb\":{\"@id\":\"https:\/\/www.vkd.com\/lv-bayern\/news\/ausserordentliche-mitgliederversammlung-2\/#breadcrumb\"},\"inLanguage\":\"de\",\"potentialAction\":[{\"@type\":\"ReadAction\",\"target\":[\"https:\/\/www.vkd.com\/lv-bayern\/news\/ausserordentliche-mitgliederversammlung-2\/\"]}]},{\"@type\":\"BreadcrumbList\",\"@id\":\"https:\/\/www.vkd.com\/lv-bayern\/news\/ausserordentliche-mitgliederversammlung-2\/#breadcrumb\",\"itemListElement\":[{\"@type\":\"ListItem\",\"position\":1,\"name\":\"Startseite\",\"item\":\"https:\/\/www.vkd.com\/lv-bayern\/\"},{\"@type\":\"ListItem\",\"position\":2,\"name\":\"Au\u00dferordentliche Mitgliederversammlung\"}]},{\"@type\":\"WebSite\",\"@id\":\"https:\/\/www.vkd.com\/lv-bayern\/#website\",\"url\":\"https:\/\/www.vkd.com\/lv-bayern\/\",\"name\":\"Landesverband der K\u00f6che Bayern\",\"description\":\"Landesverband im Verband der K\u00f6che Deutschlands e.V.\",\"potentialAction\":[{\"@type\":\"SearchAction\",\"target\":{\"@type\":\"EntryPoint\",\"urlTemplate\":\"https:\/\/www.vkd.com\/lv-bayern\/?s={search_term_string}\"},\"query-input\":\"required name=search_term_string\"}],\"inLanguage\":\"de\"},{\"@type\":\"Person\",\"@id\":\"https:\/\/www.vkd.com\/lv-bayern\/#\/schema\/person\/19c4bb106ca4de98c60e2cb5ac7f572f\",\"name\":\"Kostadinov Alexander\",\"image\":{\"@type\":\"ImageObject\",\"inLanguage\":\"de\",\"@id\":\"https:\/\/www.vkd.com\/lv-bayern\/#\/schema\/person\/image\/\",\"url\":\"https:\/\/secure.gravatar.com\/avatar\/b0cb85e5c215fe1114e6d2404492358d?s=96&d=mm&r=g\",\"contentUrl\":\"https:\/\/secure.gravatar.com\/avatar\/b0cb85e5c215fe1114e6d2404492358d?s=96&d=mm&r=g\",\"caption\":\"Kostadinov Alexander\"},\"url\":\"https:\/\/www.vkd.com\/lv-bayern\/news\/author\/gentscher-jungentscher-de\/\"}]}<\/script>\n<!-- \/ Yoast SEO plugin. -->","yoast_head_json":{"title":"Au\u00dferordentliche Mitgliederversammlung - Landesverband der K\u00f6che Bayern","robots":{"index":"noindex","follow":"follow","max-snippet":"max-snippet:-1","max-image-preview":"max-image-preview:large","max-video-preview":"max-video-preview:-1"},"og_locale":"de_DE","og_type":"article","og_title":"Au\u00dferordentliche Mitgliederversammlung - Landesverband der K\u00f6che Bayern","og_description":"Update | 13. Juni Am 12. Juni hat ein erster Arbeitstermin zwischen den Antragstellern A und B stattgefunden. Der digitale Austausch war offen und konstruktiv. Es ist und bleibt das erkl\u00e4rte Ziel aller Beteiligten, gemeinsame \u00c4nderungsvorschl\u00e4ge f\u00fcr die Satzung des VKD zu finden. Dazu wird es in den n\u00e4chsten Wochen weitere Abstimmungstermine geben.","og_url":"https:\/\/www.vkd.com\/lv-bayern\/news\/ausserordentliche-mitgliederversammlung-2\/","og_site_name":"Landesverband der K\u00f6che Bayern","article_published_time":"2025-06-30T16:43:16+00:00","og_image":[{"width":1024,"height":768,"url":"https:\/\/www.vkd.com\/lv-bayern\/wp-content\/uploads\/sites\/14\/2025\/05\/IMG_8972-1024x768-1.jpeg","type":"image\/jpeg"}],"author":"Kostadinov Alexander","twitter_card":"summary_large_image","twitter_misc":{"Verfasst von":"Kostadinov Alexander","Gesch\u00e4tzte Lesezeit":"1\u00a0Minute"},"schema":{"@context":"https:\/\/schema.org","@graph":[{"@type":"WebPage","@id":"https:\/\/www.vkd.com\/lv-bayern\/news\/ausserordentliche-mitgliederversammlung-2\/","url":"https:\/\/www.vkd.com\/lv-bayern\/news\/ausserordentliche-mitgliederversammlung-2\/","name":"Au\u00dferordentliche Mitgliederversammlung - Landesverband der K\u00f6che Bayern","isPartOf":{"@id":"https:\/\/www.vkd.com\/lv-bayern\/#website"},"datePublished":"2025-06-30T16:43:16+00:00","dateModified":"2025-06-30T16:43:16+00:00","author":{"@id":"https:\/\/www.vkd.com\/lv-bayern\/#\/schema\/person\/19c4bb106ca4de98c60e2cb5ac7f572f"},"breadcrumb":{"@id":"https:\/\/www.vkd.com\/lv-bayern\/news\/ausserordentliche-mitgliederversammlung-2\/#breadcrumb"},"inLanguage":"de","potentialAction":[{"@type":"ReadAction","target":["https:\/\/www.vkd.com\/lv-bayern\/news\/ausserordentliche-mitgliederversammlung-2\/"]}]},{"@type":"BreadcrumbList","@id":"https:\/\/www.vkd.com\/lv-bayern\/news\/ausserordentliche-mitgliederversammlung-2\/#breadcrumb","itemListElement":[{"@type":"ListItem","position":1,"name":"Startseite","item":"https:\/\/www.vkd.com\/lv-bayern\/"},{"@type":"ListItem","position":2,"name":"Au\u00dferordentliche Mitgliederversammlung"}]},{"@type":"WebSite","@id":"https:\/\/www.vkd.com\/lv-bayern\/#website","url":"https:\/\/www.vkd.com\/lv-bayern\/","name":"Landesverband der K\u00f6che Bayern","description":"Landesverband im Verband der K\u00f6che Deutschlands e.V.","potentialAction":[{"@type":"SearchAction","target":{"@type":"EntryPoint","urlTemplate":"https:\/\/www.vkd.com\/lv-bayern\/?s={search_term_string}"},"query-input":"required name=search_term_string"}],"inLanguage":"de"},{"@type":"Person","@id":"https:\/\/www.vkd.com\/lv-bayern\/#\/schema\/person\/19c4bb106ca4de98c60e2cb5ac7f572f","name":"Kostadinov Alexander","image":{"@type":"ImageObject","inLanguage":"de","@id":"https:\/\/www.vkd.com\/lv-bayern\/#\/schema\/person\/image\/","url":"https:\/\/secure.gravatar.com\/avatar\/b0cb85e5c215fe1114e6d2404492358d?s=96&d=mm&r=g","contentUrl":"https:\/\/secure.gravatar.com\/avatar\/b0cb85e5c215fe1114e6d2404492358d?s=96&d=mm&r=g","caption":"Kostadinov Alexander"},"url":"https:\/\/www.vkd.com\/lv-bayern\/news\/author\/gentscher-jungentscher-de\/"}]}},"_links":{"self":[{"href":"https:\/\/www.vkd.com\/lv-bayern\/wp-json\/wp\/v2\/posts\/1561"}],"collection":[{"href":"https:\/\/www.vkd.com\/lv-bayern\/wp-json\/wp\/v2\/posts"}],"about":[{"href":"https:\/\/www.vkd.com\/lv-bayern\/wp-json\/wp\/v2\/types\/post"}],"author":[{"embeddable":true,"href":"https:\/\/www.vkd.com\/lv-bayern\/wp-json\/wp\/v2\/users\/1955"}],"replies":[{"embeddable":true,"href":"https:\/\/www.vkd.com\/lv-bayern\/wp-json\/wp\/v2\/comments?post=1561"}],"version-history":[{"count":1,"href":"https:\/\/www.vkd.com\/lv-bayern\/wp-json\/wp\/v2\/posts\/1561\/revisions"}],"predecessor-version":[{"id":1562,"href":"https:\/\/www.vkd.com\/lv-bayern\/wp-json\/wp\/v2\/posts\/1561\/revisions\/1562"}],"wp:featuredmedia":[{"embeddable":true,"href":"https:\/\/www.vkd.com\/lv-bayern\/wp-json\/wp\/v2\/media\/1517"}],"wp:attachment":[{"href":"https:\/\/www.vkd.com\/lv-bayern\/wp-json\/wp\/v2\/media?parent=1561"}],"wp:term":[{"taxonomy":"category","embeddable":true,"href":"https:\/\/www.vkd.com\/lv-bayern\/wp-json\/wp\/v2\/categories?post=1561"},{"taxonomy":"post_tag","embeddable":true,"href":"https:\/\/www.vkd.com\/lv-bayern\/wp-json\/wp\/v2\/tags?post=1561"}],"curies":[{"name":"wp","href":"https:\/\/api.w.org\/{rel}","templated":true}]}}