{"id":1534,"date":"2025-06-26T11:31:22","date_gmt":"2025-06-26T09:31:22","guid":{"rendered":"https:\/\/www.vkd.com\/lv-bayern\/?p=1534"},"modified":"2025-06-26T11:45:53","modified_gmt":"2025-06-26T09:45:53","slug":"ralf-b-meneghini-als-juror-in-tunesien","status":"publish","type":"post","link":"https:\/\/www.vkd.com\/lv-bayern\/news\/ralf-b-meneghini-als-juror-in-tunesien\/","title":{"rendered":"Ralf B. Meneghini als Jurypr\u00e4sident in Tunesien"},"content":{"rendered":"<div id=\"tw-container\" class=\"nev7se\" data-cp=\"1\" data-nnttsvi=\"1\" data-ntl-fpwrite=\"true\" data-sletp=\"false\" data-sm=\"1\" data-ssbp=\"true\" data-sugg-time=\"500\" data-sugg-url=\"https:\/\/clients1.google.com\/complete\/search\" data-uilc=\"de\" data-vil=\",af,af-ZA,am,am-ET,ar-EG,ar-AE,ar-KW,ar-QA,ar,ar-IL,ar-JO,ar-LB,ar-PS,az,az-AZ,bg,bg-BG,bn,bn-BD,bn-IN,ca,ca-es,cs,cs-CZ,de,de-DE,de-CH,de-AT,de-LI,en,en-US,en-CA,en-AU,en-NZ,en-GB,en-IN,en-KE,en-TZ,en-NG,en-GH,en-PH,en-ZA,es,es-ES,es-AR,es-UY,es-419,es-BO,es-CL,es-CR,es-CO,es-DO,es-EC,es-GT,es-HN,es-NI,es-PA,es-PE,es-PR,es-PY,es-SV,es-VE,es-MX,es-US,eu,eu-ES,fi,fi-FI,fr,fr-FR,fr-CH,fr-BE,gl,gl-ES,gu,gu-IN,he,he-IL,iw,iw-IL,hu,hu-HU,hy,hy-AM,id,id-ID,is,is-IS,it,it-IT,it-CH,ja,ja-JP,jv,jv-ID,ka,ka-GE,km,km-KH,kn,kn-IN,ko,ko-KR,la,lo,lo-LA,lv,lv-LV,ml,ml-IN,mr,mr-IN,ms,ms-MY,nl,nl-NL,nb,nb-NO,ne,ne-NP,pl,pl-PL,pt,pt-BR,pt-PT,ro,ro-RO,ru,ru-RU,si-LK,sk,sk-SK,sr,sr-RS,su,su-ID,sv,sv-SE,sw,sw-TZ,sw-KE,ta,ta-IN,ta-SG,ta-LK,ta-MY,te,te-IN,tr,tr-TR,ur,ur-PK,ur-IN,yue,yue-HK,yue-Hant-HK,zh-HK,zh,zh-CN,zh-cmn,zh-cmn-CN,zh-Hans,zh-Hans-CN,zh-cmn-Hans,zh-cmn-Hans-CN,cmn-CN,cmn-Hans,cmn-Hans-CN,zh-TW,zh-Hant-TW,cmn-TW,cmn-Hant-TW,zh-cmn-TW,zh-cmn-Hant-TW,zu,zu-ZA,hi,hi-IN,tl,tl-PH,pa,pa-IN\">\n<div id=\"tw-ob\" class=\"tw-src-ltr\">\n<div class=\"oSioSc\">\n<div id=\"tw-target\">\n<div id=\"kAz1tf\" class=\"g9WsWb PZPZlf\" data-attrid=\"tw-targetArea\" data-entityname=\"Google Translate\">\n<div id=\"tw-target-text-container\" class=\"tw-ta-container tw-nfl\" role=\"text\">\n<p><strong>Die dritte Ausgabe des Mediterranean Seafood Festival Gastro Tunisia fand vom 20. bis 22. Juni 2025 in Hammamet statt.<\/strong><\/p>\n<p><strong>Ralf B. Meneghini als Jurypr\u00e4sident in Tunesien geladen.<\/strong> Dieses internationale kulinarische Event bringt kulinarische Talente aus 24 L\u00e4ndern von vier Kontinenten zusammen.<\/p>\n<p>Als eines der wichtigsten Events f\u00fcr mediterrane Kochkunst und Meeresfr\u00fcchtespezialit\u00e4ten verfolgt diese Veranstaltung ein doppeltes Ziel:<\/p>\n<p>Den kulinarischen Reichtum des Mittelmeerraums zu feiern und Tunesien als f\u00fchrendes kulinarisches Reiseziel weltweit zu f\u00f6rdern.<\/p>\n<pre id=\"tw-target-text\" class=\"tw-data-text tw-text-large tw-ta\" dir=\"ltr\" data-placeholder=\"\u00dcbersetzung\" data-ved=\"2ahUKEwjN0tjE4o6OAxWRIxAIHWt9BQcQ3ewLegQICRAV\" aria-label=\"\u00dcbersetzter Text: Die dritte Ausgabe des Mediterranean Seafood Festival Gastro Tunisia findet vom 20. bis 22. Juni 2025 in Hammamet statt. Dieses internationale kulinarische Event bringt kulinarische Talente aus 24 L\u00e4ndern von vier Kontinenten zusammen. Als eines der wichtigsten Events f\u00fcr mediterrane Kochkunst und Meeresfr\u00fcchtespezialit\u00e4ten verfolgt diese Veranstaltung ein doppeltes Ziel: den kulinarischen Reichtum des Mittelmeerraums zu feiern und Tunesien als f\u00fchrendes kulinarisches Reiseziel weltweit zu f\u00f6rdern.\"><strong>Hier ein paar Eindr\u00fccke<\/strong><\/pre>\n<\/div>\n<div class=\"iYB33c\">\n<div id=\"tw-tmenu\" class=\"tw-menu\">\n<div id=\"gallery-1536\" class=\"vkdgal-gallery-wrap gallery-grid \">\n    <div class=\"col-md-12\">\n        <div class=\"row\">\n            <div class=\"gal\" data-featherlight-gallery style=\"display: grid; grid-template-columns: repeat(3, 1fr); grid-column-gap: 10px;\">\n                                    <div class=\"item\">\n                        <a href=\"https:\/\/www.vkd.com\/lv-bayern\/wp-content\/uploads\/sites\/14\/2025\/06\/WhatsApp-Bild-2025-06-10-um-10.34.35_f6ed63fd-726x1024.jpg\" title=\"Whatsapp Bild 2025 06 10 Um 10.34.35 F6ed63fd\">\n                            <img class=\"img-full\" src=\"https:\/\/www.vkd.com\/lv-bayern\/wp-content\/uploads\/sites\/14\/2025\/06\/WhatsApp-Bild-2025-06-10-um-10.34.35_f6ed63fd-726x1024.jpg\" title=\"Galerie bei Bild 1 \u00f6ffnen\" alt=\"Whatsapp Bild 2025 06 10 Um 10.34.35 F6ed63fd\"\/>\n                        <\/a>\n                    <\/div>\n                                    <div class=\"item\">\n                        <a href=\"https:\/\/www.vkd.com\/lv-bayern\/wp-content\/uploads\/sites\/14\/2025\/06\/WhatsApp-Bild-2025-06-19-um-01.50.02_85c094e8-724x1024.jpg\" title=\"Whatsapp Bild 2025 06 19 Um 01.50.02 85c094e8\">\n                            <img class=\"img-full\" src=\"https:\/\/www.vkd.com\/lv-bayern\/wp-content\/uploads\/sites\/14\/2025\/06\/WhatsApp-Bild-2025-06-19-um-01.50.02_85c094e8-724x1024.jpg\" title=\"Galerie bei Bild 2 \u00f6ffnen\" alt=\"Whatsapp Bild 2025 06 19 Um 01.50.02 85c094e8\"\/>\n                        <\/a>\n                    <\/div>\n                                    <div class=\"item\">\n                        <a href=\"https:\/\/www.vkd.com\/lv-bayern\/wp-content\/uploads\/sites\/14\/2025\/06\/WhatsApp-Bild-2025-06-21-um-10.26.28_774e9292-1024x771.jpg\" title=\"Whatsapp Bild 2025 06 21 Um 10.26.28 774e9292\">\n                            <img class=\"img-full\" src=\"https:\/\/www.vkd.com\/lv-bayern\/wp-content\/uploads\/sites\/14\/2025\/06\/WhatsApp-Bild-2025-06-21-um-10.26.28_774e9292-1024x771.jpg\" title=\"Galerie bei Bild 3 \u00f6ffnen\" alt=\"Whatsapp Bild 2025 06 21 Um 10.26.28 774e9292\"\/>\n                        <\/a>\n                    <\/div>\n                                    <div class=\"item\">\n                        <a href=\"https:\/\/www.vkd.com\/lv-bayern\/wp-content\/uploads\/sites\/14\/2025\/06\/WhatsApp-Bild-2025-06-22-um-18.38.53_45594b41-576x1024.jpg\" title=\"Whatsapp Bild 2025 06 22 Um 18.38.53 45594b41\">\n                            <img class=\"img-full\" src=\"https:\/\/www.vkd.com\/lv-bayern\/wp-content\/uploads\/sites\/14\/2025\/06\/WhatsApp-Bild-2025-06-22-um-18.38.53_45594b41-576x1024.jpg\" title=\"Galerie bei Bild 4 \u00f6ffnen\" alt=\"Whatsapp Bild 2025 06 22 Um 18.38.53 45594b41\"\/>\n                        <\/a>\n                    <\/div>\n                                    <div class=\"item\">\n                        <a href=\"https:\/\/www.vkd.com\/lv-bayern\/wp-content\/uploads\/sites\/14\/2025\/06\/WhatsApp-Bild-2025-06-23-um-13.35.19_70cb5efc-538x1024.jpg\" title=\"Whatsapp Bild 2025 06 23 Um 13.35.19 70cb5efc\">\n                            <img class=\"img-full\" src=\"https:\/\/www.vkd.com\/lv-bayern\/wp-content\/uploads\/sites\/14\/2025\/06\/WhatsApp-Bild-2025-06-23-um-13.35.19_70cb5efc-538x1024.jpg\" title=\"Galerie bei Bild 5 \u00f6ffnen\" alt=\"Whatsapp Bild 2025 06 23 Um 13.35.19 70cb5efc\"\/>\n                        <\/a>\n                    <\/div>\n                                    <div class=\"item\">\n                        <a href=\"https:\/\/www.vkd.com\/lv-bayern\/wp-content\/uploads\/sites\/14\/2025\/06\/IMG-20250623-WA0005-576x1024.jpg\" title=\"Img 20250623 Wa0005\">\n                            <img class=\"img-full\" src=\"https:\/\/www.vkd.com\/lv-bayern\/wp-content\/uploads\/sites\/14\/2025\/06\/IMG-20250623-WA0005-576x1024.jpg\" title=\"Galerie bei Bild 6 \u00f6ffnen\" alt=\"Img 20250623 Wa0005\"\/>\n                        <\/a>\n                    <\/div>\n                                    <div class=\"item\">\n                        <a href=\"https:\/\/www.vkd.com\/lv-bayern\/wp-content\/uploads\/sites\/14\/2025\/06\/IMG-20250623-WA0006-768x1024.jpg\" title=\"Img 20250623 Wa0006\">\n                            <img class=\"img-full\" src=\"https:\/\/www.vkd.com\/lv-bayern\/wp-content\/uploads\/sites\/14\/2025\/06\/IMG-20250623-WA0006-768x1024.jpg\" title=\"Galerie bei Bild 7 \u00f6ffnen\" alt=\"Img 20250623 Wa0006\"\/>\n                        <\/a>\n                    <\/div>\n                                    <div class=\"item\">\n                        <a href=\"https:\/\/www.vkd.com\/lv-bayern\/wp-content\/uploads\/sites\/14\/2025\/06\/IMG-20250623-WA0007-768x1024.jpg\" title=\"Img 20250623 Wa0007\">\n                            <img class=\"img-full\" src=\"https:\/\/www.vkd.com\/lv-bayern\/wp-content\/uploads\/sites\/14\/2025\/06\/IMG-20250623-WA0007-768x1024.jpg\" title=\"Galerie bei Bild 8 \u00f6ffnen\" alt=\"Img 20250623 Wa0007\"\/>\n                        <\/a>\n                    <\/div>\n                                    <div class=\"item\">\n                        <a href=\"https:\/\/www.vkd.com\/lv-bayern\/wp-content\/uploads\/sites\/14\/2025\/06\/IMG-20250623-WA0008-1024x768.jpg\" title=\"Img 20250623 Wa0008\">\n                            <img class=\"img-full\" src=\"https:\/\/www.vkd.com\/lv-bayern\/wp-content\/uploads\/sites\/14\/2025\/06\/IMG-20250623-WA0008-1024x768.jpg\" title=\"Galerie bei Bild 9 \u00f6ffnen\" alt=\"Img 20250623 Wa0008\"\/>\n                        <\/a>\n                    <\/div>\n                                    <div class=\"item\">\n                        <a href=\"https:\/\/www.vkd.com\/lv-bayern\/wp-content\/uploads\/sites\/14\/2025\/06\/IMG-20250623-WA0009-810x1024.jpg\" title=\"Img 20250623 Wa0009\">\n                            <img class=\"img-full\" src=\"https:\/\/www.vkd.com\/lv-bayern\/wp-content\/uploads\/sites\/14\/2025\/06\/IMG-20250623-WA0009-810x1024.jpg\" title=\"Galerie bei Bild 10 \u00f6ffnen\" alt=\"Img 20250623 Wa0009\"\/>\n                        <\/a>\n                    <\/div>\n                                    <div class=\"item\">\n                        <a href=\"https:\/\/www.vkd.com\/lv-bayern\/wp-content\/uploads\/sites\/14\/2025\/06\/IMG-20250623-WA0010-794x1024.jpg\" title=\"Img 20250623 Wa0010\">\n                            <img class=\"img-full\" src=\"https:\/\/www.vkd.com\/lv-bayern\/wp-content\/uploads\/sites\/14\/2025\/06\/IMG-20250623-WA0010-794x1024.jpg\" title=\"Galerie bei Bild 11 \u00f6ffnen\" alt=\"Img 20250623 Wa0010\"\/>\n                        <\/a>\n                    <\/div>\n                                    <div class=\"item\">\n                        <a href=\"https:\/\/www.vkd.com\/lv-bayern\/wp-content\/uploads\/sites\/14\/2025\/06\/IMG-20250623-WA0011-911x1024.jpg\" title=\"Img 20250623 Wa0011\">\n                            <img class=\"img-full\" src=\"https:\/\/www.vkd.com\/lv-bayern\/wp-content\/uploads\/sites\/14\/2025\/06\/IMG-20250623-WA0011-911x1024.jpg\" title=\"Galerie bei Bild 12 \u00f6ffnen\" alt=\"Img 20250623 Wa0011\"\/>\n                        <\/a>\n                    <\/div>\n                                    <div class=\"item\">\n                        <a href=\"https:\/\/www.vkd.com\/lv-bayern\/wp-content\/uploads\/sites\/14\/2025\/06\/IMG-20250623-WA0012-901x1024.jpg\" title=\"Img 20250623 Wa0012\">\n                            <img class=\"img-full\" src=\"https:\/\/www.vkd.com\/lv-bayern\/wp-content\/uploads\/sites\/14\/2025\/06\/IMG-20250623-WA0012-901x1024.jpg\" title=\"Galerie bei Bild 13 \u00f6ffnen\" alt=\"Img 20250623 Wa0012\"\/>\n                        <\/a>\n                    <\/div>\n                            <\/div>\n        <\/div>\n    <\/div>\n<\/div>\n\n<\/div>\n<\/div>\n<\/div>\n<\/div>\n<\/div>\n<\/div>\n<div id=\"tw-images\"><\/div>\n<div class=\"dURPtb\"><\/div>\n<div>\n<div><\/div>\n<\/div>\n<\/div>\n<div class=\"KFFQ0c xKf9F\"><\/div>\n","protected":false},"excerpt":{"rendered":"<p>Die dritte Ausgabe des Mediterranean Seafood Festival Gastro Tunisia fand vom 20. bis 22. Juni 2025 in Hammamet statt. Ralf B. Meneghini als Jurypr\u00e4sident in Tunesien geladen. Dieses internationale kulinarische Event bringt kulinarische Talente aus 24 L\u00e4ndern von vier Kontinenten zusammen. Als eines der wichtigsten Events f\u00fcr mediterrane Kochkunst und Meeresfr\u00fcchtespezialit\u00e4ten verfolgt diese Veranstaltung ein&#8230;<\/p>\n","protected":false},"author":1955,"featured_media":1537,"comment_status":"closed","ping_status":"open","sticky":false,"template":"","format":"standard","meta":[],"categories":[1],"tags":[6,5,20,7,19,9,8],"yoast_head":"<!-- This site is optimized with the Yoast SEO plugin v20.0 - https:\/\/yoast.com\/wordpress\/plugins\/seo\/ -->\n<title>Ralf B. Meneghini als Jurypr\u00e4sident in Tunesien - Landesverband der K\u00f6che Bayern<\/title>\n<meta name=\"robots\" content=\"noindex, follow, max-snippet:-1, max-image-preview:large, max-video-preview:-1\" \/>\n<meta property=\"og:locale\" content=\"de_DE\" \/>\n<meta property=\"og:type\" content=\"article\" \/>\n<meta property=\"og:title\" content=\"Ralf B. Meneghini als Jurypr\u00e4sident in Tunesien - Landesverband der K\u00f6che Bayern\" \/>\n<meta property=\"og:description\" content=\"Die dritte Ausgabe des Mediterranean Seafood Festival Gastro Tunisia fand vom 20. bis 22. Juni 2025 in Hammamet statt. Ralf B. Meneghini als Jurypr\u00e4sident in Tunesien geladen. Dieses internationale kulinarische Event bringt kulinarische Talente aus 24 L\u00e4ndern von vier Kontinenten zusammen. Als eines der wichtigsten Events f\u00fcr mediterrane Kochkunst und Meeresfr\u00fcchtespezialit\u00e4ten verfolgt diese Veranstaltung ein...\" \/>\n<meta property=\"og:url\" content=\"https:\/\/www.vkd.com\/lv-bayern\/news\/ralf-b-meneghini-als-juror-in-tunesien\/\" \/>\n<meta property=\"og:site_name\" content=\"Landesverband der K\u00f6che Bayern\" \/>\n<meta property=\"article:published_time\" content=\"2025-06-26T09:31:22+00:00\" \/>\n<meta property=\"article:modified_time\" content=\"2025-06-26T09:45:53+00:00\" \/>\n<meta property=\"og:image\" content=\"https:\/\/www.vkd.com\/lv-bayern\/wp-content\/uploads\/sites\/14\/2025\/06\/WhatsApp-Bild-2025-06-10-um-10.34.35_f6ed63fd.jpg\" \/>\n\t<meta property=\"og:image:width\" content=\"1240\" \/>\n\t<meta property=\"og:image:height\" content=\"1748\" \/>\n\t<meta property=\"og:image:type\" content=\"image\/jpeg\" \/>\n<meta name=\"author\" content=\"Kostadinov Alexander\" \/>\n<meta name=\"twitter:card\" content=\"summary_large_image\" \/>\n<meta name=\"twitter:label1\" content=\"Verfasst von\" \/>\n\t<meta name=\"twitter:data1\" content=\"Kostadinov Alexander\" \/>\n\t<meta name=\"twitter:label2\" content=\"Gesch\u00e4tzte Lesezeit\" \/>\n\t<meta name=\"twitter:data2\" content=\"1\u00a0Minute\" \/>\n<script type=\"application\/ld+json\" class=\"yoast-schema-graph\">{\"@context\":\"https:\/\/schema.org\",\"@graph\":[{\"@type\":\"WebPage\",\"@id\":\"https:\/\/www.vkd.com\/lv-bayern\/news\/ralf-b-meneghini-als-juror-in-tunesien\/\",\"url\":\"https:\/\/www.vkd.com\/lv-bayern\/news\/ralf-b-meneghini-als-juror-in-tunesien\/\",\"name\":\"Ralf B. Meneghini als Jurypr\u00e4sident in Tunesien - Landesverband der K\u00f6che Bayern\",\"isPartOf\":{\"@id\":\"https:\/\/www.vkd.com\/lv-bayern\/#website\"},\"datePublished\":\"2025-06-26T09:31:22+00:00\",\"dateModified\":\"2025-06-26T09:45:53+00:00\",\"author\":{\"@id\":\"https:\/\/www.vkd.com\/lv-bayern\/#\/schema\/person\/19c4bb106ca4de98c60e2cb5ac7f572f\"},\"breadcrumb\":{\"@id\":\"https:\/\/www.vkd.com\/lv-bayern\/news\/ralf-b-meneghini-als-juror-in-tunesien\/#breadcrumb\"},\"inLanguage\":\"de\",\"potentialAction\":[{\"@type\":\"ReadAction\",\"target\":[\"https:\/\/www.vkd.com\/lv-bayern\/news\/ralf-b-meneghini-als-juror-in-tunesien\/\"]}]},{\"@type\":\"BreadcrumbList\",\"@id\":\"https:\/\/www.vkd.com\/lv-bayern\/news\/ralf-b-meneghini-als-juror-in-tunesien\/#breadcrumb\",\"itemListElement\":[{\"@type\":\"ListItem\",\"position\":1,\"name\":\"Startseite\",\"item\":\"https:\/\/www.vkd.com\/lv-bayern\/\"},{\"@type\":\"ListItem\",\"position\":2,\"name\":\"Ralf B. Meneghini als Jurypr\u00e4sident in Tunesien\"}]},{\"@type\":\"WebSite\",\"@id\":\"https:\/\/www.vkd.com\/lv-bayern\/#website\",\"url\":\"https:\/\/www.vkd.com\/lv-bayern\/\",\"name\":\"Landesverband der K\u00f6che Bayern\",\"description\":\"Landesverband im Verband der K\u00f6che Deutschlands e.V.\",\"potentialAction\":[{\"@type\":\"SearchAction\",\"target\":{\"@type\":\"EntryPoint\",\"urlTemplate\":\"https:\/\/www.vkd.com\/lv-bayern\/?s={search_term_string}\"},\"query-input\":\"required name=search_term_string\"}],\"inLanguage\":\"de\"},{\"@type\":\"Person\",\"@id\":\"https:\/\/www.vkd.com\/lv-bayern\/#\/schema\/person\/19c4bb106ca4de98c60e2cb5ac7f572f\",\"name\":\"Kostadinov Alexander\",\"image\":{\"@type\":\"ImageObject\",\"inLanguage\":\"de\",\"@id\":\"https:\/\/www.vkd.com\/lv-bayern\/#\/schema\/person\/image\/\",\"url\":\"https:\/\/secure.gravatar.com\/avatar\/b0cb85e5c215fe1114e6d2404492358d?s=96&d=mm&r=g\",\"contentUrl\":\"https:\/\/secure.gravatar.com\/avatar\/b0cb85e5c215fe1114e6d2404492358d?s=96&d=mm&r=g\",\"caption\":\"Kostadinov Alexander\"},\"url\":\"https:\/\/www.vkd.com\/lv-bayern\/news\/author\/gentscher-jungentscher-de\/\"}]}<\/script>\n<!-- \/ Yoast SEO plugin. -->","yoast_head_json":{"title":"Ralf B. Meneghini als Jurypr\u00e4sident in Tunesien - Landesverband der K\u00f6che Bayern","robots":{"index":"noindex","follow":"follow","max-snippet":"max-snippet:-1","max-image-preview":"max-image-preview:large","max-video-preview":"max-video-preview:-1"},"og_locale":"de_DE","og_type":"article","og_title":"Ralf B. Meneghini als Jurypr\u00e4sident in Tunesien - Landesverband der K\u00f6che Bayern","og_description":"Die dritte Ausgabe des Mediterranean Seafood Festival Gastro Tunisia fand vom 20. bis 22. Juni 2025 in Hammamet statt. Ralf B. Meneghini als Jurypr\u00e4sident in Tunesien geladen. Dieses internationale kulinarische Event bringt kulinarische Talente aus 24 L\u00e4ndern von vier Kontinenten zusammen. Als eines der wichtigsten Events f\u00fcr mediterrane Kochkunst und Meeresfr\u00fcchtespezialit\u00e4ten verfolgt diese Veranstaltung ein...","og_url":"https:\/\/www.vkd.com\/lv-bayern\/news\/ralf-b-meneghini-als-juror-in-tunesien\/","og_site_name":"Landesverband der K\u00f6che Bayern","article_published_time":"2025-06-26T09:31:22+00:00","article_modified_time":"2025-06-26T09:45:53+00:00","og_image":[{"width":1240,"height":1748,"url":"https:\/\/www.vkd.com\/lv-bayern\/wp-content\/uploads\/sites\/14\/2025\/06\/WhatsApp-Bild-2025-06-10-um-10.34.35_f6ed63fd.jpg","type":"image\/jpeg"}],"author":"Kostadinov Alexander","twitter_card":"summary_large_image","twitter_misc":{"Verfasst von":"Kostadinov Alexander","Gesch\u00e4tzte Lesezeit":"1\u00a0Minute"},"schema":{"@context":"https:\/\/schema.org","@graph":[{"@type":"WebPage","@id":"https:\/\/www.vkd.com\/lv-bayern\/news\/ralf-b-meneghini-als-juror-in-tunesien\/","url":"https:\/\/www.vkd.com\/lv-bayern\/news\/ralf-b-meneghini-als-juror-in-tunesien\/","name":"Ralf B. Meneghini als Jurypr\u00e4sident in Tunesien - Landesverband der K\u00f6che Bayern","isPartOf":{"@id":"https:\/\/www.vkd.com\/lv-bayern\/#website"},"datePublished":"2025-06-26T09:31:22+00:00","dateModified":"2025-06-26T09:45:53+00:00","author":{"@id":"https:\/\/www.vkd.com\/lv-bayern\/#\/schema\/person\/19c4bb106ca4de98c60e2cb5ac7f572f"},"breadcrumb":{"@id":"https:\/\/www.vkd.com\/lv-bayern\/news\/ralf-b-meneghini-als-juror-in-tunesien\/#breadcrumb"},"inLanguage":"de","potentialAction":[{"@type":"ReadAction","target":["https:\/\/www.vkd.com\/lv-bayern\/news\/ralf-b-meneghini-als-juror-in-tunesien\/"]}]},{"@type":"BreadcrumbList","@id":"https:\/\/www.vkd.com\/lv-bayern\/news\/ralf-b-meneghini-als-juror-in-tunesien\/#breadcrumb","itemListElement":[{"@type":"ListItem","position":1,"name":"Startseite","item":"https:\/\/www.vkd.com\/lv-bayern\/"},{"@type":"ListItem","position":2,"name":"Ralf B. Meneghini als Jurypr\u00e4sident in Tunesien"}]},{"@type":"WebSite","@id":"https:\/\/www.vkd.com\/lv-bayern\/#website","url":"https:\/\/www.vkd.com\/lv-bayern\/","name":"Landesverband der K\u00f6che Bayern","description":"Landesverband im Verband der K\u00f6che Deutschlands e.V.","potentialAction":[{"@type":"SearchAction","target":{"@type":"EntryPoint","urlTemplate":"https:\/\/www.vkd.com\/lv-bayern\/?s={search_term_string}"},"query-input":"required name=search_term_string"}],"inLanguage":"de"},{"@type":"Person","@id":"https:\/\/www.vkd.com\/lv-bayern\/#\/schema\/person\/19c4bb106ca4de98c60e2cb5ac7f572f","name":"Kostadinov Alexander","image":{"@type":"ImageObject","inLanguage":"de","@id":"https:\/\/www.vkd.com\/lv-bayern\/#\/schema\/person\/image\/","url":"https:\/\/secure.gravatar.com\/avatar\/b0cb85e5c215fe1114e6d2404492358d?s=96&d=mm&r=g","contentUrl":"https:\/\/secure.gravatar.com\/avatar\/b0cb85e5c215fe1114e6d2404492358d?s=96&d=mm&r=g","caption":"Kostadinov Alexander"},"url":"https:\/\/www.vkd.com\/lv-bayern\/news\/author\/gentscher-jungentscher-de\/"}]}},"_links":{"self":[{"href":"https:\/\/www.vkd.com\/lv-bayern\/wp-json\/wp\/v2\/posts\/1534"}],"collection":[{"href":"https:\/\/www.vkd.com\/lv-bayern\/wp-json\/wp\/v2\/posts"}],"about":[{"href":"https:\/\/www.vkd.com\/lv-bayern\/wp-json\/wp\/v2\/types\/post"}],"author":[{"embeddable":true,"href":"https:\/\/www.vkd.com\/lv-bayern\/wp-json\/wp\/v2\/users\/1955"}],"replies":[{"embeddable":true,"href":"https:\/\/www.vkd.com\/lv-bayern\/wp-json\/wp\/v2\/comments?post=1534"}],"version-history":[{"count":6,"href":"https:\/\/www.vkd.com\/lv-bayern\/wp-json\/wp\/v2\/posts\/1534\/revisions"}],"predecessor-version":[{"id":1554,"href":"https:\/\/www.vkd.com\/lv-bayern\/wp-json\/wp\/v2\/posts\/1534\/revisions\/1554"}],"wp:featuredmedia":[{"embeddable":true,"href":"https:\/\/www.vkd.com\/lv-bayern\/wp-json\/wp\/v2\/media\/1537"}],"wp:attachment":[{"href":"https:\/\/www.vkd.com\/lv-bayern\/wp-json\/wp\/v2\/media?parent=1534"}],"wp:term":[{"taxonomy":"category","embeddable":true,"href":"https:\/\/www.vkd.com\/lv-bayern\/wp-json\/wp\/v2\/categories?post=1534"},{"taxonomy":"post_tag","embeddable":true,"href":"https:\/\/www.vkd.com\/lv-bayern\/wp-json\/wp\/v2\/tags?post=1534"}],"curies":[{"name":"wp","href":"https:\/\/api.w.org\/{rel}","templated":true}]}}