{"id":1520,"date":"2025-06-17T12:44:06","date_gmt":"2025-06-17T10:44:06","guid":{"rendered":"https:\/\/www.vkd.com\/lv-bayern\/?p=1520"},"modified":"2025-06-17T12:45:02","modified_gmt":"2025-06-17T10:45:02","slug":"44-spargelessen-des-club-der-koeche-donau-ries-e-v-ein-genussvoller-abend-im-zeichen-des-fruehlingsgemueses","status":"publish","type":"post","link":"https:\/\/www.vkd.com\/lv-bayern\/news\/44-spargelessen-des-club-der-koeche-donau-ries-e-v-ein-genussvoller-abend-im-zeichen-des-fruehlingsgemueses\/","title":{"rendered":"44. Spargelessen des Club der K\u00f6che Donau-Ries e.V. \u2013 Ein genussvoller Abend im Zeichen des Fr\u00fchlingsgem\u00fcses"},"content":{"rendered":"<p><strong>Wemding, 31. Mai 2025<\/strong> \u2013 Frischer Spargel, kreative Kochkunst und eine herzliche Atmosph\u00e4re: Mit seinem 44. Spargelessen setzte der Club der K\u00f6che Donau-Ries e.V. erneut ein kulinarisches Ausrufezeichen in der Region. Der festliche Br\u00e4uhaussaal im Hotel Meerfr\u00e4ulein bildete den stilvollen Rahmen f\u00fcr einen genussvollen Abend, an dem rund 100 G\u00e4ste das Beste der Fr\u00fchlingsk\u00fcche erleben durften.<\/p>\n<p><strong>Ein H\u00f6hepunkt im Veranstaltungskalender der Region<\/strong><\/p>\n<p>Der Einladung folgten neben Clubmitgliedern auch viele G\u00e4ste aus Gastronomie, Wirtschaft und Politik sowie zahlreiche Freunde des Vereins. Bereits beim Einlass war die Vorfreude sp\u00fcrbar. Das Spargelessen hat sich \u00fcber Jahrzehnte hinweg als festes Ereignis etabliert \u2013 nicht nur als Schlemmerabend, sondern als Treffpunkt f\u00fcr Austausch, Geselligkeit und Wertsch\u00e4tzung des Kochhandwerks.<\/p>\n<p><strong>Ein Men\u00fc, das den Fr\u00fchling feiert<\/strong><\/p>\n<p>Die K\u00fcchenmeister Josef und Sepp Meyer, K\u00fcchenchef David Huse sowie das engagierte Team des Hotel Meerfr\u00e4ulein pr\u00e4sentierten ein Spargelmen\u00fc, das durch Raffinesse, Regionalit\u00e4t und Harmonie \u00fcberzeugte. Der Hauptdarsteller: frischer Stangenspargel von der <em>Oberen M\u00fchle<\/em> in Laub \u2013 ein Qualit\u00e4tsprodukt aus der Region, liebevoll und mit Pr\u00e4zision zubereitet.<\/p>\n<p><strong>Die Speisenfolge im \u00dcberblick:<\/strong><\/p>\n<ul>\n<li><strong>Vorspeise:<\/strong> Salat mit Spargel und Kirschtomaten \u2013 leicht, frisch und farbenfroh<\/li>\n<li><strong>Suppe:<\/strong> Spargelcremesuppe mit Spargelst\u00fccken in der Terrine \u2013 samtig und aromatisch<\/li>\n<li><strong>Hauptgang:<\/strong> Stangenspargel mit Sauce Hollandaise, zart gegrillter Maispoulardenbrust und neuen Kartoffeln \u2013 ein Klassiker, meisterhaft interpretiert<\/li>\n<li><strong>Dessert:<\/strong> Dessertvariation von Whisky, dunkler Kuvert\u00fcre, Rhabarber und Erdbeeren \u2013 eine elegante Komposition aus Frucht, S\u00fc\u00dfe und feinem Alkohol<\/li>\n<\/ul>\n<p>Jeder Gang spiegelte die Philosophie des Clubs wider: regionale Produkte mit Hingabe verarbeitet, handwerklich pr\u00e4zise und mit kreativer Leichtigkeit serviert.<\/p>\n<p><strong>Stimmen aus dem Saal<\/strong><\/p>\n<p>\u201eEin fantastisches Men\u00fc und ein Abend, der einfach rundum stimmte\u201c, so eine begeisterte Besucherin. Auch Clubvorsitzender <strong>Josef A. Meyer<\/strong> zeigte sich hochzufrieden: \u201eDie positive Resonanz unserer G\u00e4ste zeigt, wie wichtig solche Veranstaltungen f\u00fcr den Erhalt unserer Esskultur und das kulinarische Miteinander sind.\u201c Sein Stellvertreter <strong>Sebastian Dunzinger<\/strong> erg\u00e4nzte: \u201eSolche Abende st\u00e4rken nicht nur den Verein, sondern auch die Gemeinschaft.\u201c<\/p>\n<p><strong>Blick nach vorn: 45 Jahre Spargelessen 2026<\/strong><\/p>\n<p>Im kommenden Jahr feiert der Club ein kleines Jubil\u00e4um: Das 45. Spargelessen steht bevor \u2013 ein Anlass, der sicher mit besonderen H\u00f6hepunkten gestaltet werden wird. Schon jetzt wird an Ideen gearbeitet, um den treuen G\u00e4sten ein au\u00dfergew\u00f6hnliches Erlebnis zu bieten.<\/p>\n<p><strong>\u00dcber den Club der K\u00f6che Donau-Ries e.V.<\/strong><\/p>\n<p>Seit seiner Gr\u00fcndung setzt sich der Club f\u00fcr die Pflege der Kochkunst, die F\u00f6rderung junger Talente und die regionale Genusskultur ein. Mit \u00f6ffentlichen Veranstaltungen wie dem Spargelessen bringt er Menschen zusammen, die gutes Essen, Gastfreundschaft und Qualit\u00e4t zu sch\u00e4tzen wissen.<\/p>\n<p>Weitere Informationen finden Sie unter:<br \/>\n<a href=\"https:\/\/www.kochclub-donau-ries.com\/\">www.kochclub-donau-ries.com<\/a><br \/>\ninfo@meerfraeulein.de | \u260e 09092\/9694-0<\/p>\n<p>&nbsp;<\/p>\n\n<div id=\"gallery-1522\" class=\"vkdgal-gallery-wrap gallery-grid \">\n    <div class=\"col-md-12\">\n        <div class=\"row\">\n            <div class=\"gal\" data-featherlight-gallery style=\"display: grid; grid-template-columns: repeat(3, 1fr); grid-column-gap: 10px;\">\n                                    <div class=\"item\">\n                        <a href=\"https:\/\/www.vkd.com\/lv-bayern\/wp-content\/uploads\/sites\/14\/2025\/06\/Dessert-768x1024.jpg\" title=\"Dessert\">\n                            <img class=\"img-full\" src=\"https:\/\/www.vkd.com\/lv-bayern\/wp-content\/uploads\/sites\/14\/2025\/06\/Dessert-768x1024.jpg\" title=\"Galerie bei Bild 1 \u00f6ffnen\" alt=\"Dessert\"\/>\n                        <\/a>\n                    <\/div>\n                                    <div class=\"item\">\n                        <a href=\"https:\/\/www.vkd.com\/lv-bayern\/wp-content\/uploads\/sites\/14\/2025\/06\/Hauptgang-2-768x1024.jpg\" title=\"Hauptgang 2\">\n                            <img class=\"img-full\" src=\"https:\/\/www.vkd.com\/lv-bayern\/wp-content\/uploads\/sites\/14\/2025\/06\/Hauptgang-2-768x1024.jpg\" title=\"Galerie bei Bild 2 \u00f6ffnen\" alt=\"Hauptgang 2\"\/>\n                        <\/a>\n                    <\/div>\n                                    <div class=\"item\">\n                        <a href=\"https:\/\/www.vkd.com\/lv-bayern\/wp-content\/uploads\/sites\/14\/2025\/06\/Menuekarte-1-768x1024.jpg\" title=\"Men\u00fckarte 1\">\n                            <img class=\"img-full\" src=\"https:\/\/www.vkd.com\/lv-bayern\/wp-content\/uploads\/sites\/14\/2025\/06\/Menuekarte-1-768x1024.jpg\" title=\"Galerie bei Bild 3 \u00f6ffnen\" alt=\"Men\u00fckarte 1\"\/>\n                        <\/a>\n                    <\/div>\n                                    <div class=\"item\">\n                        <a href=\"https:\/\/www.vkd.com\/lv-bayern\/wp-content\/uploads\/sites\/14\/2025\/06\/Menuekarte-2-768x1024.jpg\" title=\"Men\u00fckarte 2\">\n                            <img class=\"img-full\" src=\"https:\/\/www.vkd.com\/lv-bayern\/wp-content\/uploads\/sites\/14\/2025\/06\/Menuekarte-2-768x1024.jpg\" title=\"Galerie bei Bild 4 \u00f6ffnen\" alt=\"Men\u00fckarte 2\"\/>\n                        <\/a>\n                    <\/div>\n                                    <div class=\"item\">\n                        <a href=\"https:\/\/www.vkd.com\/lv-bayern\/wp-content\/uploads\/sites\/14\/2025\/06\/Suppe-768x1024.jpg\" title=\"Suppe\">\n                            <img class=\"img-full\" src=\"https:\/\/www.vkd.com\/lv-bayern\/wp-content\/uploads\/sites\/14\/2025\/06\/Suppe-768x1024.jpg\" title=\"Galerie bei Bild 5 \u00f6ffnen\" alt=\"Suppe\"\/>\n                        <\/a>\n                    <\/div>\n                                    <div class=\"item\">\n                        <a href=\"https:\/\/www.vkd.com\/lv-bayern\/wp-content\/uploads\/sites\/14\/2025\/06\/Vorspeise-768x1024.jpg\" title=\"Vorspeise\">\n                            <img class=\"img-full\" src=\"https:\/\/www.vkd.com\/lv-bayern\/wp-content\/uploads\/sites\/14\/2025\/06\/Vorspeise-768x1024.jpg\" title=\"Galerie bei Bild 6 \u00f6ffnen\" alt=\"Vorspeise\"\/>\n                        <\/a>\n                    <\/div>\n                                    <div class=\"item\">\n                        <a href=\"https:\/\/www.vkd.com\/lv-bayern\/wp-content\/uploads\/sites\/14\/2025\/06\/Vorstand-1024x768.jpg\" title=\"Vorstand\">\n                            <img class=\"img-full\" src=\"https:\/\/www.vkd.com\/lv-bayern\/wp-content\/uploads\/sites\/14\/2025\/06\/Vorstand-1024x768.jpg\" title=\"Galerie bei Bild 7 \u00f6ffnen\" alt=\"Vorstand\"\/>\n                        <\/a>\n                    <\/div>\n                            <\/div>\n        <\/div>\n    <\/div>\n<\/div>\n\n\n<p>&nbsp;<\/p>\n<p>Fotograf: Josef Meyer<\/p>\n<p><strong>auf dem Gruppenfoto von links nach rechts<\/strong><br \/>\nJosef A. Meyer , Klaus Rohder, Getrud Perlich, Sepp Meyer, Paul Trollmannn, David Huse, Uli Gro\u00dfmann<\/p>\n","protected":false},"excerpt":{"rendered":"<p>Wemding, 31. Mai 2025 \u2013 Frischer Spargel, kreative Kochkunst und eine herzliche Atmosph\u00e4re: Mit seinem 44. Spargelessen setzte der Club der K\u00f6che Donau-Ries e.V. erneut ein kulinarisches Ausrufezeichen in der Region. Der festliche Br\u00e4uhaussaal im Hotel Meerfr\u00e4ulein bildete den stilvollen Rahmen f\u00fcr einen genussvollen Abend, an dem rund 100 G\u00e4ste das Beste der Fr\u00fchlingsk\u00fcche erleben&#8230;<\/p>\n","protected":false},"author":1955,"featured_media":708,"comment_status":"closed","ping_status":"open","sticky":false,"template":"","format":"standard","meta":[],"categories":[1],"tags":[6,5,20,19,9,11],"yoast_head":"<!-- This site is optimized with the Yoast SEO plugin v20.0 - https:\/\/yoast.com\/wordpress\/plugins\/seo\/ -->\n<title>44. Spargelessen des Club der K\u00f6che Donau-Ries e.V. \u2013 Ein genussvoller Abend im Zeichen des Fr\u00fchlingsgem\u00fcses - Landesverband der K\u00f6che Bayern<\/title>\n<meta name=\"robots\" content=\"noindex, follow, max-snippet:-1, max-image-preview:large, max-video-preview:-1\" \/>\n<meta property=\"og:locale\" content=\"de_DE\" \/>\n<meta property=\"og:type\" content=\"article\" \/>\n<meta property=\"og:title\" content=\"44. Spargelessen des Club der K\u00f6che Donau-Ries e.V. \u2013 Ein genussvoller Abend im Zeichen des Fr\u00fchlingsgem\u00fcses - Landesverband der K\u00f6che Bayern\" \/>\n<meta property=\"og:description\" content=\"Wemding, 31. Mai 2025 \u2013 Frischer Spargel, kreative Kochkunst und eine herzliche Atmosph\u00e4re: Mit seinem 44. Spargelessen setzte der Club der K\u00f6che Donau-Ries e.V. erneut ein kulinarisches Ausrufezeichen in der Region. Der festliche Br\u00e4uhaussaal im Hotel Meerfr\u00e4ulein bildete den stilvollen Rahmen f\u00fcr einen genussvollen Abend, an dem rund 100 G\u00e4ste das Beste der Fr\u00fchlingsk\u00fcche erleben...\" \/>\n<meta property=\"og:url\" content=\"https:\/\/www.vkd.com\/lv-bayern\/news\/44-spargelessen-des-club-der-koeche-donau-ries-e-v-ein-genussvoller-abend-im-zeichen-des-fruehlingsgemueses\/\" \/>\n<meta property=\"og:site_name\" content=\"Landesverband der K\u00f6che Bayern\" \/>\n<meta property=\"article:published_time\" content=\"2025-06-17T10:44:06+00:00\" \/>\n<meta property=\"article:modified_time\" content=\"2025-06-17T10:45:02+00:00\" \/>\n<meta property=\"og:image\" content=\"https:\/\/www.vkd.com\/lv-bayern\/wp-content\/uploads\/sites\/14\/2024\/08\/logo-1.jpg\" \/>\n\t<meta property=\"og:image:width\" content=\"273\" \/>\n\t<meta property=\"og:image:height\" content=\"232\" \/>\n\t<meta property=\"og:image:type\" content=\"image\/jpeg\" \/>\n<meta name=\"author\" content=\"Kostadinov Alexander\" \/>\n<meta name=\"twitter:card\" content=\"summary_large_image\" \/>\n<meta name=\"twitter:label1\" content=\"Verfasst von\" \/>\n\t<meta name=\"twitter:data1\" content=\"Kostadinov Alexander\" \/>\n\t<meta name=\"twitter:label2\" content=\"Gesch\u00e4tzte Lesezeit\" \/>\n\t<meta name=\"twitter:data2\" content=\"3\u00a0Minuten\" \/>\n<script type=\"application\/ld+json\" class=\"yoast-schema-graph\">{\"@context\":\"https:\/\/schema.org\",\"@graph\":[{\"@type\":\"WebPage\",\"@id\":\"https:\/\/www.vkd.com\/lv-bayern\/news\/44-spargelessen-des-club-der-koeche-donau-ries-e-v-ein-genussvoller-abend-im-zeichen-des-fruehlingsgemueses\/\",\"url\":\"https:\/\/www.vkd.com\/lv-bayern\/news\/44-spargelessen-des-club-der-koeche-donau-ries-e-v-ein-genussvoller-abend-im-zeichen-des-fruehlingsgemueses\/\",\"name\":\"44. Spargelessen des Club der K\u00f6che Donau-Ries e.V. \u2013 Ein genussvoller Abend im Zeichen des Fr\u00fchlingsgem\u00fcses - Landesverband der K\u00f6che Bayern\",\"isPartOf\":{\"@id\":\"https:\/\/www.vkd.com\/lv-bayern\/#website\"},\"datePublished\":\"2025-06-17T10:44:06+00:00\",\"dateModified\":\"2025-06-17T10:45:02+00:00\",\"author\":{\"@id\":\"https:\/\/www.vkd.com\/lv-bayern\/#\/schema\/person\/19c4bb106ca4de98c60e2cb5ac7f572f\"},\"breadcrumb\":{\"@id\":\"https:\/\/www.vkd.com\/lv-bayern\/news\/44-spargelessen-des-club-der-koeche-donau-ries-e-v-ein-genussvoller-abend-im-zeichen-des-fruehlingsgemueses\/#breadcrumb\"},\"inLanguage\":\"de\",\"potentialAction\":[{\"@type\":\"ReadAction\",\"target\":[\"https:\/\/www.vkd.com\/lv-bayern\/news\/44-spargelessen-des-club-der-koeche-donau-ries-e-v-ein-genussvoller-abend-im-zeichen-des-fruehlingsgemueses\/\"]}]},{\"@type\":\"BreadcrumbList\",\"@id\":\"https:\/\/www.vkd.com\/lv-bayern\/news\/44-spargelessen-des-club-der-koeche-donau-ries-e-v-ein-genussvoller-abend-im-zeichen-des-fruehlingsgemueses\/#breadcrumb\",\"itemListElement\":[{\"@type\":\"ListItem\",\"position\":1,\"name\":\"Startseite\",\"item\":\"https:\/\/www.vkd.com\/lv-bayern\/\"},{\"@type\":\"ListItem\",\"position\":2,\"name\":\"44. Spargelessen des Club der K\u00f6che Donau-Ries e.V. \u2013 Ein genussvoller Abend im Zeichen des Fr\u00fchlingsgem\u00fcses\"}]},{\"@type\":\"WebSite\",\"@id\":\"https:\/\/www.vkd.com\/lv-bayern\/#website\",\"url\":\"https:\/\/www.vkd.com\/lv-bayern\/\",\"name\":\"Landesverband der K\u00f6che Bayern\",\"description\":\"Landesverband im Verband der K\u00f6che Deutschlands e.V.\",\"potentialAction\":[{\"@type\":\"SearchAction\",\"target\":{\"@type\":\"EntryPoint\",\"urlTemplate\":\"https:\/\/www.vkd.com\/lv-bayern\/?s={search_term_string}\"},\"query-input\":\"required name=search_term_string\"}],\"inLanguage\":\"de\"},{\"@type\":\"Person\",\"@id\":\"https:\/\/www.vkd.com\/lv-bayern\/#\/schema\/person\/19c4bb106ca4de98c60e2cb5ac7f572f\",\"name\":\"Kostadinov Alexander\",\"image\":{\"@type\":\"ImageObject\",\"inLanguage\":\"de\",\"@id\":\"https:\/\/www.vkd.com\/lv-bayern\/#\/schema\/person\/image\/\",\"url\":\"https:\/\/secure.gravatar.com\/avatar\/b0cb85e5c215fe1114e6d2404492358d?s=96&d=mm&r=g\",\"contentUrl\":\"https:\/\/secure.gravatar.com\/avatar\/b0cb85e5c215fe1114e6d2404492358d?s=96&d=mm&r=g\",\"caption\":\"Kostadinov Alexander\"},\"url\":\"https:\/\/www.vkd.com\/lv-bayern\/news\/author\/gentscher-jungentscher-de\/\"}]}<\/script>\n<!-- \/ Yoast SEO plugin. -->","yoast_head_json":{"title":"44. Spargelessen des Club der K\u00f6che Donau-Ries e.V. \u2013 Ein genussvoller Abend im Zeichen des Fr\u00fchlingsgem\u00fcses - Landesverband der K\u00f6che Bayern","robots":{"index":"noindex","follow":"follow","max-snippet":"max-snippet:-1","max-image-preview":"max-image-preview:large","max-video-preview":"max-video-preview:-1"},"og_locale":"de_DE","og_type":"article","og_title":"44. Spargelessen des Club der K\u00f6che Donau-Ries e.V. \u2013 Ein genussvoller Abend im Zeichen des Fr\u00fchlingsgem\u00fcses - Landesverband der K\u00f6che Bayern","og_description":"Wemding, 31. Mai 2025 \u2013 Frischer Spargel, kreative Kochkunst und eine herzliche Atmosph\u00e4re: Mit seinem 44. Spargelessen setzte der Club der K\u00f6che Donau-Ries e.V. erneut ein kulinarisches Ausrufezeichen in der Region. Der festliche Br\u00e4uhaussaal im Hotel Meerfr\u00e4ulein bildete den stilvollen Rahmen f\u00fcr einen genussvollen Abend, an dem rund 100 G\u00e4ste das Beste der Fr\u00fchlingsk\u00fcche erleben...","og_url":"https:\/\/www.vkd.com\/lv-bayern\/news\/44-spargelessen-des-club-der-koeche-donau-ries-e-v-ein-genussvoller-abend-im-zeichen-des-fruehlingsgemueses\/","og_site_name":"Landesverband der K\u00f6che Bayern","article_published_time":"2025-06-17T10:44:06+00:00","article_modified_time":"2025-06-17T10:45:02+00:00","og_image":[{"width":273,"height":232,"url":"https:\/\/www.vkd.com\/lv-bayern\/wp-content\/uploads\/sites\/14\/2024\/08\/logo-1.jpg","type":"image\/jpeg"}],"author":"Kostadinov Alexander","twitter_card":"summary_large_image","twitter_misc":{"Verfasst von":"Kostadinov Alexander","Gesch\u00e4tzte Lesezeit":"3\u00a0Minuten"},"schema":{"@context":"https:\/\/schema.org","@graph":[{"@type":"WebPage","@id":"https:\/\/www.vkd.com\/lv-bayern\/news\/44-spargelessen-des-club-der-koeche-donau-ries-e-v-ein-genussvoller-abend-im-zeichen-des-fruehlingsgemueses\/","url":"https:\/\/www.vkd.com\/lv-bayern\/news\/44-spargelessen-des-club-der-koeche-donau-ries-e-v-ein-genussvoller-abend-im-zeichen-des-fruehlingsgemueses\/","name":"44. Spargelessen des Club der K\u00f6che Donau-Ries e.V. \u2013 Ein genussvoller Abend im Zeichen des Fr\u00fchlingsgem\u00fcses - Landesverband der K\u00f6che Bayern","isPartOf":{"@id":"https:\/\/www.vkd.com\/lv-bayern\/#website"},"datePublished":"2025-06-17T10:44:06+00:00","dateModified":"2025-06-17T10:45:02+00:00","author":{"@id":"https:\/\/www.vkd.com\/lv-bayern\/#\/schema\/person\/19c4bb106ca4de98c60e2cb5ac7f572f"},"breadcrumb":{"@id":"https:\/\/www.vkd.com\/lv-bayern\/news\/44-spargelessen-des-club-der-koeche-donau-ries-e-v-ein-genussvoller-abend-im-zeichen-des-fruehlingsgemueses\/#breadcrumb"},"inLanguage":"de","potentialAction":[{"@type":"ReadAction","target":["https:\/\/www.vkd.com\/lv-bayern\/news\/44-spargelessen-des-club-der-koeche-donau-ries-e-v-ein-genussvoller-abend-im-zeichen-des-fruehlingsgemueses\/"]}]},{"@type":"BreadcrumbList","@id":"https:\/\/www.vkd.com\/lv-bayern\/news\/44-spargelessen-des-club-der-koeche-donau-ries-e-v-ein-genussvoller-abend-im-zeichen-des-fruehlingsgemueses\/#breadcrumb","itemListElement":[{"@type":"ListItem","position":1,"name":"Startseite","item":"https:\/\/www.vkd.com\/lv-bayern\/"},{"@type":"ListItem","position":2,"name":"44. Spargelessen des Club der K\u00f6che Donau-Ries e.V. \u2013 Ein genussvoller Abend im Zeichen des Fr\u00fchlingsgem\u00fcses"}]},{"@type":"WebSite","@id":"https:\/\/www.vkd.com\/lv-bayern\/#website","url":"https:\/\/www.vkd.com\/lv-bayern\/","name":"Landesverband der K\u00f6che Bayern","description":"Landesverband im Verband der K\u00f6che Deutschlands e.V.","potentialAction":[{"@type":"SearchAction","target":{"@type":"EntryPoint","urlTemplate":"https:\/\/www.vkd.com\/lv-bayern\/?s={search_term_string}"},"query-input":"required name=search_term_string"}],"inLanguage":"de"},{"@type":"Person","@id":"https:\/\/www.vkd.com\/lv-bayern\/#\/schema\/person\/19c4bb106ca4de98c60e2cb5ac7f572f","name":"Kostadinov Alexander","image":{"@type":"ImageObject","inLanguage":"de","@id":"https:\/\/www.vkd.com\/lv-bayern\/#\/schema\/person\/image\/","url":"https:\/\/secure.gravatar.com\/avatar\/b0cb85e5c215fe1114e6d2404492358d?s=96&d=mm&r=g","contentUrl":"https:\/\/secure.gravatar.com\/avatar\/b0cb85e5c215fe1114e6d2404492358d?s=96&d=mm&r=g","caption":"Kostadinov Alexander"},"url":"https:\/\/www.vkd.com\/lv-bayern\/news\/author\/gentscher-jungentscher-de\/"}]}},"_links":{"self":[{"href":"https:\/\/www.vkd.com\/lv-bayern\/wp-json\/wp\/v2\/posts\/1520"}],"collection":[{"href":"https:\/\/www.vkd.com\/lv-bayern\/wp-json\/wp\/v2\/posts"}],"about":[{"href":"https:\/\/www.vkd.com\/lv-bayern\/wp-json\/wp\/v2\/types\/post"}],"author":[{"embeddable":true,"href":"https:\/\/www.vkd.com\/lv-bayern\/wp-json\/wp\/v2\/users\/1955"}],"replies":[{"embeddable":true,"href":"https:\/\/www.vkd.com\/lv-bayern\/wp-json\/wp\/v2\/comments?post=1520"}],"version-history":[{"count":4,"href":"https:\/\/www.vkd.com\/lv-bayern\/wp-json\/wp\/v2\/posts\/1520\/revisions"}],"predecessor-version":[{"id":1531,"href":"https:\/\/www.vkd.com\/lv-bayern\/wp-json\/wp\/v2\/posts\/1520\/revisions\/1531"}],"wp:featuredmedia":[{"embeddable":true,"href":"https:\/\/www.vkd.com\/lv-bayern\/wp-json\/wp\/v2\/media\/708"}],"wp:attachment":[{"href":"https:\/\/www.vkd.com\/lv-bayern\/wp-json\/wp\/v2\/media?parent=1520"}],"wp:term":[{"taxonomy":"category","embeddable":true,"href":"https:\/\/www.vkd.com\/lv-bayern\/wp-json\/wp\/v2\/categories?post=1520"},{"taxonomy":"post_tag","embeddable":true,"href":"https:\/\/www.vkd.com\/lv-bayern\/wp-json\/wp\/v2\/tags?post=1520"}],"curies":[{"name":"wp","href":"https:\/\/api.w.org\/{rel}","templated":true}]}}