{"id":1512,"date":"2025-06-08T17:03:57","date_gmt":"2025-06-08T15:03:57","guid":{"rendered":"https:\/\/www.vkd.com\/lv-bayern\/?p=1512"},"modified":"2025-06-08T17:15:50","modified_gmt":"2025-06-08T15:15:50","slug":"was-geschah-und-wie-es-weitergeht-antworten-zur-ausserordentlichen-mv","status":"publish","type":"post","link":"https:\/\/www.vkd.com\/lv-bayern\/news\/was-geschah-und-wie-es-weitergeht-antworten-zur-ausserordentlichen-mv\/","title":{"rendered":"Was geschah \u2013 und wie es weitergeht: Antworten zur (au\u00dferordentlichen) MV"},"content":{"rendered":"<div class=\"custom-except\">\n<p>Seit der abgesagten au\u00dferordentliche Mitgliederversammlung (MV) haben sich viele Mitglieder per E-Mail und \u00fcber Social Media zu Wort gemeldet und Fragen gestellt: zum Ablauf, zu den Hintergr\u00fcnden \u2013 und zum weiteren Vorgehen, insbesondere in Bezug auf die Satzungsabstimmung und die kommende ordentliche MV. Wir haben die h\u00e4ufigsten R\u00fcckfragen gesammelt und beantworten sie hier kompakt und transparent.<\/p>\n<\/div>\n<p><strong>Warum konnte ich mich nicht im Abstimmungs-Tool einloggen? Gab es keine Tests?<\/strong><\/p>\n<p>Im Vorfeld fanden mehrere technische Tests statt. Kurz vor Beginn der Veranstaltung stellte sich jedoch heraus, dass beim Druck f\u00fcr den postalischen Versand die Kombination der Zugangsdaten aus Mitgliedsnummer und Passwort vertauscht wurde. Daher war ein Login nicht m\u00f6glich. Die Software selbst war funktionst\u00fcchtig.<\/p>\n<hr \/>\n<p><b><span data-contrast=\"auto\">Warum musste die au\u00dferordentliche MV abgebrochen werden?\u00a0<\/span><\/b><span data-ccp-props=\"{}\">\u00a0<\/span><\/p>\n<p><span data-contrast=\"auto\">Trotz intensiver Bem\u00fchungen unseres Teams, kurzfristig korrekte Zugangsdaten bereitzustellen, konnten wir nicht sicherstellen, dass alle Mitglieder ihr Stimmrecht wahrnehmen k\u00f6nnen. In Abstimmung mit dem Gesamtvorstand und unserer Notarin mussten wir die Veranstaltung schweren Herzens abbrechen.<\/span><\/p>\n<hr \/>\n<p><b><span data-contrast=\"auto\">Welche Konsequenzen zieht der VKD daraus?<\/span><\/b><span data-ccp-props=\"{}\">\u00a0<\/span><\/p>\n<p><span data-contrast=\"auto\">Die Verantwortung f\u00fcr die entstandene Situation liegt selbstverst\u00e4ndlich auf unserer Seite. Wir nehmen die Situation sehr ernst und pr\u00fcfen alle internen und externen Abl\u00e4ufe, um solche Fehler k\u00fcnftig zu vermeiden.<\/span><\/p>\n<hr \/>\n<p><b><span data-contrast=\"auto\">Entstand ein gro\u00dfer finanzieller Schaden?<\/span><\/b><span data-ccp-props=\"{}\">\u00a0<\/span><\/p>\n<p><span data-contrast=\"auto\">Nein. Digitale und hybride Formate sind zwar grunds\u00e4tzlich kostenintensiv, aber in Absprache mit der Softwarefirma und dem Versanddienstleister konnten wir die anfallenden Kosten auf ein Minimum reduzieren.<\/span><\/p>\n<hr \/>\n<p><b><span data-contrast=\"auto\">Warum ist bei Abstimmungen \u00fcber Satzungs\u00e4nderungen\u00a0keine\u00a0Briefwahl m\u00f6glich?<\/span><\/b><span data-ccp-props=\"{}\">\u00a0<\/span><\/p>\n<p><span data-contrast=\"auto\">Die seit 2017 g\u00fcltige VKD-Satzung unterscheidet klar zwischen der\u00a0<\/span><strong>Wahl des VKD-Pr\u00e4sidiums<\/strong>\u00a0und\u00a0<strong>Abstimmungen \u00fcber\u00a0eine Satzungs\u00e4nderung<\/strong><span data-contrast=\"auto\">. Das eine ist die Bestimmung der Personen, die\u00a0in unterschiedlichen Funktionen ehrenamtlich f\u00fcr die Mitglieder t\u00e4tig sind, das andere betrifft die Ver\u00e4nderung des rechtlichen Rahmens des VKD.<\/span><span data-ccp-props=\"{&quot;134233117&quot;:false,&quot;134233118&quot;:false,&quot;335551550&quot;:0,&quot;335551620&quot;:0,&quot;335559738&quot;:220,&quot;335559739&quot;:220}\">\u00a0<\/span><\/p>\n<ul>\n<li><b>Pr\u00e4sidiumswahl: Onlinewahl, auch per Briefwahl m\u00f6glich<\/b><span data-ccp-props=\"{&quot;134233117&quot;:false,&quot;134233118&quot;:false,&quot;335551550&quot;:0,&quot;335551620&quot;:0,&quot;335559738&quot;:220,&quot;335559739&quot;:220}\"><br \/>\n<\/span>Die\u00a0<span data-contrast=\"auto\">Pr\u00e4sidiumswahl<\/span>\u00a0<span data-contrast=\"auto\">findet\u00a0<\/span><span data-contrast=\"auto\">au\u00dferhalb einer Mitgliederversammlung<\/span><span data-contrast=\"auto\">\u00a0als Online-Wahl statt (\u00a712, Abs. 1). Wem die digitale Stimmabgabe nicht m\u00f6glich ist, kann bis zu zwei Monate vor dem Wahltag bei der Gesch\u00e4ftsstelle eine Briefwahl beantragen (\u00a712, Abs. 4). Das Wahllokal \u00f6ff<\/span><span data-contrast=\"auto\">net einen Tag.\u00a0<\/span><span data-ccp-props=\"{}\">\u00a0<\/span><\/li>\n<li><b>Satzungs\u00e4nderung: Vor-Ort-Abstimmung, nicht als Briefabstimmung m\u00f6glich<\/b><span data-ccp-props=\"{}\"><br \/>\n<\/span>\u00dcber Antr\u00e4ge wie\u00a0<span data-contrast=\"auto\">Satzungs\u00e4nderungen<\/span><span data-contrast=\"auto\">\u00a0stimmen Mitglieder\u00a0<\/span><span data-contrast=\"auto\">ausschlie\u00dflich in Anwesenheit auf der Mitgliederversammlung<\/span><span data-contrast=\"auto\">\u00a0ab. Eine Briefwahl ist hierbei ausdr\u00fccklich ausgeschlossen\u00a0<\/span><span data-contrast=\"auto\">(\u00a711, Abs. 6). F\u00fcr Satzungs\u00e4nderungen ist eine Stimmmeh<\/span><span data-contrast=\"auto\">rheit von 2\/3 der\u00a0<\/span><span data-contrast=\"auto\">anwesenden<\/span><span data-contrast=\"auto\">\u00a0Stimmen n\u00f6tig (\u00a711, Abs. 7), gleiches gilt f\u00fcr au\u00dferordentliche MVs. MVs<\/span><span data-contrast=\"auto\">\u00a0finden \u00fcblicherweise in Pr\u00e4senz statt, das hybride Format war ein\u00a0<\/span><span data-contrast=\"auto\">zus\u00e4tzliches Angebot<\/span><span data-contrast=\"auto\">\u00a0des VKD und ist nicht satzungspflichtig. Eine 24-st\u00fcndige Abstimmungsphase wie bei der Pr\u00e4sidiumswahl ist sat<\/span><span data-contrast=\"auto\">zungsrechtlich bei Antr\u00e4gen<\/span><span data-contrast=\"auto\">\u00a0nicht vorgesehen.<\/span><span data-ccp-props=\"{}\">\u00a0<\/span><\/li>\n<\/ul>\n<p><span data-contrast=\"auto\">Diese Regelungen wurden 2017 von den Delegierten aller Zweigvereine mit der erforderlichen<\/span>\u00a0<span data-contrast=\"auto\">2\/3-Mehrheit beschlossen und als sinnvoll erachtet.\u00a0<\/span><span data-contrast=\"auto\">Zus\u00e4tzlich wurde dieser Ablauf \u00fcber ein Jahr hinweg regelm\u00e4\u00dfig und transparent durch die Gesch\u00e4ftsstelle kommuniziert.<\/span><\/p>\n<hr \/>\n<p><b><span data-contrast=\"auto\">Wie geht es jetzt weiter?<\/span><\/b><span data-ccp-props=\"{}\">\u00a0<\/span><\/p>\n<p><span data-contrast=\"auto\">Die Antragsteller von A und B m\u00f6chten sich zusammen an \u201eden Tisch\u201c setzen\u00a0und \u00fcber die\u00a0St\u00e4rken, Schw\u00e4chen und Schnittmengen der beiden Antr\u00e4ge intensiv beraten. Das Ergebnis und die finalen Antr\u00e4ge werden im Juli online sowie im Magazin K\u00dcCHE ver\u00f6ffentlicht. Mitglieder k\u00f6nnen dar\u00fcber dann im Rahmen der 22. ordentlichen Mitgliederversammlung abstimmen.<\/span><\/p>\n<hr \/>\n<p><b><span data-contrast=\"auto\">Muss ich in Pr\u00e4senz teilnehmen, um abzustimmen?<\/span><\/b><span data-ccp-props=\"{}\">\u00a0<\/span><\/p>\n<p><span data-contrast=\"auto\">Nein. Die 22. ordentliche MV findet am 27. September im\u00a0Scandic Hotel Frankfurt Museumsufer\u00a0statt, alle Mitglieder sind herzlich willkommen. Die Veranstaltung ist hybrid, die Abstimmung \u00fcber die Satzung bleibt also online m\u00f6glich \u2013 ein zeitgem\u00e4\u00dfes zus\u00e4tzliches Angebot des VKD.<\/span><\/p>\n<hr \/>\n<p><b><span data-contrast=\"auto\">Hinweis zum Schluss<\/span><\/b><span data-ccp-props=\"{}\">\u00a0<\/span><\/p>\n<p><span data-contrast=\"none\">Die VKD-Satzung ist unser rechtlicher Rahmen und \u00f6ffentlich einsehbar unter\u00a0<\/span><a href=\"https:\/\/www.vkd.com\/mitgliedschaft\/satzung\"><span data-contrast=\"none\">www.vkd.com\/mitgliedschaft\/satzung<\/span><\/a><span data-contrast=\"none\">. Bei Fragen oder Unklarheiten wendet euch bitte an die Gesch\u00e4ftsstelle oder ein Mitglied des Gesamtvorstands \u2013 wir erkl\u00e4ren euch gerne, was m\u00f6glich ist und was nicht. \u00a0<\/span><span data-ccp-props=\"{}\">\u00a0<\/span><\/p>\n","protected":false},"excerpt":{"rendered":"<p>Seit der abgesagten au\u00dferordentliche Mitgliederversammlung (MV) haben sich viele Mitglieder per E-Mail und \u00fcber Social Media zu Wort gemeldet und Fragen gestellt: zum Ablauf, zu den Hintergr\u00fcnden \u2013 und zum weiteren Vorgehen, insbesondere in Bezug auf die Satzungsabstimmung und die kommende ordentliche MV. Wir haben die h\u00e4ufigsten R\u00fcckfragen gesammelt und beantworten sie hier kompakt und&#8230;<\/p>\n","protected":false},"author":1955,"featured_media":1513,"comment_status":"closed","ping_status":"open","sticky":false,"template":"","format":"standard","meta":[],"categories":[1],"tags":[5,9,8],"yoast_head":"<!-- This site is optimized with the Yoast SEO plugin v20.0 - https:\/\/yoast.com\/wordpress\/plugins\/seo\/ -->\n<title>Was geschah \u2013 und wie es weitergeht: Antworten zur (au\u00dferordentlichen) MV - Landesverband der K\u00f6che Bayern<\/title>\n<meta name=\"robots\" content=\"noindex, follow, max-snippet:-1, max-image-preview:large, max-video-preview:-1\" \/>\n<meta property=\"og:locale\" content=\"de_DE\" \/>\n<meta property=\"og:type\" content=\"article\" \/>\n<meta property=\"og:title\" content=\"Was geschah \u2013 und wie es weitergeht: Antworten zur (au\u00dferordentlichen) MV - Landesverband der K\u00f6che Bayern\" \/>\n<meta property=\"og:description\" content=\"Seit der abgesagten au\u00dferordentliche Mitgliederversammlung (MV) haben sich viele Mitglieder per E-Mail und \u00fcber Social Media zu Wort gemeldet und Fragen gestellt: zum Ablauf, zu den Hintergr\u00fcnden \u2013 und zum weiteren Vorgehen, insbesondere in Bezug auf die Satzungsabstimmung und die kommende ordentliche MV. Wir haben die h\u00e4ufigsten R\u00fcckfragen gesammelt und beantworten sie hier kompakt und...\" \/>\n<meta property=\"og:url\" content=\"https:\/\/www.vkd.com\/lv-bayern\/news\/was-geschah-und-wie-es-weitergeht-antworten-zur-ausserordentlichen-mv\/\" \/>\n<meta property=\"og:site_name\" content=\"Landesverband der K\u00f6che Bayern\" \/>\n<meta property=\"article:published_time\" content=\"2025-06-08T15:03:57+00:00\" \/>\n<meta property=\"article:modified_time\" content=\"2025-06-08T15:15:50+00:00\" \/>\n<meta property=\"og:image\" content=\"https:\/\/www.vkd.com\/lv-bayern\/wp-content\/uploads\/sites\/14\/2025\/06\/Collagen-divers-Quer-18001200-3-1024x683-1.png\" \/>\n\t<meta property=\"og:image:width\" content=\"1024\" \/>\n\t<meta property=\"og:image:height\" content=\"683\" \/>\n\t<meta property=\"og:image:type\" content=\"image\/png\" \/>\n<meta name=\"author\" content=\"Kostadinov Alexander\" \/>\n<meta name=\"twitter:card\" content=\"summary_large_image\" \/>\n<meta name=\"twitter:label1\" content=\"Verfasst von\" \/>\n\t<meta name=\"twitter:data1\" content=\"Kostadinov Alexander\" \/>\n\t<meta name=\"twitter:label2\" content=\"Gesch\u00e4tzte Lesezeit\" \/>\n\t<meta name=\"twitter:data2\" content=\"4\u00a0Minuten\" \/>\n<script type=\"application\/ld+json\" class=\"yoast-schema-graph\">{\"@context\":\"https:\/\/schema.org\",\"@graph\":[{\"@type\":\"WebPage\",\"@id\":\"https:\/\/www.vkd.com\/lv-bayern\/news\/was-geschah-und-wie-es-weitergeht-antworten-zur-ausserordentlichen-mv\/\",\"url\":\"https:\/\/www.vkd.com\/lv-bayern\/news\/was-geschah-und-wie-es-weitergeht-antworten-zur-ausserordentlichen-mv\/\",\"name\":\"Was geschah \u2013 und wie es weitergeht: Antworten zur (au\u00dferordentlichen) MV - Landesverband der K\u00f6che Bayern\",\"isPartOf\":{\"@id\":\"https:\/\/www.vkd.com\/lv-bayern\/#website\"},\"datePublished\":\"2025-06-08T15:03:57+00:00\",\"dateModified\":\"2025-06-08T15:15:50+00:00\",\"author\":{\"@id\":\"https:\/\/www.vkd.com\/lv-bayern\/#\/schema\/person\/19c4bb106ca4de98c60e2cb5ac7f572f\"},\"breadcrumb\":{\"@id\":\"https:\/\/www.vkd.com\/lv-bayern\/news\/was-geschah-und-wie-es-weitergeht-antworten-zur-ausserordentlichen-mv\/#breadcrumb\"},\"inLanguage\":\"de\",\"potentialAction\":[{\"@type\":\"ReadAction\",\"target\":[\"https:\/\/www.vkd.com\/lv-bayern\/news\/was-geschah-und-wie-es-weitergeht-antworten-zur-ausserordentlichen-mv\/\"]}]},{\"@type\":\"BreadcrumbList\",\"@id\":\"https:\/\/www.vkd.com\/lv-bayern\/news\/was-geschah-und-wie-es-weitergeht-antworten-zur-ausserordentlichen-mv\/#breadcrumb\",\"itemListElement\":[{\"@type\":\"ListItem\",\"position\":1,\"name\":\"Startseite\",\"item\":\"https:\/\/www.vkd.com\/lv-bayern\/\"},{\"@type\":\"ListItem\",\"position\":2,\"name\":\"Was geschah \u2013 und wie es weitergeht: Antworten zur (au\u00dferordentlichen) MV\"}]},{\"@type\":\"WebSite\",\"@id\":\"https:\/\/www.vkd.com\/lv-bayern\/#website\",\"url\":\"https:\/\/www.vkd.com\/lv-bayern\/\",\"name\":\"Landesverband der K\u00f6che Bayern\",\"description\":\"Landesverband im Verband der K\u00f6che Deutschlands e.V.\",\"potentialAction\":[{\"@type\":\"SearchAction\",\"target\":{\"@type\":\"EntryPoint\",\"urlTemplate\":\"https:\/\/www.vkd.com\/lv-bayern\/?s={search_term_string}\"},\"query-input\":\"required name=search_term_string\"}],\"inLanguage\":\"de\"},{\"@type\":\"Person\",\"@id\":\"https:\/\/www.vkd.com\/lv-bayern\/#\/schema\/person\/19c4bb106ca4de98c60e2cb5ac7f572f\",\"name\":\"Kostadinov Alexander\",\"image\":{\"@type\":\"ImageObject\",\"inLanguage\":\"de\",\"@id\":\"https:\/\/www.vkd.com\/lv-bayern\/#\/schema\/person\/image\/\",\"url\":\"https:\/\/secure.gravatar.com\/avatar\/b0cb85e5c215fe1114e6d2404492358d?s=96&d=mm&r=g\",\"contentUrl\":\"https:\/\/secure.gravatar.com\/avatar\/b0cb85e5c215fe1114e6d2404492358d?s=96&d=mm&r=g\",\"caption\":\"Kostadinov Alexander\"},\"url\":\"https:\/\/www.vkd.com\/lv-bayern\/news\/author\/gentscher-jungentscher-de\/\"}]}<\/script>\n<!-- \/ Yoast SEO plugin. -->","yoast_head_json":{"title":"Was geschah \u2013 und wie es weitergeht: Antworten zur (au\u00dferordentlichen) MV - Landesverband der K\u00f6che Bayern","robots":{"index":"noindex","follow":"follow","max-snippet":"max-snippet:-1","max-image-preview":"max-image-preview:large","max-video-preview":"max-video-preview:-1"},"og_locale":"de_DE","og_type":"article","og_title":"Was geschah \u2013 und wie es weitergeht: Antworten zur (au\u00dferordentlichen) MV - Landesverband der K\u00f6che Bayern","og_description":"Seit der abgesagten au\u00dferordentliche Mitgliederversammlung (MV) haben sich viele Mitglieder per E-Mail und \u00fcber Social Media zu Wort gemeldet und Fragen gestellt: zum Ablauf, zu den Hintergr\u00fcnden \u2013 und zum weiteren Vorgehen, insbesondere in Bezug auf die Satzungsabstimmung und die kommende ordentliche MV. Wir haben die h\u00e4ufigsten R\u00fcckfragen gesammelt und beantworten sie hier kompakt und...","og_url":"https:\/\/www.vkd.com\/lv-bayern\/news\/was-geschah-und-wie-es-weitergeht-antworten-zur-ausserordentlichen-mv\/","og_site_name":"Landesverband der K\u00f6che Bayern","article_published_time":"2025-06-08T15:03:57+00:00","article_modified_time":"2025-06-08T15:15:50+00:00","og_image":[{"width":1024,"height":683,"url":"https:\/\/www.vkd.com\/lv-bayern\/wp-content\/uploads\/sites\/14\/2025\/06\/Collagen-divers-Quer-18001200-3-1024x683-1.png","type":"image\/png"}],"author":"Kostadinov Alexander","twitter_card":"summary_large_image","twitter_misc":{"Verfasst von":"Kostadinov Alexander","Gesch\u00e4tzte Lesezeit":"4\u00a0Minuten"},"schema":{"@context":"https:\/\/schema.org","@graph":[{"@type":"WebPage","@id":"https:\/\/www.vkd.com\/lv-bayern\/news\/was-geschah-und-wie-es-weitergeht-antworten-zur-ausserordentlichen-mv\/","url":"https:\/\/www.vkd.com\/lv-bayern\/news\/was-geschah-und-wie-es-weitergeht-antworten-zur-ausserordentlichen-mv\/","name":"Was geschah \u2013 und wie es weitergeht: Antworten zur (au\u00dferordentlichen) MV - Landesverband der K\u00f6che Bayern","isPartOf":{"@id":"https:\/\/www.vkd.com\/lv-bayern\/#website"},"datePublished":"2025-06-08T15:03:57+00:00","dateModified":"2025-06-08T15:15:50+00:00","author":{"@id":"https:\/\/www.vkd.com\/lv-bayern\/#\/schema\/person\/19c4bb106ca4de98c60e2cb5ac7f572f"},"breadcrumb":{"@id":"https:\/\/www.vkd.com\/lv-bayern\/news\/was-geschah-und-wie-es-weitergeht-antworten-zur-ausserordentlichen-mv\/#breadcrumb"},"inLanguage":"de","potentialAction":[{"@type":"ReadAction","target":["https:\/\/www.vkd.com\/lv-bayern\/news\/was-geschah-und-wie-es-weitergeht-antworten-zur-ausserordentlichen-mv\/"]}]},{"@type":"BreadcrumbList","@id":"https:\/\/www.vkd.com\/lv-bayern\/news\/was-geschah-und-wie-es-weitergeht-antworten-zur-ausserordentlichen-mv\/#breadcrumb","itemListElement":[{"@type":"ListItem","position":1,"name":"Startseite","item":"https:\/\/www.vkd.com\/lv-bayern\/"},{"@type":"ListItem","position":2,"name":"Was geschah \u2013 und wie es weitergeht: Antworten zur (au\u00dferordentlichen) MV"}]},{"@type":"WebSite","@id":"https:\/\/www.vkd.com\/lv-bayern\/#website","url":"https:\/\/www.vkd.com\/lv-bayern\/","name":"Landesverband der K\u00f6che Bayern","description":"Landesverband im Verband der K\u00f6che Deutschlands e.V.","potentialAction":[{"@type":"SearchAction","target":{"@type":"EntryPoint","urlTemplate":"https:\/\/www.vkd.com\/lv-bayern\/?s={search_term_string}"},"query-input":"required name=search_term_string"}],"inLanguage":"de"},{"@type":"Person","@id":"https:\/\/www.vkd.com\/lv-bayern\/#\/schema\/person\/19c4bb106ca4de98c60e2cb5ac7f572f","name":"Kostadinov Alexander","image":{"@type":"ImageObject","inLanguage":"de","@id":"https:\/\/www.vkd.com\/lv-bayern\/#\/schema\/person\/image\/","url":"https:\/\/secure.gravatar.com\/avatar\/b0cb85e5c215fe1114e6d2404492358d?s=96&d=mm&r=g","contentUrl":"https:\/\/secure.gravatar.com\/avatar\/b0cb85e5c215fe1114e6d2404492358d?s=96&d=mm&r=g","caption":"Kostadinov Alexander"},"url":"https:\/\/www.vkd.com\/lv-bayern\/news\/author\/gentscher-jungentscher-de\/"}]}},"_links":{"self":[{"href":"https:\/\/www.vkd.com\/lv-bayern\/wp-json\/wp\/v2\/posts\/1512"}],"collection":[{"href":"https:\/\/www.vkd.com\/lv-bayern\/wp-json\/wp\/v2\/posts"}],"about":[{"href":"https:\/\/www.vkd.com\/lv-bayern\/wp-json\/wp\/v2\/types\/post"}],"author":[{"embeddable":true,"href":"https:\/\/www.vkd.com\/lv-bayern\/wp-json\/wp\/v2\/users\/1955"}],"replies":[{"embeddable":true,"href":"https:\/\/www.vkd.com\/lv-bayern\/wp-json\/wp\/v2\/comments?post=1512"}],"version-history":[{"count":3,"href":"https:\/\/www.vkd.com\/lv-bayern\/wp-json\/wp\/v2\/posts\/1512\/revisions"}],"predecessor-version":[{"id":1516,"href":"https:\/\/www.vkd.com\/lv-bayern\/wp-json\/wp\/v2\/posts\/1512\/revisions\/1516"}],"wp:featuredmedia":[{"embeddable":true,"href":"https:\/\/www.vkd.com\/lv-bayern\/wp-json\/wp\/v2\/media\/1513"}],"wp:attachment":[{"href":"https:\/\/www.vkd.com\/lv-bayern\/wp-json\/wp\/v2\/media?parent=1512"}],"wp:term":[{"taxonomy":"category","embeddable":true,"href":"https:\/\/www.vkd.com\/lv-bayern\/wp-json\/wp\/v2\/categories?post=1512"},{"taxonomy":"post_tag","embeddable":true,"href":"https:\/\/www.vkd.com\/lv-bayern\/wp-json\/wp\/v2\/tags?post=1512"}],"curies":[{"name":"wp","href":"https:\/\/api.w.org\/{rel}","templated":true}]}}