{"id":1472,"date":"2025-06-05T19:16:22","date_gmt":"2025-06-05T17:16:22","guid":{"rendered":"https:\/\/www.vkd.com\/lv-bayern\/?p=1472"},"modified":"2025-06-08T17:17:24","modified_gmt":"2025-06-08T15:17:24","slug":"ausserordentliche-mitgliederversammlung","status":"publish","type":"post","link":"https:\/\/www.vkd.com\/lv-bayern\/news\/ausserordentliche-mitgliederversammlung\/","title":{"rendered":"Au\u00dferordentliche Mitgliederversammlung"},"content":{"rendered":"<blockquote>\n<blockquote>\n<h4 class=\"upcse\">Update | 5. Juni, 15:30 Uhr<\/h4>\n<p>Liebe VKD-Mitglieder,<\/p>\n<p><span data-contrast=\"auto\">und jetzt? Das fragen sich nach der abgebrochenen au\u00dferordentlichen Mitgliederversammlung sicherlich einige.\u00a0<\/span><span data-contrast=\"auto\">In der Vorstandssitzung am 4. Juni wurde das weitere Vorgehen ausf\u00fchrlich besprochen. Eine erneute au\u00dferordentliche MV ist aufgrund der Fristen nicht umsetzbar. Daher wird \u00fcber die Satzungs\u00e4nderung im Rahmen der 22. ordentlichen Mitgliederversammlung am 27. September 2025 abgestimmt. Diese findet in Pr\u00e4senz in Frankfurt statt mit der M\u00f6glichkeit, auch online dabei zu sein. Alle VKD-Mitglieder sind herzlich willkommen.\u00a0<\/span><span data-ccp-props=\"{}\">\u00a0<\/span><\/p>\n<p><span data-contrast=\"auto\">Vorab m\u00f6chten sich die\u00a0<\/span><span data-contrast=\"auto\">Antragsteller von A und B zusammen an \u201eden Tisch\u201c setzen\u00a0und \u00fcber die<\/span><span data-contrast=\"auto\">\u00a0St\u00e4rken, Schw\u00e4chen und Schnittmengen der beiden Antr\u00e4ge intensiv beraten. Das Ergebnis und die finalen Antr\u00e4ge werden im Juli online sowie im Magazin K\u00dcCHE ver\u00f6ffentlicht. Weitere Informationen folgen in K\u00fcrze.\u00a0<\/span><span data-ccp-props=\"{}\">\u00a0<\/span><\/p>\n<p><span data-contrast=\"auto\">Der Vorstand war bei der Sitzung vollz\u00e4hlig vertreten \u2013, inklusive der beiden designierten Mitglieder aus Hessen und NRW. Die Stimmung war offen, konstruktiv und zukunftsorientiert \u2013 ein starkes Signal daf\u00fcr, dass auch aus einem schwierigen Ereignis wie dem Abbruch der au\u00dferordentlichen MV etwas Gutes entstehen kann.\u00a0<\/span><\/p><\/blockquote>\n<\/blockquote>\n<p>&nbsp;<\/p>\n<p>Am\u00a0<strong>2. Juni 2025 um 16 Uhr<\/strong>\u00a0l\u00e4dt der Verband der K\u00f6che Deutschlands e. V. (VKD)\u00a0<span data-contrast=\"auto\">zur\u00a0<\/span><b><span data-contrast=\"auto\">au\u00dferordentlichen<\/span><\/b>\u00a0<b><span data-contrast=\"auto\">Mitgliederversammlung (MV)<\/span><\/b>\u00a0<span data-contrast=\"auto\">ein.<\/span><\/p>\n<p><span data-contrast=\"auto\">Die Veranstaltung findet hybrid statt, alle Abstimmungen werden digital durchgef\u00fchrt.\u00a0<\/span><span data-contrast=\"auto\">Die Teilnahme ist online via Zoom oder in Pr\u00e4senz in Frankfurt am Main m\u00f6glich. F\u00fcr die Teilnahme in Pr\u00e4senz konnten sich Mitglieder bis 15. Mai 2025 bei der Gesch\u00e4ftsstelle anmelden.<\/span><span data-ccp-props=\"{&quot;134233117&quot;:false,&quot;134233118&quot;:false,&quot;201341983&quot;:0,&quot;335559738&quot;:0,&quot;335559739&quot;:0,&quot;335559740&quot;:240}\">\u00a0<\/span><\/p>\n<p><span data-contrast=\"auto\">Im Rahmen der au\u00dferordentlichen MV wird \u00fcber zwei\u00a0<strong><a href=\"https:\/\/www.vkd.com\/ao-mv-2025\/satzung\/\">Antr\u00e4ge zur Satzungs\u00e4nderung<\/a><\/strong>\u00a0abgestimmt.\u00a0<\/span><span data-ccp-props=\"{&quot;134233117&quot;:true,&quot;134233118&quot;:true,&quot;201341983&quot;:0,&quot;335559739&quot;:0,&quot;335559740&quot;:240}\">\u00a0<\/span><\/p>\n<ul>\n<li><span data-contrast=\"auto\">Antrag A \u2013 Antragsteller: Gesamtvorstand des VKD<\/span><span data-ccp-props=\"{&quot;134233117&quot;:true,&quot;134233118&quot;:true,&quot;201341983&quot;:0,&quot;335559739&quot;:0,&quot;335559740&quot;:240}\">\u00a0<\/span><\/li>\n<li><span data-contrast=\"auto\">Antrag B \u2013 Antragsteller: Max Heim, Karl Haaf, Johann Grassmugg<\/span><\/li>\n<\/ul>\n<p><span data-ccp-props=\"{&quot;134233117&quot;:false,&quot;134233118&quot;:false,&quot;201341983&quot;:0,&quot;335551550&quot;:2,&quot;335551620&quot;:2,&quot;335559738&quot;:0,&quot;335559739&quot;:0,&quot;335559740&quot;:240}\">\u00a0Die pers\u00f6nlichen Zugangsdaten f\u00fcr die digitale Abstimmung haben alle stimmberechtigten Mitglieder Mitte April per Post erhalten*.<\/span><\/p>\n<hr \/>\n<blockquote>\n<h3 class=\"upcse\">Wichtige Links<\/h3>\n<p><a class=\"btn btn-green\" href=\"https:\/\/bit.ly\/ao-mv-2025-zoom\" target=\"_blank\" rel=\"noopener\">Zur Zoom-\u00dcbertragung<\/a><\/p>\n<p><a class=\"btn btn-green\" href=\"https:\/\/election.polyas.com\/123e2b78-909c-45ce-ab13-3d9a9e344114\/\" target=\"_blank\" rel=\"noopener\">Zum Abstimmungs-Tool<\/a><br \/>\n<span class=\"OYPEnA font-feature-liga-off font-feature-clig-off font-feature-calt-off text-decoration-none text-strikethrough-none\">Bitte beachten: Stimmberechtigte Mitglieder k\u00f6nnen nur w\u00e4hrend der Veranstaltung abstimmen, eine (digitale) Teilnahme ist zwingend notwendig, um \u00fcber die Satzung mitzuentscheiden.<\/span><\/p>\n<p>&nbsp;<\/p>\n<p><a class=\"btn btn-green\" href=\"https:\/\/www.vkd.com\/ao-mv-2025\/satzung\/\">Antr\u00e4ge auf Satzungs\u00e4nderung<\/a><\/p>\n<p><a class=\"btn btn-green\" href=\"https:\/\/www.vkd.com\/wp-content\/uploads\/2025\/04\/VKD-Tagesordnung-Mitgliederversammlung-2025_FINAL.pdf\" target=\"_blank\" rel=\"noopener\">Download vorl\u00e4ufige Tagesordnung<\/a><\/p>\n<p><a class=\"btn btn-yellow\" href=\"https:\/\/www.vkd.com\/news\/kategorie\/mitgliederversammlung\/\">News zur MV<\/a><\/p>\n<p>&nbsp;<\/p>\n<hr \/>\n<p>Am 2. Juni ist die VKD-Gesch\u00e4ftsstelle wegen der au\u00dferordentlichen Mitgliederversammlung nicht erreichbar. F\u00fcr dringende R\u00fcckfragen steht euch die Wahlkommission telefonisch von 15:00 bis 16:15 Uhr zur Verf\u00fcgung unter 069\/630006-12.\u00a0Ab Dienstag, 3. Juni 2025 sind wir wieder wie gewohnt f\u00fcr euch da.<\/p><\/blockquote>\n<p><iframe loading=\"lazy\" title=\"Antrag A einfach erkl\u00e4rt \u2013 Was \u00e4ndert sich in der VKD-Satzung?\" width=\"500\" height=\"281\" src=\"https:\/\/www.youtube.com\/embed\/fHWdwdeI94o?feature=oembed\" frameborder=\"0\" allow=\"accelerometer; autoplay; clipboard-write; encrypted-media; gyroscope; picture-in-picture; web-share\" referrerpolicy=\"strict-origin-when-cross-origin\" allowfullscreen><\/iframe><\/p>\n<p>&nbsp;<\/p>\n<p><iframe loading=\"lazy\" title=\"Antrag B der VKD-Satzung einfach erkl\u00e4rt\" width=\"500\" height=\"281\" src=\"https:\/\/www.youtube.com\/embed\/Sy5f81-jA-U?feature=oembed\" frameborder=\"0\" allow=\"accelerometer; autoplay; clipboard-write; encrypted-media; gyroscope; picture-in-picture; web-share\" referrerpolicy=\"strict-origin-when-cross-origin\" allowfullscreen><\/iframe><\/p>\n","protected":false},"excerpt":{"rendered":"<p>Update | 5. Juni, 15:30 Uhr Liebe VKD-Mitglieder, und jetzt? Das fragen sich nach der abgebrochenen au\u00dferordentlichen Mitgliederversammlung sicherlich einige.\u00a0In der Vorstandssitzung am 4. Juni wurde das weitere Vorgehen ausf\u00fchrlich besprochen. Eine erneute au\u00dferordentliche MV ist aufgrund der Fristen nicht umsetzbar. Daher wird \u00fcber die Satzungs\u00e4nderung im Rahmen der 22. ordentlichen Mitgliederversammlung am 27. September&#8230;<\/p>\n","protected":false},"author":1955,"featured_media":1517,"comment_status":"closed","ping_status":"open","sticky":false,"template":"","format":"standard","meta":[],"categories":[1],"tags":[5,20,19,9],"yoast_head":"<!-- This site is optimized with the Yoast SEO plugin v20.0 - https:\/\/yoast.com\/wordpress\/plugins\/seo\/ -->\n<title>Au\u00dferordentliche Mitgliederversammlung - Landesverband der K\u00f6che Bayern<\/title>\n<meta name=\"robots\" content=\"noindex, follow, max-snippet:-1, max-image-preview:large, max-video-preview:-1\" \/>\n<meta property=\"og:locale\" content=\"de_DE\" \/>\n<meta property=\"og:type\" content=\"article\" \/>\n<meta property=\"og:title\" content=\"Au\u00dferordentliche Mitgliederversammlung - Landesverband der K\u00f6che Bayern\" \/>\n<meta property=\"og:description\" content=\"Update | 5. Juni, 15:30 Uhr Liebe VKD-Mitglieder, und jetzt? Das fragen sich nach der abgebrochenen au\u00dferordentlichen Mitgliederversammlung sicherlich einige.\u00a0In der Vorstandssitzung am 4. Juni wurde das weitere Vorgehen ausf\u00fchrlich besprochen. Eine erneute au\u00dferordentliche MV ist aufgrund der Fristen nicht umsetzbar. Daher wird \u00fcber die Satzungs\u00e4nderung im Rahmen der 22. ordentlichen Mitgliederversammlung am 27. September...\" \/>\n<meta property=\"og:url\" content=\"https:\/\/www.vkd.com\/lv-bayern\/news\/ausserordentliche-mitgliederversammlung\/\" \/>\n<meta property=\"og:site_name\" content=\"Landesverband der K\u00f6che Bayern\" \/>\n<meta property=\"article:published_time\" content=\"2025-06-05T17:16:22+00:00\" \/>\n<meta property=\"article:modified_time\" content=\"2025-06-08T15:17:24+00:00\" \/>\n<meta property=\"og:image\" content=\"https:\/\/www.vkd.com\/lv-bayern\/wp-content\/uploads\/sites\/14\/2025\/05\/IMG_8972-1024x768-1.jpeg\" \/>\n\t<meta property=\"og:image:width\" content=\"1024\" \/>\n\t<meta property=\"og:image:height\" content=\"768\" \/>\n\t<meta property=\"og:image:type\" content=\"image\/jpeg\" \/>\n<meta name=\"author\" content=\"Kostadinov Alexander\" \/>\n<meta name=\"twitter:card\" content=\"summary_large_image\" \/>\n<meta name=\"twitter:label1\" content=\"Verfasst von\" \/>\n\t<meta name=\"twitter:data1\" content=\"Kostadinov Alexander\" \/>\n\t<meta name=\"twitter:label2\" content=\"Gesch\u00e4tzte Lesezeit\" \/>\n\t<meta name=\"twitter:data2\" content=\"2\u00a0Minuten\" \/>\n<script type=\"application\/ld+json\" class=\"yoast-schema-graph\">{\"@context\":\"https:\/\/schema.org\",\"@graph\":[{\"@type\":\"WebPage\",\"@id\":\"https:\/\/www.vkd.com\/lv-bayern\/news\/ausserordentliche-mitgliederversammlung\/\",\"url\":\"https:\/\/www.vkd.com\/lv-bayern\/news\/ausserordentliche-mitgliederversammlung\/\",\"name\":\"Au\u00dferordentliche Mitgliederversammlung - Landesverband der K\u00f6che Bayern\",\"isPartOf\":{\"@id\":\"https:\/\/www.vkd.com\/lv-bayern\/#website\"},\"datePublished\":\"2025-06-05T17:16:22+00:00\",\"dateModified\":\"2025-06-08T15:17:24+00:00\",\"author\":{\"@id\":\"https:\/\/www.vkd.com\/lv-bayern\/#\/schema\/person\/19c4bb106ca4de98c60e2cb5ac7f572f\"},\"breadcrumb\":{\"@id\":\"https:\/\/www.vkd.com\/lv-bayern\/news\/ausserordentliche-mitgliederversammlung\/#breadcrumb\"},\"inLanguage\":\"de\",\"potentialAction\":[{\"@type\":\"ReadAction\",\"target\":[\"https:\/\/www.vkd.com\/lv-bayern\/news\/ausserordentliche-mitgliederversammlung\/\"]}]},{\"@type\":\"BreadcrumbList\",\"@id\":\"https:\/\/www.vkd.com\/lv-bayern\/news\/ausserordentliche-mitgliederversammlung\/#breadcrumb\",\"itemListElement\":[{\"@type\":\"ListItem\",\"position\":1,\"name\":\"Startseite\",\"item\":\"https:\/\/www.vkd.com\/lv-bayern\/\"},{\"@type\":\"ListItem\",\"position\":2,\"name\":\"Au\u00dferordentliche Mitgliederversammlung\"}]},{\"@type\":\"WebSite\",\"@id\":\"https:\/\/www.vkd.com\/lv-bayern\/#website\",\"url\":\"https:\/\/www.vkd.com\/lv-bayern\/\",\"name\":\"Landesverband der K\u00f6che Bayern\",\"description\":\"Landesverband im Verband der K\u00f6che Deutschlands e.V.\",\"potentialAction\":[{\"@type\":\"SearchAction\",\"target\":{\"@type\":\"EntryPoint\",\"urlTemplate\":\"https:\/\/www.vkd.com\/lv-bayern\/?s={search_term_string}\"},\"query-input\":\"required name=search_term_string\"}],\"inLanguage\":\"de\"},{\"@type\":\"Person\",\"@id\":\"https:\/\/www.vkd.com\/lv-bayern\/#\/schema\/person\/19c4bb106ca4de98c60e2cb5ac7f572f\",\"name\":\"Kostadinov Alexander\",\"image\":{\"@type\":\"ImageObject\",\"inLanguage\":\"de\",\"@id\":\"https:\/\/www.vkd.com\/lv-bayern\/#\/schema\/person\/image\/\",\"url\":\"https:\/\/secure.gravatar.com\/avatar\/b0cb85e5c215fe1114e6d2404492358d?s=96&d=mm&r=g\",\"contentUrl\":\"https:\/\/secure.gravatar.com\/avatar\/b0cb85e5c215fe1114e6d2404492358d?s=96&d=mm&r=g\",\"caption\":\"Kostadinov Alexander\"},\"url\":\"https:\/\/www.vkd.com\/lv-bayern\/news\/author\/gentscher-jungentscher-de\/\"}]}<\/script>\n<!-- \/ Yoast SEO plugin. -->","yoast_head_json":{"title":"Au\u00dferordentliche Mitgliederversammlung - Landesverband der K\u00f6che Bayern","robots":{"index":"noindex","follow":"follow","max-snippet":"max-snippet:-1","max-image-preview":"max-image-preview:large","max-video-preview":"max-video-preview:-1"},"og_locale":"de_DE","og_type":"article","og_title":"Au\u00dferordentliche Mitgliederversammlung - Landesverband der K\u00f6che Bayern","og_description":"Update | 5. Juni, 15:30 Uhr Liebe VKD-Mitglieder, und jetzt? Das fragen sich nach der abgebrochenen au\u00dferordentlichen Mitgliederversammlung sicherlich einige.\u00a0In der Vorstandssitzung am 4. Juni wurde das weitere Vorgehen ausf\u00fchrlich besprochen. Eine erneute au\u00dferordentliche MV ist aufgrund der Fristen nicht umsetzbar. Daher wird \u00fcber die Satzungs\u00e4nderung im Rahmen der 22. ordentlichen Mitgliederversammlung am 27. September...","og_url":"https:\/\/www.vkd.com\/lv-bayern\/news\/ausserordentliche-mitgliederversammlung\/","og_site_name":"Landesverband der K\u00f6che Bayern","article_published_time":"2025-06-05T17:16:22+00:00","article_modified_time":"2025-06-08T15:17:24+00:00","og_image":[{"width":1024,"height":768,"url":"https:\/\/www.vkd.com\/lv-bayern\/wp-content\/uploads\/sites\/14\/2025\/05\/IMG_8972-1024x768-1.jpeg","type":"image\/jpeg"}],"author":"Kostadinov Alexander","twitter_card":"summary_large_image","twitter_misc":{"Verfasst von":"Kostadinov Alexander","Gesch\u00e4tzte Lesezeit":"2\u00a0Minuten"},"schema":{"@context":"https:\/\/schema.org","@graph":[{"@type":"WebPage","@id":"https:\/\/www.vkd.com\/lv-bayern\/news\/ausserordentliche-mitgliederversammlung\/","url":"https:\/\/www.vkd.com\/lv-bayern\/news\/ausserordentliche-mitgliederversammlung\/","name":"Au\u00dferordentliche Mitgliederversammlung - Landesverband der K\u00f6che Bayern","isPartOf":{"@id":"https:\/\/www.vkd.com\/lv-bayern\/#website"},"datePublished":"2025-06-05T17:16:22+00:00","dateModified":"2025-06-08T15:17:24+00:00","author":{"@id":"https:\/\/www.vkd.com\/lv-bayern\/#\/schema\/person\/19c4bb106ca4de98c60e2cb5ac7f572f"},"breadcrumb":{"@id":"https:\/\/www.vkd.com\/lv-bayern\/news\/ausserordentliche-mitgliederversammlung\/#breadcrumb"},"inLanguage":"de","potentialAction":[{"@type":"ReadAction","target":["https:\/\/www.vkd.com\/lv-bayern\/news\/ausserordentliche-mitgliederversammlung\/"]}]},{"@type":"BreadcrumbList","@id":"https:\/\/www.vkd.com\/lv-bayern\/news\/ausserordentliche-mitgliederversammlung\/#breadcrumb","itemListElement":[{"@type":"ListItem","position":1,"name":"Startseite","item":"https:\/\/www.vkd.com\/lv-bayern\/"},{"@type":"ListItem","position":2,"name":"Au\u00dferordentliche Mitgliederversammlung"}]},{"@type":"WebSite","@id":"https:\/\/www.vkd.com\/lv-bayern\/#website","url":"https:\/\/www.vkd.com\/lv-bayern\/","name":"Landesverband der K\u00f6che Bayern","description":"Landesverband im Verband der K\u00f6che Deutschlands e.V.","potentialAction":[{"@type":"SearchAction","target":{"@type":"EntryPoint","urlTemplate":"https:\/\/www.vkd.com\/lv-bayern\/?s={search_term_string}"},"query-input":"required name=search_term_string"}],"inLanguage":"de"},{"@type":"Person","@id":"https:\/\/www.vkd.com\/lv-bayern\/#\/schema\/person\/19c4bb106ca4de98c60e2cb5ac7f572f","name":"Kostadinov Alexander","image":{"@type":"ImageObject","inLanguage":"de","@id":"https:\/\/www.vkd.com\/lv-bayern\/#\/schema\/person\/image\/","url":"https:\/\/secure.gravatar.com\/avatar\/b0cb85e5c215fe1114e6d2404492358d?s=96&d=mm&r=g","contentUrl":"https:\/\/secure.gravatar.com\/avatar\/b0cb85e5c215fe1114e6d2404492358d?s=96&d=mm&r=g","caption":"Kostadinov Alexander"},"url":"https:\/\/www.vkd.com\/lv-bayern\/news\/author\/gentscher-jungentscher-de\/"}]}},"_links":{"self":[{"href":"https:\/\/www.vkd.com\/lv-bayern\/wp-json\/wp\/v2\/posts\/1472"}],"collection":[{"href":"https:\/\/www.vkd.com\/lv-bayern\/wp-json\/wp\/v2\/posts"}],"about":[{"href":"https:\/\/www.vkd.com\/lv-bayern\/wp-json\/wp\/v2\/types\/post"}],"author":[{"embeddable":true,"href":"https:\/\/www.vkd.com\/lv-bayern\/wp-json\/wp\/v2\/users\/1955"}],"replies":[{"embeddable":true,"href":"https:\/\/www.vkd.com\/lv-bayern\/wp-json\/wp\/v2\/comments?post=1472"}],"version-history":[{"count":10,"href":"https:\/\/www.vkd.com\/lv-bayern\/wp-json\/wp\/v2\/posts\/1472\/revisions"}],"predecessor-version":[{"id":1518,"href":"https:\/\/www.vkd.com\/lv-bayern\/wp-json\/wp\/v2\/posts\/1472\/revisions\/1518"}],"wp:featuredmedia":[{"embeddable":true,"href":"https:\/\/www.vkd.com\/lv-bayern\/wp-json\/wp\/v2\/media\/1517"}],"wp:attachment":[{"href":"https:\/\/www.vkd.com\/lv-bayern\/wp-json\/wp\/v2\/media?parent=1472"}],"wp:term":[{"taxonomy":"category","embeddable":true,"href":"https:\/\/www.vkd.com\/lv-bayern\/wp-json\/wp\/v2\/categories?post=1472"},{"taxonomy":"post_tag","embeddable":true,"href":"https:\/\/www.vkd.com\/lv-bayern\/wp-json\/wp\/v2\/tags?post=1472"}],"curies":[{"name":"wp","href":"https:\/\/api.w.org\/{rel}","templated":true}]}}