{"id":1468,"date":"2025-05-21T09:42:07","date_gmt":"2025-05-21T07:42:07","guid":{"rendered":"https:\/\/www.vkd.com\/lv-bayern\/?p=1468"},"modified":"2025-05-21T09:42:07","modified_gmt":"2025-05-21T07:42:07","slug":"wildzerlege-seminar-des-zweigvereins-der-koeche-inn-salzach-im-gasthof-schwarz","status":"publish","type":"post","link":"https:\/\/www.vkd.com\/lv-bayern\/news\/wildzerlege-seminar-des-zweigvereins-der-koeche-inn-salzach-im-gasthof-schwarz\/","title":{"rendered":"Wildzerlege-Seminar des Zweigvereins der K\u00f6che Inn-Salzach im Gasthof Schwarz"},"content":{"rendered":"<p class=\"\" data-start=\"98\" data-end=\"496\">Hohenwart \u2013 Diese Woche fand im traditionsreichen Gasthof Schwarz in Hohenwart ein praxisnahes Wildzerlege-Seminar des Zweigvereins der K\u00f6che Inn-Salzach statt. Unter fachkundiger Anleitung erhielten die teilnehmenden K\u00f6chinnen und K\u00f6che einen tiefen Einblick in die Kunst der Wildverarbeitung \u2013 von der fachgerechten Zerlegung bis hin zur optimalen Verwertung der edlen Fleischteile.<\/p>\n<p class=\"\" data-start=\"498\" data-end=\"825\">Das Seminar bot sowohl Nachwuchskr\u00e4ften als auch erfahrenen K\u00fcchenprofis die M\u00f6glichkeit, ihr Wissen im Bereich Wildfleisch zu vertiefen und neue Impulse f\u00fcr den kreativen Einsatz in der Gastronomie zu gewinnen. Neben der praktischen Arbeit wurde auch gro\u00dfer Wert auf Hygiene, Nachhaltigkeit und regionale Wertsch\u00f6pfung gelegt.<\/p>\n<p class=\"\" data-start=\"827\" data-end=\"1031\">Der Gasthof Schwarz bot mit seiner authentischen Atmosph\u00e4re den idealen Rahmen f\u00fcr die gelungene Veranstaltung, die auf gro\u00dfe Resonanz stie\u00df und den kollegialen Austausch innerhalb des Vereins f\u00f6rderte.<\/p>\n<p class=\"\" data-start=\"1033\" data-end=\"1193\">Der Zweigverein der K\u00f6che Inn-Salzach plant bereits weitere Fachseminare, um den kulinarischen Nachwuchs und die regionale Kochkunst weiterhin aktiv zu f\u00f6rdern.<\/p>\n<p data-start=\"1033\" data-end=\"1193\">\n<p><img decoding=\"async\" loading=\"lazy\" class=\"size-large wp-image-1469\" src=\"https:\/\/www.vkd.com\/lv-bayern\/wp-content\/uploads\/sites\/14\/2025\/05\/1000030760-768x1024.jpg\" alt=\"1000030760\" width=\"768\" height=\"1024\" srcset=\"https:\/\/www.vkd.com\/lv-bayern\/wp-content\/uploads\/sites\/14\/2025\/05\/1000030760-768x1024.jpg 768w, https:\/\/www.vkd.com\/lv-bayern\/wp-content\/uploads\/sites\/14\/2025\/05\/1000030760-225x300.jpg 225w, https:\/\/www.vkd.com\/lv-bayern\/wp-content\/uploads\/sites\/14\/2025\/05\/1000030760-1152x1536.jpg 1152w, https:\/\/www.vkd.com\/lv-bayern\/wp-content\/uploads\/sites\/14\/2025\/05\/1000030760.jpg 1536w\" sizes=\"(max-width: 768px) 100vw, 768px\" \/><\/p>\n<p><img decoding=\"async\" loading=\"lazy\" class=\"size-large wp-image-1470\" src=\"https:\/\/www.vkd.com\/lv-bayern\/wp-content\/uploads\/sites\/14\/2025\/05\/1000030784-1024x768.jpg\" alt=\"1000030784\" width=\"1024\" height=\"768\" srcset=\"https:\/\/www.vkd.com\/lv-bayern\/wp-content\/uploads\/sites\/14\/2025\/05\/1000030784-1024x768.jpg 1024w, https:\/\/www.vkd.com\/lv-bayern\/wp-content\/uploads\/sites\/14\/2025\/05\/1000030784-300x225.jpg 300w, https:\/\/www.vkd.com\/lv-bayern\/wp-content\/uploads\/sites\/14\/2025\/05\/1000030784-768x576.jpg 768w, https:\/\/www.vkd.com\/lv-bayern\/wp-content\/uploads\/sites\/14\/2025\/05\/1000030784-1536x1152.jpg 1536w, https:\/\/www.vkd.com\/lv-bayern\/wp-content\/uploads\/sites\/14\/2025\/05\/1000030784.jpg 2048w\" sizes=\"(max-width: 1024px) 100vw, 1024px\" \/><\/p>\n","protected":false},"excerpt":{"rendered":"<p>Hohenwart \u2013 Diese Woche fand im traditionsreichen Gasthof Schwarz in Hohenwart ein praxisnahes Wildzerlege-Seminar des Zweigvereins der K\u00f6che Inn-Salzach statt. Unter fachkundiger Anleitung erhielten die teilnehmenden K\u00f6chinnen und K\u00f6che einen tiefen Einblick in die Kunst der Wildverarbeitung \u2013 von der fachgerechten Zerlegung bis hin zur optimalen Verwertung der edlen Fleischteile. Das Seminar bot sowohl Nachwuchskr\u00e4ften&#8230;<\/p>\n","protected":false},"author":1955,"featured_media":834,"comment_status":"closed","ping_status":"open","sticky":false,"template":"","format":"standard","meta":[],"categories":[1],"tags":[17,6,12,5,20,7,19,9,11],"yoast_head":"<!-- This site is optimized with the Yoast SEO plugin v20.0 - https:\/\/yoast.com\/wordpress\/plugins\/seo\/ -->\n<title>Wildzerlege-Seminar des Zweigvereins der K\u00f6che Inn-Salzach im Gasthof Schwarz - Landesverband der K\u00f6che Bayern<\/title>\n<meta name=\"robots\" content=\"noindex, follow, max-snippet:-1, max-image-preview:large, max-video-preview:-1\" \/>\n<meta property=\"og:locale\" content=\"de_DE\" \/>\n<meta property=\"og:type\" content=\"article\" \/>\n<meta property=\"og:title\" content=\"Wildzerlege-Seminar des Zweigvereins der K\u00f6che Inn-Salzach im Gasthof Schwarz - Landesverband der K\u00f6che Bayern\" \/>\n<meta property=\"og:description\" content=\"Hohenwart \u2013 Diese Woche fand im traditionsreichen Gasthof Schwarz in Hohenwart ein praxisnahes Wildzerlege-Seminar des Zweigvereins der K\u00f6che Inn-Salzach statt. Unter fachkundiger Anleitung erhielten die teilnehmenden K\u00f6chinnen und K\u00f6che einen tiefen Einblick in die Kunst der Wildverarbeitung \u2013 von der fachgerechten Zerlegung bis hin zur optimalen Verwertung der edlen Fleischteile. Das Seminar bot sowohl Nachwuchskr\u00e4ften...\" \/>\n<meta property=\"og:url\" content=\"https:\/\/www.vkd.com\/lv-bayern\/news\/wildzerlege-seminar-des-zweigvereins-der-koeche-inn-salzach-im-gasthof-schwarz\/\" \/>\n<meta property=\"og:site_name\" content=\"Landesverband der K\u00f6che Bayern\" \/>\n<meta property=\"article:published_time\" content=\"2025-05-21T07:42:07+00:00\" \/>\n<meta property=\"og:image\" content=\"https:\/\/www.vkd.com\/lv-bayern\/wp-content\/uploads\/sites\/14\/2024\/09\/Logoklein.jpg\" \/>\n\t<meta property=\"og:image:width\" content=\"328\" \/>\n\t<meta property=\"og:image:height\" content=\"382\" \/>\n\t<meta property=\"og:image:type\" content=\"image\/jpeg\" \/>\n<meta name=\"author\" content=\"Kostadinov Alexander\" \/>\n<meta name=\"twitter:card\" content=\"summary_large_image\" \/>\n<meta name=\"twitter:label1\" content=\"Verfasst von\" \/>\n\t<meta name=\"twitter:data1\" content=\"Kostadinov Alexander\" \/>\n\t<meta name=\"twitter:label2\" content=\"Gesch\u00e4tzte Lesezeit\" \/>\n\t<meta name=\"twitter:data2\" content=\"2\u00a0Minuten\" \/>\n<script type=\"application\/ld+json\" class=\"yoast-schema-graph\">{\"@context\":\"https:\/\/schema.org\",\"@graph\":[{\"@type\":\"WebPage\",\"@id\":\"https:\/\/www.vkd.com\/lv-bayern\/news\/wildzerlege-seminar-des-zweigvereins-der-koeche-inn-salzach-im-gasthof-schwarz\/\",\"url\":\"https:\/\/www.vkd.com\/lv-bayern\/news\/wildzerlege-seminar-des-zweigvereins-der-koeche-inn-salzach-im-gasthof-schwarz\/\",\"name\":\"Wildzerlege-Seminar des Zweigvereins der K\u00f6che Inn-Salzach im Gasthof Schwarz - Landesverband der K\u00f6che Bayern\",\"isPartOf\":{\"@id\":\"https:\/\/www.vkd.com\/lv-bayern\/#website\"},\"datePublished\":\"2025-05-21T07:42:07+00:00\",\"dateModified\":\"2025-05-21T07:42:07+00:00\",\"author\":{\"@id\":\"https:\/\/www.vkd.com\/lv-bayern\/#\/schema\/person\/19c4bb106ca4de98c60e2cb5ac7f572f\"},\"breadcrumb\":{\"@id\":\"https:\/\/www.vkd.com\/lv-bayern\/news\/wildzerlege-seminar-des-zweigvereins-der-koeche-inn-salzach-im-gasthof-schwarz\/#breadcrumb\"},\"inLanguage\":\"de\",\"potentialAction\":[{\"@type\":\"ReadAction\",\"target\":[\"https:\/\/www.vkd.com\/lv-bayern\/news\/wildzerlege-seminar-des-zweigvereins-der-koeche-inn-salzach-im-gasthof-schwarz\/\"]}]},{\"@type\":\"BreadcrumbList\",\"@id\":\"https:\/\/www.vkd.com\/lv-bayern\/news\/wildzerlege-seminar-des-zweigvereins-der-koeche-inn-salzach-im-gasthof-schwarz\/#breadcrumb\",\"itemListElement\":[{\"@type\":\"ListItem\",\"position\":1,\"name\":\"Startseite\",\"item\":\"https:\/\/www.vkd.com\/lv-bayern\/\"},{\"@type\":\"ListItem\",\"position\":2,\"name\":\"Wildzerlege-Seminar des Zweigvereins der K\u00f6che Inn-Salzach im Gasthof Schwarz\"}]},{\"@type\":\"WebSite\",\"@id\":\"https:\/\/www.vkd.com\/lv-bayern\/#website\",\"url\":\"https:\/\/www.vkd.com\/lv-bayern\/\",\"name\":\"Landesverband der K\u00f6che Bayern\",\"description\":\"Landesverband im Verband der K\u00f6che Deutschlands e.V.\",\"potentialAction\":[{\"@type\":\"SearchAction\",\"target\":{\"@type\":\"EntryPoint\",\"urlTemplate\":\"https:\/\/www.vkd.com\/lv-bayern\/?s={search_term_string}\"},\"query-input\":\"required name=search_term_string\"}],\"inLanguage\":\"de\"},{\"@type\":\"Person\",\"@id\":\"https:\/\/www.vkd.com\/lv-bayern\/#\/schema\/person\/19c4bb106ca4de98c60e2cb5ac7f572f\",\"name\":\"Kostadinov Alexander\",\"image\":{\"@type\":\"ImageObject\",\"inLanguage\":\"de\",\"@id\":\"https:\/\/www.vkd.com\/lv-bayern\/#\/schema\/person\/image\/\",\"url\":\"https:\/\/secure.gravatar.com\/avatar\/b0cb85e5c215fe1114e6d2404492358d?s=96&d=mm&r=g\",\"contentUrl\":\"https:\/\/secure.gravatar.com\/avatar\/b0cb85e5c215fe1114e6d2404492358d?s=96&d=mm&r=g\",\"caption\":\"Kostadinov Alexander\"},\"url\":\"https:\/\/www.vkd.com\/lv-bayern\/news\/author\/gentscher-jungentscher-de\/\"}]}<\/script>\n<!-- \/ Yoast SEO plugin. -->","yoast_head_json":{"title":"Wildzerlege-Seminar des Zweigvereins der K\u00f6che Inn-Salzach im Gasthof Schwarz - Landesverband der K\u00f6che Bayern","robots":{"index":"noindex","follow":"follow","max-snippet":"max-snippet:-1","max-image-preview":"max-image-preview:large","max-video-preview":"max-video-preview:-1"},"og_locale":"de_DE","og_type":"article","og_title":"Wildzerlege-Seminar des Zweigvereins der K\u00f6che Inn-Salzach im Gasthof Schwarz - Landesverband der K\u00f6che Bayern","og_description":"Hohenwart \u2013 Diese Woche fand im traditionsreichen Gasthof Schwarz in Hohenwart ein praxisnahes Wildzerlege-Seminar des Zweigvereins der K\u00f6che Inn-Salzach statt. Unter fachkundiger Anleitung erhielten die teilnehmenden K\u00f6chinnen und K\u00f6che einen tiefen Einblick in die Kunst der Wildverarbeitung \u2013 von der fachgerechten Zerlegung bis hin zur optimalen Verwertung der edlen Fleischteile. Das Seminar bot sowohl Nachwuchskr\u00e4ften...","og_url":"https:\/\/www.vkd.com\/lv-bayern\/news\/wildzerlege-seminar-des-zweigvereins-der-koeche-inn-salzach-im-gasthof-schwarz\/","og_site_name":"Landesverband der K\u00f6che Bayern","article_published_time":"2025-05-21T07:42:07+00:00","og_image":[{"width":328,"height":382,"url":"https:\/\/www.vkd.com\/lv-bayern\/wp-content\/uploads\/sites\/14\/2024\/09\/Logoklein.jpg","type":"image\/jpeg"}],"author":"Kostadinov Alexander","twitter_card":"summary_large_image","twitter_misc":{"Verfasst von":"Kostadinov Alexander","Gesch\u00e4tzte Lesezeit":"2\u00a0Minuten"},"schema":{"@context":"https:\/\/schema.org","@graph":[{"@type":"WebPage","@id":"https:\/\/www.vkd.com\/lv-bayern\/news\/wildzerlege-seminar-des-zweigvereins-der-koeche-inn-salzach-im-gasthof-schwarz\/","url":"https:\/\/www.vkd.com\/lv-bayern\/news\/wildzerlege-seminar-des-zweigvereins-der-koeche-inn-salzach-im-gasthof-schwarz\/","name":"Wildzerlege-Seminar des Zweigvereins der K\u00f6che Inn-Salzach im Gasthof Schwarz - Landesverband der K\u00f6che Bayern","isPartOf":{"@id":"https:\/\/www.vkd.com\/lv-bayern\/#website"},"datePublished":"2025-05-21T07:42:07+00:00","dateModified":"2025-05-21T07:42:07+00:00","author":{"@id":"https:\/\/www.vkd.com\/lv-bayern\/#\/schema\/person\/19c4bb106ca4de98c60e2cb5ac7f572f"},"breadcrumb":{"@id":"https:\/\/www.vkd.com\/lv-bayern\/news\/wildzerlege-seminar-des-zweigvereins-der-koeche-inn-salzach-im-gasthof-schwarz\/#breadcrumb"},"inLanguage":"de","potentialAction":[{"@type":"ReadAction","target":["https:\/\/www.vkd.com\/lv-bayern\/news\/wildzerlege-seminar-des-zweigvereins-der-koeche-inn-salzach-im-gasthof-schwarz\/"]}]},{"@type":"BreadcrumbList","@id":"https:\/\/www.vkd.com\/lv-bayern\/news\/wildzerlege-seminar-des-zweigvereins-der-koeche-inn-salzach-im-gasthof-schwarz\/#breadcrumb","itemListElement":[{"@type":"ListItem","position":1,"name":"Startseite","item":"https:\/\/www.vkd.com\/lv-bayern\/"},{"@type":"ListItem","position":2,"name":"Wildzerlege-Seminar des Zweigvereins der K\u00f6che Inn-Salzach im Gasthof Schwarz"}]},{"@type":"WebSite","@id":"https:\/\/www.vkd.com\/lv-bayern\/#website","url":"https:\/\/www.vkd.com\/lv-bayern\/","name":"Landesverband der K\u00f6che Bayern","description":"Landesverband im Verband der K\u00f6che Deutschlands e.V.","potentialAction":[{"@type":"SearchAction","target":{"@type":"EntryPoint","urlTemplate":"https:\/\/www.vkd.com\/lv-bayern\/?s={search_term_string}"},"query-input":"required name=search_term_string"}],"inLanguage":"de"},{"@type":"Person","@id":"https:\/\/www.vkd.com\/lv-bayern\/#\/schema\/person\/19c4bb106ca4de98c60e2cb5ac7f572f","name":"Kostadinov Alexander","image":{"@type":"ImageObject","inLanguage":"de","@id":"https:\/\/www.vkd.com\/lv-bayern\/#\/schema\/person\/image\/","url":"https:\/\/secure.gravatar.com\/avatar\/b0cb85e5c215fe1114e6d2404492358d?s=96&d=mm&r=g","contentUrl":"https:\/\/secure.gravatar.com\/avatar\/b0cb85e5c215fe1114e6d2404492358d?s=96&d=mm&r=g","caption":"Kostadinov Alexander"},"url":"https:\/\/www.vkd.com\/lv-bayern\/news\/author\/gentscher-jungentscher-de\/"}]}},"_links":{"self":[{"href":"https:\/\/www.vkd.com\/lv-bayern\/wp-json\/wp\/v2\/posts\/1468"}],"collection":[{"href":"https:\/\/www.vkd.com\/lv-bayern\/wp-json\/wp\/v2\/posts"}],"about":[{"href":"https:\/\/www.vkd.com\/lv-bayern\/wp-json\/wp\/v2\/types\/post"}],"author":[{"embeddable":true,"href":"https:\/\/www.vkd.com\/lv-bayern\/wp-json\/wp\/v2\/users\/1955"}],"replies":[{"embeddable":true,"href":"https:\/\/www.vkd.com\/lv-bayern\/wp-json\/wp\/v2\/comments?post=1468"}],"version-history":[{"count":1,"href":"https:\/\/www.vkd.com\/lv-bayern\/wp-json\/wp\/v2\/posts\/1468\/revisions"}],"predecessor-version":[{"id":1471,"href":"https:\/\/www.vkd.com\/lv-bayern\/wp-json\/wp\/v2\/posts\/1468\/revisions\/1471"}],"wp:featuredmedia":[{"embeddable":true,"href":"https:\/\/www.vkd.com\/lv-bayern\/wp-json\/wp\/v2\/media\/834"}],"wp:attachment":[{"href":"https:\/\/www.vkd.com\/lv-bayern\/wp-json\/wp\/v2\/media?parent=1468"}],"wp:term":[{"taxonomy":"category","embeddable":true,"href":"https:\/\/www.vkd.com\/lv-bayern\/wp-json\/wp\/v2\/categories?post=1468"},{"taxonomy":"post_tag","embeddable":true,"href":"https:\/\/www.vkd.com\/lv-bayern\/wp-json\/wp\/v2\/tags?post=1468"}],"curies":[{"name":"wp","href":"https:\/\/api.w.org\/{rel}","templated":true}]}}