{"id":1414,"date":"2025-05-05T18:46:14","date_gmt":"2025-05-05T16:46:14","guid":{"rendered":"https:\/\/www.vkd.com\/lv-bayern\/?p=1414"},"modified":"2025-05-05T18:58:37","modified_gmt":"2025-05-05T16:58:37","slug":"50-jahre-verein-der-koeche-rosenheim-stadt-und-land-e-v","status":"publish","type":"post","link":"https:\/\/www.vkd.com\/lv-bayern\/news\/50-jahre-verein-der-koeche-rosenheim-stadt-und-land-e-v\/","title":{"rendered":"50-Jahre VEREIN DER K\u00d6CHE ROSENHEIM STADT UND LAND E. V."},"content":{"rendered":"<p><strong>Sehr geehrte Damen und Herren,<\/strong><br \/>\n<strong>liebe Kolleginnen und Kollegen,<\/strong><\/p>\n<p>am 29. Januar 1975 wurde im Parkhotel Crombach in Rosenheim der Verein der K\u00f6che<br \/>\nRosenheim\/Stadt und Land e.V. gegr\u00fcndet.<br \/>\nEs war der Beginn einer erfolgreichen Arbeit f\u00fcr die in der Satzung gestellten Aufgaben:<br \/>\nPflege und F\u00f6rderung der Kochkunst, der Kollegialit\u00e4t und Geselligkeit, der Unterst\u00fctzung<br \/>\nder jungen K\u00f6chinnen und K\u00f6che.<br \/>\nSo ist es in diesem Jahr eine gro\u00dfe Freude f\u00fcr uns, <strong>das 50- j\u00e4hrige Bestehen<\/strong> zu feiern<br \/>\nund R\u00fcckschau zu halten.<\/p>\n<p><strong>Dazu laden wir Sie\/Euch recht herzlich ein<\/strong><br \/>\n<strong>am Freitag, 29. August 2025 um 18:00 Uhr<\/strong><br \/>\n<strong>im Landgasthof Happinger Hof in Rosenheim-Happing<\/strong><\/p>\n<p>Begr\u00fc\u00dfung im Garten mit Flintsbacher Alphornbl\u00e4ser, Begr\u00fc\u00dfungsgetr\u00e4nk<br \/>\nDanach Abendessen a la carte im Saal ( Essen und Getr\u00e4nke Selbstzahler)<br \/>\nAb 19:00h Unterhaltungsmusik, Ansprachen und Vortrag, R\u00fcckblick auf die<br \/>\nVereinsgeschichte.<\/p>\n<p>Wir freuen uns mit allen Kolleginnen und Kollegen der gro\u00dfen K\u00f6chefamilie, sowie den<br \/>\nSponsoren und Freunden der vergangenen 50 Jahre dieses Fest zu feiern und hoffen auf<br \/>\neine zahlreiche Teilnahme.<\/p>\n<p>Am Samstag, 30. August 2025 ist der Verein der K\u00f6che Rosenheim beim festlichen<br \/>\nEinzug zum Rosenheimer Herbstfest dabei und l\u00e4dt die anwesenden ausw\u00e4rtigen<br \/>\nKolleginnen und Kollegen ein, beim Einzug und im Festzelt dabei zu sein.<br \/>\nVerbindliche Anmeldung zum Jubil\u00e4umsabend bis 1. Juli 2025 an <a href=\"mailto:khkohler@icloud.com\">khkohler@icloud.com<\/a><\/p>\n<p><strong>Reservierung f\u00fcr die \u00dcbernachtung bis Ende Mai 2025<\/strong><br \/>\nHotel Happinger Hof, <a href=\"http:\/\/www.HappingerHof.de\" target=\"_blank\" rel=\"noopener\">www.HappingerHof.de\u00a0<\/a><br \/>\nHotel zur Post, Rohrdorf, <a href=\"mailto:hotel@post-rohrdorf.de\">hotel@post-rohrdorf.de<\/a><br \/>\nHotel-Gasthof H\u00f6hensteiger Rosenheim, <a href=\"mailto:info@gasthofhoehensteiger.de\">info@gasthofhoehensteiger.de<\/a><\/p>\n<p>Mit kollegialen und herzlichen Gr\u00fc\u00dfen<br \/>\n1. Max-E. Antholzner, Vorsitzender<\/p>\n","protected":false},"excerpt":{"rendered":"<p>Sehr geehrte Damen und Herren, liebe Kolleginnen und Kollegen, am 29. Januar 1975 wurde im Parkhotel Crombach in Rosenheim der Verein der K\u00f6che Rosenheim\/Stadt und Land e.V. gegr\u00fcndet. Es war der Beginn einer erfolgreichen Arbeit f\u00fcr die in der Satzung gestellten Aufgaben: Pflege und F\u00f6rderung der Kochkunst, der Kollegialit\u00e4t und Geselligkeit, der Unterst\u00fctzung der jungen&#8230;<\/p>\n","protected":false},"author":1955,"featured_media":1415,"comment_status":"closed","ping_status":"open","sticky":false,"template":"","format":"standard","meta":[],"categories":[1],"tags":[6,23,5,7,19,9,11],"yoast_head":"<!-- This site is optimized with the Yoast SEO plugin v20.0 - https:\/\/yoast.com\/wordpress\/plugins\/seo\/ -->\n<title>50-Jahre VEREIN DER K\u00d6CHE ROSENHEIM STADT UND LAND E. V. - Landesverband der K\u00f6che Bayern<\/title>\n<meta name=\"robots\" content=\"noindex, follow, max-snippet:-1, max-image-preview:large, max-video-preview:-1\" \/>\n<meta property=\"og:locale\" content=\"de_DE\" \/>\n<meta property=\"og:type\" content=\"article\" \/>\n<meta property=\"og:title\" content=\"50-Jahre VEREIN DER K\u00d6CHE ROSENHEIM STADT UND LAND E. V. - Landesverband der K\u00f6che Bayern\" \/>\n<meta property=\"og:description\" content=\"Sehr geehrte Damen und Herren, liebe Kolleginnen und Kollegen, am 29. Januar 1975 wurde im Parkhotel Crombach in Rosenheim der Verein der K\u00f6che Rosenheim\/Stadt und Land e.V. gegr\u00fcndet. Es war der Beginn einer erfolgreichen Arbeit f\u00fcr die in der Satzung gestellten Aufgaben: Pflege und F\u00f6rderung der Kochkunst, der Kollegialit\u00e4t und Geselligkeit, der Unterst\u00fctzung der jungen...\" \/>\n<meta property=\"og:url\" content=\"https:\/\/www.vkd.com\/lv-bayern\/news\/50-jahre-verein-der-koeche-rosenheim-stadt-und-land-e-v\/\" \/>\n<meta property=\"og:site_name\" content=\"Landesverband der K\u00f6che Bayern\" \/>\n<meta property=\"article:published_time\" content=\"2025-05-05T16:46:14+00:00\" \/>\n<meta property=\"article:modified_time\" content=\"2025-05-05T16:58:37+00:00\" \/>\n<meta property=\"og:image\" content=\"https:\/\/www.vkd.com\/lv-bayern\/wp-content\/uploads\/sites\/14\/2025\/05\/Logo.jpg\" \/>\n\t<meta property=\"og:image:width\" content=\"233\" \/>\n\t<meta property=\"og:image:height\" content=\"255\" \/>\n\t<meta property=\"og:image:type\" content=\"image\/jpeg\" \/>\n<meta name=\"author\" content=\"Kostadinov Alexander\" \/>\n<meta name=\"twitter:card\" content=\"summary_large_image\" \/>\n<meta name=\"twitter:label1\" content=\"Verfasst von\" \/>\n\t<meta name=\"twitter:data1\" content=\"Kostadinov Alexander\" \/>\n\t<meta name=\"twitter:label2\" content=\"Gesch\u00e4tzte Lesezeit\" \/>\n\t<meta name=\"twitter:data2\" content=\"2\u00a0Minuten\" \/>\n<script type=\"application\/ld+json\" class=\"yoast-schema-graph\">{\"@context\":\"https:\/\/schema.org\",\"@graph\":[{\"@type\":\"WebPage\",\"@id\":\"https:\/\/www.vkd.com\/lv-bayern\/news\/50-jahre-verein-der-koeche-rosenheim-stadt-und-land-e-v\/\",\"url\":\"https:\/\/www.vkd.com\/lv-bayern\/news\/50-jahre-verein-der-koeche-rosenheim-stadt-und-land-e-v\/\",\"name\":\"50-Jahre VEREIN DER K\u00d6CHE ROSENHEIM STADT UND LAND E. V. - Landesverband der K\u00f6che Bayern\",\"isPartOf\":{\"@id\":\"https:\/\/www.vkd.com\/lv-bayern\/#website\"},\"datePublished\":\"2025-05-05T16:46:14+00:00\",\"dateModified\":\"2025-05-05T16:58:37+00:00\",\"author\":{\"@id\":\"https:\/\/www.vkd.com\/lv-bayern\/#\/schema\/person\/19c4bb106ca4de98c60e2cb5ac7f572f\"},\"breadcrumb\":{\"@id\":\"https:\/\/www.vkd.com\/lv-bayern\/news\/50-jahre-verein-der-koeche-rosenheim-stadt-und-land-e-v\/#breadcrumb\"},\"inLanguage\":\"de\",\"potentialAction\":[{\"@type\":\"ReadAction\",\"target\":[\"https:\/\/www.vkd.com\/lv-bayern\/news\/50-jahre-verein-der-koeche-rosenheim-stadt-und-land-e-v\/\"]}]},{\"@type\":\"BreadcrumbList\",\"@id\":\"https:\/\/www.vkd.com\/lv-bayern\/news\/50-jahre-verein-der-koeche-rosenheim-stadt-und-land-e-v\/#breadcrumb\",\"itemListElement\":[{\"@type\":\"ListItem\",\"position\":1,\"name\":\"Startseite\",\"item\":\"https:\/\/www.vkd.com\/lv-bayern\/\"},{\"@type\":\"ListItem\",\"position\":2,\"name\":\"50-Jahre VEREIN DER K\u00d6CHE ROSENHEIM STADT UND LAND E. V.\"}]},{\"@type\":\"WebSite\",\"@id\":\"https:\/\/www.vkd.com\/lv-bayern\/#website\",\"url\":\"https:\/\/www.vkd.com\/lv-bayern\/\",\"name\":\"Landesverband der K\u00f6che Bayern\",\"description\":\"Landesverband im Verband der K\u00f6che Deutschlands e.V.\",\"potentialAction\":[{\"@type\":\"SearchAction\",\"target\":{\"@type\":\"EntryPoint\",\"urlTemplate\":\"https:\/\/www.vkd.com\/lv-bayern\/?s={search_term_string}\"},\"query-input\":\"required name=search_term_string\"}],\"inLanguage\":\"de\"},{\"@type\":\"Person\",\"@id\":\"https:\/\/www.vkd.com\/lv-bayern\/#\/schema\/person\/19c4bb106ca4de98c60e2cb5ac7f572f\",\"name\":\"Kostadinov Alexander\",\"image\":{\"@type\":\"ImageObject\",\"inLanguage\":\"de\",\"@id\":\"https:\/\/www.vkd.com\/lv-bayern\/#\/schema\/person\/image\/\",\"url\":\"https:\/\/secure.gravatar.com\/avatar\/b0cb85e5c215fe1114e6d2404492358d?s=96&d=mm&r=g\",\"contentUrl\":\"https:\/\/secure.gravatar.com\/avatar\/b0cb85e5c215fe1114e6d2404492358d?s=96&d=mm&r=g\",\"caption\":\"Kostadinov Alexander\"},\"url\":\"https:\/\/www.vkd.com\/lv-bayern\/news\/author\/gentscher-jungentscher-de\/\"}]}<\/script>\n<!-- \/ Yoast SEO plugin. -->","yoast_head_json":{"title":"50-Jahre VEREIN DER K\u00d6CHE ROSENHEIM STADT UND LAND E. V. - Landesverband der K\u00f6che Bayern","robots":{"index":"noindex","follow":"follow","max-snippet":"max-snippet:-1","max-image-preview":"max-image-preview:large","max-video-preview":"max-video-preview:-1"},"og_locale":"de_DE","og_type":"article","og_title":"50-Jahre VEREIN DER K\u00d6CHE ROSENHEIM STADT UND LAND E. V. - Landesverband der K\u00f6che Bayern","og_description":"Sehr geehrte Damen und Herren, liebe Kolleginnen und Kollegen, am 29. Januar 1975 wurde im Parkhotel Crombach in Rosenheim der Verein der K\u00f6che Rosenheim\/Stadt und Land e.V. gegr\u00fcndet. Es war der Beginn einer erfolgreichen Arbeit f\u00fcr die in der Satzung gestellten Aufgaben: Pflege und F\u00f6rderung der Kochkunst, der Kollegialit\u00e4t und Geselligkeit, der Unterst\u00fctzung der jungen...","og_url":"https:\/\/www.vkd.com\/lv-bayern\/news\/50-jahre-verein-der-koeche-rosenheim-stadt-und-land-e-v\/","og_site_name":"Landesverband der K\u00f6che Bayern","article_published_time":"2025-05-05T16:46:14+00:00","article_modified_time":"2025-05-05T16:58:37+00:00","og_image":[{"width":233,"height":255,"url":"https:\/\/www.vkd.com\/lv-bayern\/wp-content\/uploads\/sites\/14\/2025\/05\/Logo.jpg","type":"image\/jpeg"}],"author":"Kostadinov Alexander","twitter_card":"summary_large_image","twitter_misc":{"Verfasst von":"Kostadinov Alexander","Gesch\u00e4tzte Lesezeit":"2\u00a0Minuten"},"schema":{"@context":"https:\/\/schema.org","@graph":[{"@type":"WebPage","@id":"https:\/\/www.vkd.com\/lv-bayern\/news\/50-jahre-verein-der-koeche-rosenheim-stadt-und-land-e-v\/","url":"https:\/\/www.vkd.com\/lv-bayern\/news\/50-jahre-verein-der-koeche-rosenheim-stadt-und-land-e-v\/","name":"50-Jahre VEREIN DER K\u00d6CHE ROSENHEIM STADT UND LAND E. V. - Landesverband der K\u00f6che Bayern","isPartOf":{"@id":"https:\/\/www.vkd.com\/lv-bayern\/#website"},"datePublished":"2025-05-05T16:46:14+00:00","dateModified":"2025-05-05T16:58:37+00:00","author":{"@id":"https:\/\/www.vkd.com\/lv-bayern\/#\/schema\/person\/19c4bb106ca4de98c60e2cb5ac7f572f"},"breadcrumb":{"@id":"https:\/\/www.vkd.com\/lv-bayern\/news\/50-jahre-verein-der-koeche-rosenheim-stadt-und-land-e-v\/#breadcrumb"},"inLanguage":"de","potentialAction":[{"@type":"ReadAction","target":["https:\/\/www.vkd.com\/lv-bayern\/news\/50-jahre-verein-der-koeche-rosenheim-stadt-und-land-e-v\/"]}]},{"@type":"BreadcrumbList","@id":"https:\/\/www.vkd.com\/lv-bayern\/news\/50-jahre-verein-der-koeche-rosenheim-stadt-und-land-e-v\/#breadcrumb","itemListElement":[{"@type":"ListItem","position":1,"name":"Startseite","item":"https:\/\/www.vkd.com\/lv-bayern\/"},{"@type":"ListItem","position":2,"name":"50-Jahre VEREIN DER K\u00d6CHE ROSENHEIM STADT UND LAND E. V."}]},{"@type":"WebSite","@id":"https:\/\/www.vkd.com\/lv-bayern\/#website","url":"https:\/\/www.vkd.com\/lv-bayern\/","name":"Landesverband der K\u00f6che Bayern","description":"Landesverband im Verband der K\u00f6che Deutschlands e.V.","potentialAction":[{"@type":"SearchAction","target":{"@type":"EntryPoint","urlTemplate":"https:\/\/www.vkd.com\/lv-bayern\/?s={search_term_string}"},"query-input":"required name=search_term_string"}],"inLanguage":"de"},{"@type":"Person","@id":"https:\/\/www.vkd.com\/lv-bayern\/#\/schema\/person\/19c4bb106ca4de98c60e2cb5ac7f572f","name":"Kostadinov Alexander","image":{"@type":"ImageObject","inLanguage":"de","@id":"https:\/\/www.vkd.com\/lv-bayern\/#\/schema\/person\/image\/","url":"https:\/\/secure.gravatar.com\/avatar\/b0cb85e5c215fe1114e6d2404492358d?s=96&d=mm&r=g","contentUrl":"https:\/\/secure.gravatar.com\/avatar\/b0cb85e5c215fe1114e6d2404492358d?s=96&d=mm&r=g","caption":"Kostadinov Alexander"},"url":"https:\/\/www.vkd.com\/lv-bayern\/news\/author\/gentscher-jungentscher-de\/"}]}},"_links":{"self":[{"href":"https:\/\/www.vkd.com\/lv-bayern\/wp-json\/wp\/v2\/posts\/1414"}],"collection":[{"href":"https:\/\/www.vkd.com\/lv-bayern\/wp-json\/wp\/v2\/posts"}],"about":[{"href":"https:\/\/www.vkd.com\/lv-bayern\/wp-json\/wp\/v2\/types\/post"}],"author":[{"embeddable":true,"href":"https:\/\/www.vkd.com\/lv-bayern\/wp-json\/wp\/v2\/users\/1955"}],"replies":[{"embeddable":true,"href":"https:\/\/www.vkd.com\/lv-bayern\/wp-json\/wp\/v2\/comments?post=1414"}],"version-history":[{"count":4,"href":"https:\/\/www.vkd.com\/lv-bayern\/wp-json\/wp\/v2\/posts\/1414\/revisions"}],"predecessor-version":[{"id":1419,"href":"https:\/\/www.vkd.com\/lv-bayern\/wp-json\/wp\/v2\/posts\/1414\/revisions\/1419"}],"wp:featuredmedia":[{"embeddable":true,"href":"https:\/\/www.vkd.com\/lv-bayern\/wp-json\/wp\/v2\/media\/1415"}],"wp:attachment":[{"href":"https:\/\/www.vkd.com\/lv-bayern\/wp-json\/wp\/v2\/media?parent=1414"}],"wp:term":[{"taxonomy":"category","embeddable":true,"href":"https:\/\/www.vkd.com\/lv-bayern\/wp-json\/wp\/v2\/categories?post=1414"},{"taxonomy":"post_tag","embeddable":true,"href":"https:\/\/www.vkd.com\/lv-bayern\/wp-json\/wp\/v2\/tags?post=1414"}],"curies":[{"name":"wp","href":"https:\/\/api.w.org\/{rel}","templated":true}]}}