{"id":1411,"date":"2025-05-05T18:35:32","date_gmt":"2025-05-05T16:35:32","guid":{"rendered":"https:\/\/www.vkd.com\/lv-bayern\/?p=1411"},"modified":"2025-05-05T18:57:50","modified_gmt":"2025-05-05T16:57:50","slug":"spargelessen-des-club-der-koeche-donau-ries-e-v","status":"publish","type":"post","link":"https:\/\/www.vkd.com\/lv-bayern\/news\/spargelessen-des-club-der-koeche-donau-ries-e-v\/","title":{"rendered":"Spargelessen des Club der K\u00f6che Donau-Ries e.V."},"content":{"rendered":"<p>Sehr geehrte Damen und Herren,<\/p>\n<p>auch in diesem Jahr findet zum wiederholten Male das Spargelessen des Club der K\u00f6che Donau-Ries e.V. statt.<\/p>\n<h2><strong><a href=\"https:\/\/www.vkd.com\/lv-bayern\/wp-content\/uploads\/sites\/14\/2025\/05\/Einladung-Spargelmenue-2025.pdf\" target=\"_blank\" rel=\"noopener\">Einladung Spargelmen\u00fc 2025<\/a><\/strong><\/h2>\n<p>Unser Termin ist Freitag, 30. Mai 2025 im Br\u00e4uhaussaal des Hotel Meerfr\u00e4ulein in Wemding.<br \/>\nDas traditionelle Men\u00fc mit Einladung finden Sie im Anhang.<\/p>\n<p>Unser Team und die Familie Meyer w\u00fcrde sich sehr freuen, Sie zu diesem Anlass begr\u00fc\u00dfem zu d\u00fcrfen.<\/p>\n<p>Mit freundlichen Gr\u00fc\u00dfen<\/p>\n<p>Josef A. Meyer<br \/>\n1. Vorsitzender Club der K\u00f6che Donau-Ries e.V.<\/p>\n<p>&nbsp;<\/p>\n","protected":false},"excerpt":{"rendered":"<p>Sehr geehrte Damen und Herren, auch in diesem Jahr findet zum wiederholten Male das Spargelessen des Club der K\u00f6che Donau-Ries e.V. statt. Einladung Spargelmen\u00fc 2025 Unser Termin ist Freitag, 30. Mai 2025 im Br\u00e4uhaussaal des Hotel Meerfr\u00e4ulein in Wemding. Das traditionelle Men\u00fc mit Einladung finden Sie im Anhang. Unser Team und die Familie Meyer w\u00fcrde&#8230;<\/p>\n","protected":false},"author":1955,"featured_media":708,"comment_status":"closed","ping_status":"open","sticky":false,"template":"","format":"standard","meta":[],"categories":[1],"tags":[6,5,7,19,11],"yoast_head":"<!-- This site is optimized with the Yoast SEO plugin v20.0 - https:\/\/yoast.com\/wordpress\/plugins\/seo\/ -->\n<title>Spargelessen des Club der K\u00f6che Donau-Ries e.V. - Landesverband der K\u00f6che Bayern<\/title>\n<meta name=\"robots\" content=\"noindex, follow, max-snippet:-1, max-image-preview:large, max-video-preview:-1\" \/>\n<meta property=\"og:locale\" content=\"de_DE\" \/>\n<meta property=\"og:type\" content=\"article\" \/>\n<meta property=\"og:title\" content=\"Spargelessen des Club der K\u00f6che Donau-Ries e.V. - Landesverband der K\u00f6che Bayern\" \/>\n<meta property=\"og:description\" content=\"Sehr geehrte Damen und Herren, auch in diesem Jahr findet zum wiederholten Male das Spargelessen des Club der K\u00f6che Donau-Ries e.V. statt. Einladung Spargelmen\u00fc 2025 Unser Termin ist Freitag, 30. Mai 2025 im Br\u00e4uhaussaal des Hotel Meerfr\u00e4ulein in Wemding. Das traditionelle Men\u00fc mit Einladung finden Sie im Anhang. Unser Team und die Familie Meyer w\u00fcrde...\" \/>\n<meta property=\"og:url\" content=\"https:\/\/www.vkd.com\/lv-bayern\/news\/spargelessen-des-club-der-koeche-donau-ries-e-v\/\" \/>\n<meta property=\"og:site_name\" content=\"Landesverband der K\u00f6che Bayern\" \/>\n<meta property=\"article:published_time\" content=\"2025-05-05T16:35:32+00:00\" \/>\n<meta property=\"article:modified_time\" content=\"2025-05-05T16:57:50+00:00\" \/>\n<meta property=\"og:image\" content=\"https:\/\/www.vkd.com\/lv-bayern\/wp-content\/uploads\/sites\/14\/2024\/08\/logo-1.jpg\" \/>\n\t<meta property=\"og:image:width\" content=\"273\" \/>\n\t<meta property=\"og:image:height\" content=\"232\" \/>\n\t<meta property=\"og:image:type\" content=\"image\/jpeg\" \/>\n<meta name=\"author\" content=\"Kostadinov Alexander\" \/>\n<meta name=\"twitter:card\" content=\"summary_large_image\" \/>\n<meta name=\"twitter:label1\" content=\"Verfasst von\" \/>\n\t<meta name=\"twitter:data1\" content=\"Kostadinov Alexander\" \/>\n\t<meta name=\"twitter:label2\" content=\"Gesch\u00e4tzte Lesezeit\" \/>\n\t<meta name=\"twitter:data2\" content=\"1\u00a0Minute\" \/>\n<script type=\"application\/ld+json\" class=\"yoast-schema-graph\">{\"@context\":\"https:\/\/schema.org\",\"@graph\":[{\"@type\":\"WebPage\",\"@id\":\"https:\/\/www.vkd.com\/lv-bayern\/news\/spargelessen-des-club-der-koeche-donau-ries-e-v\/\",\"url\":\"https:\/\/www.vkd.com\/lv-bayern\/news\/spargelessen-des-club-der-koeche-donau-ries-e-v\/\",\"name\":\"Spargelessen des Club der K\u00f6che Donau-Ries e.V. - Landesverband der K\u00f6che Bayern\",\"isPartOf\":{\"@id\":\"https:\/\/www.vkd.com\/lv-bayern\/#website\"},\"datePublished\":\"2025-05-05T16:35:32+00:00\",\"dateModified\":\"2025-05-05T16:57:50+00:00\",\"author\":{\"@id\":\"https:\/\/www.vkd.com\/lv-bayern\/#\/schema\/person\/19c4bb106ca4de98c60e2cb5ac7f572f\"},\"breadcrumb\":{\"@id\":\"https:\/\/www.vkd.com\/lv-bayern\/news\/spargelessen-des-club-der-koeche-donau-ries-e-v\/#breadcrumb\"},\"inLanguage\":\"de\",\"potentialAction\":[{\"@type\":\"ReadAction\",\"target\":[\"https:\/\/www.vkd.com\/lv-bayern\/news\/spargelessen-des-club-der-koeche-donau-ries-e-v\/\"]}]},{\"@type\":\"BreadcrumbList\",\"@id\":\"https:\/\/www.vkd.com\/lv-bayern\/news\/spargelessen-des-club-der-koeche-donau-ries-e-v\/#breadcrumb\",\"itemListElement\":[{\"@type\":\"ListItem\",\"position\":1,\"name\":\"Startseite\",\"item\":\"https:\/\/www.vkd.com\/lv-bayern\/\"},{\"@type\":\"ListItem\",\"position\":2,\"name\":\"Spargelessen des Club der K\u00f6che Donau-Ries e.V.\"}]},{\"@type\":\"WebSite\",\"@id\":\"https:\/\/www.vkd.com\/lv-bayern\/#website\",\"url\":\"https:\/\/www.vkd.com\/lv-bayern\/\",\"name\":\"Landesverband der K\u00f6che Bayern\",\"description\":\"Landesverband im Verband der K\u00f6che Deutschlands e.V.\",\"potentialAction\":[{\"@type\":\"SearchAction\",\"target\":{\"@type\":\"EntryPoint\",\"urlTemplate\":\"https:\/\/www.vkd.com\/lv-bayern\/?s={search_term_string}\"},\"query-input\":\"required name=search_term_string\"}],\"inLanguage\":\"de\"},{\"@type\":\"Person\",\"@id\":\"https:\/\/www.vkd.com\/lv-bayern\/#\/schema\/person\/19c4bb106ca4de98c60e2cb5ac7f572f\",\"name\":\"Kostadinov Alexander\",\"image\":{\"@type\":\"ImageObject\",\"inLanguage\":\"de\",\"@id\":\"https:\/\/www.vkd.com\/lv-bayern\/#\/schema\/person\/image\/\",\"url\":\"https:\/\/secure.gravatar.com\/avatar\/b0cb85e5c215fe1114e6d2404492358d?s=96&d=mm&r=g\",\"contentUrl\":\"https:\/\/secure.gravatar.com\/avatar\/b0cb85e5c215fe1114e6d2404492358d?s=96&d=mm&r=g\",\"caption\":\"Kostadinov Alexander\"},\"url\":\"https:\/\/www.vkd.com\/lv-bayern\/news\/author\/gentscher-jungentscher-de\/\"}]}<\/script>\n<!-- \/ Yoast SEO plugin. -->","yoast_head_json":{"title":"Spargelessen des Club der K\u00f6che Donau-Ries e.V. - Landesverband der K\u00f6che Bayern","robots":{"index":"noindex","follow":"follow","max-snippet":"max-snippet:-1","max-image-preview":"max-image-preview:large","max-video-preview":"max-video-preview:-1"},"og_locale":"de_DE","og_type":"article","og_title":"Spargelessen des Club der K\u00f6che Donau-Ries e.V. - Landesverband der K\u00f6che Bayern","og_description":"Sehr geehrte Damen und Herren, auch in diesem Jahr findet zum wiederholten Male das Spargelessen des Club der K\u00f6che Donau-Ries e.V. statt. Einladung Spargelmen\u00fc 2025 Unser Termin ist Freitag, 30. Mai 2025 im Br\u00e4uhaussaal des Hotel Meerfr\u00e4ulein in Wemding. Das traditionelle Men\u00fc mit Einladung finden Sie im Anhang. Unser Team und die Familie Meyer w\u00fcrde...","og_url":"https:\/\/www.vkd.com\/lv-bayern\/news\/spargelessen-des-club-der-koeche-donau-ries-e-v\/","og_site_name":"Landesverband der K\u00f6che Bayern","article_published_time":"2025-05-05T16:35:32+00:00","article_modified_time":"2025-05-05T16:57:50+00:00","og_image":[{"width":273,"height":232,"url":"https:\/\/www.vkd.com\/lv-bayern\/wp-content\/uploads\/sites\/14\/2024\/08\/logo-1.jpg","type":"image\/jpeg"}],"author":"Kostadinov Alexander","twitter_card":"summary_large_image","twitter_misc":{"Verfasst von":"Kostadinov Alexander","Gesch\u00e4tzte Lesezeit":"1\u00a0Minute"},"schema":{"@context":"https:\/\/schema.org","@graph":[{"@type":"WebPage","@id":"https:\/\/www.vkd.com\/lv-bayern\/news\/spargelessen-des-club-der-koeche-donau-ries-e-v\/","url":"https:\/\/www.vkd.com\/lv-bayern\/news\/spargelessen-des-club-der-koeche-donau-ries-e-v\/","name":"Spargelessen des Club der K\u00f6che Donau-Ries e.V. - Landesverband der K\u00f6che Bayern","isPartOf":{"@id":"https:\/\/www.vkd.com\/lv-bayern\/#website"},"datePublished":"2025-05-05T16:35:32+00:00","dateModified":"2025-05-05T16:57:50+00:00","author":{"@id":"https:\/\/www.vkd.com\/lv-bayern\/#\/schema\/person\/19c4bb106ca4de98c60e2cb5ac7f572f"},"breadcrumb":{"@id":"https:\/\/www.vkd.com\/lv-bayern\/news\/spargelessen-des-club-der-koeche-donau-ries-e-v\/#breadcrumb"},"inLanguage":"de","potentialAction":[{"@type":"ReadAction","target":["https:\/\/www.vkd.com\/lv-bayern\/news\/spargelessen-des-club-der-koeche-donau-ries-e-v\/"]}]},{"@type":"BreadcrumbList","@id":"https:\/\/www.vkd.com\/lv-bayern\/news\/spargelessen-des-club-der-koeche-donau-ries-e-v\/#breadcrumb","itemListElement":[{"@type":"ListItem","position":1,"name":"Startseite","item":"https:\/\/www.vkd.com\/lv-bayern\/"},{"@type":"ListItem","position":2,"name":"Spargelessen des Club der K\u00f6che Donau-Ries e.V."}]},{"@type":"WebSite","@id":"https:\/\/www.vkd.com\/lv-bayern\/#website","url":"https:\/\/www.vkd.com\/lv-bayern\/","name":"Landesverband der K\u00f6che Bayern","description":"Landesverband im Verband der K\u00f6che Deutschlands e.V.","potentialAction":[{"@type":"SearchAction","target":{"@type":"EntryPoint","urlTemplate":"https:\/\/www.vkd.com\/lv-bayern\/?s={search_term_string}"},"query-input":"required name=search_term_string"}],"inLanguage":"de"},{"@type":"Person","@id":"https:\/\/www.vkd.com\/lv-bayern\/#\/schema\/person\/19c4bb106ca4de98c60e2cb5ac7f572f","name":"Kostadinov Alexander","image":{"@type":"ImageObject","inLanguage":"de","@id":"https:\/\/www.vkd.com\/lv-bayern\/#\/schema\/person\/image\/","url":"https:\/\/secure.gravatar.com\/avatar\/b0cb85e5c215fe1114e6d2404492358d?s=96&d=mm&r=g","contentUrl":"https:\/\/secure.gravatar.com\/avatar\/b0cb85e5c215fe1114e6d2404492358d?s=96&d=mm&r=g","caption":"Kostadinov Alexander"},"url":"https:\/\/www.vkd.com\/lv-bayern\/news\/author\/gentscher-jungentscher-de\/"}]}},"_links":{"self":[{"href":"https:\/\/www.vkd.com\/lv-bayern\/wp-json\/wp\/v2\/posts\/1411"}],"collection":[{"href":"https:\/\/www.vkd.com\/lv-bayern\/wp-json\/wp\/v2\/posts"}],"about":[{"href":"https:\/\/www.vkd.com\/lv-bayern\/wp-json\/wp\/v2\/types\/post"}],"author":[{"embeddable":true,"href":"https:\/\/www.vkd.com\/lv-bayern\/wp-json\/wp\/v2\/users\/1955"}],"replies":[{"embeddable":true,"href":"https:\/\/www.vkd.com\/lv-bayern\/wp-json\/wp\/v2\/comments?post=1411"}],"version-history":[{"count":2,"href":"https:\/\/www.vkd.com\/lv-bayern\/wp-json\/wp\/v2\/posts\/1411\/revisions"}],"predecessor-version":[{"id":1420,"href":"https:\/\/www.vkd.com\/lv-bayern\/wp-json\/wp\/v2\/posts\/1411\/revisions\/1420"}],"wp:featuredmedia":[{"embeddable":true,"href":"https:\/\/www.vkd.com\/lv-bayern\/wp-json\/wp\/v2\/media\/708"}],"wp:attachment":[{"href":"https:\/\/www.vkd.com\/lv-bayern\/wp-json\/wp\/v2\/media?parent=1411"}],"wp:term":[{"taxonomy":"category","embeddable":true,"href":"https:\/\/www.vkd.com\/lv-bayern\/wp-json\/wp\/v2\/categories?post=1411"},{"taxonomy":"post_tag","embeddable":true,"href":"https:\/\/www.vkd.com\/lv-bayern\/wp-json\/wp\/v2\/tags?post=1411"}],"curies":[{"name":"wp","href":"https:\/\/api.w.org\/{rel}","templated":true}]}}