{"id":1397,"date":"2025-04-08T08:21:44","date_gmt":"2025-04-08T06:21:44","guid":{"rendered":"https:\/\/www.vkd.com\/lv-bayern\/?p=1397"},"modified":"2025-04-08T08:21:44","modified_gmt":"2025-04-08T06:21:44","slug":"fruehlingsfest-infostand-des-zv-inn-salzach-e-v","status":"publish","type":"post","link":"https:\/\/www.vkd.com\/lv-bayern\/news\/fruehlingsfest-infostand-des-zv-inn-salzach-e-v\/","title":{"rendered":"Fr\u00fchlingsfest &#8211; Infostand des ZV Inn-Salzach e.V."},"content":{"rendered":"<p class=\"\" data-start=\"89\" data-end=\"358\"><strong>Burgkirchen, 4. April 2025<\/strong><br \/>\nAm 4. April 2025 fand im Rahmen des beliebten Fr\u00fchlingsfests in Burgkirchen ein Info-Stand des Vereins statt. Zahlreiche Besucher kamen, um sich \u00fcber die Aktivit\u00e4ten des Vereins zu informieren und mit den Mitgliedern ins Gespr\u00e4ch zu kommen.<\/p>\n<p class=\"\" data-start=\"360\" data-end=\"745\">Die Veranstaltung wurde feierlich durch B\u00fcrgermeister Johann Kriechenbaumer er\u00f6ffnet, der die Besucher herzlich begr\u00fc\u00dfte und eine besondere \u00dcberraschung bereit hatte: Als symbolisches Dankesch\u00f6n erhielten die G\u00e4ste selbstgemachte Marzipan-Rosen. Zus\u00e4tzlich standen Informationsmaterialien zum Verein zur Verf\u00fcgung, die das Engagement und die kommenden Projekte des Vereins vorstellten.<\/p>\n<p class=\"\" data-start=\"747\" data-end=\"1115\">\u201eWir freuen uns \u00fcber das gro\u00dfe Interesse und die positive Resonanz auf unseren Stand. Es war eine tolle Gelegenheit, mit den B\u00fcrgerinnen und B\u00fcrgern in Kontakt zu treten und unser Engagement vorzustellen. Wir sind jederzeit bereit f\u00fcr weitere Aktionen und freuen uns auf die zuk\u00fcnftige Zusammenarbeit\u201c, betonten die Vereinsmitglieder Josef Rahm und Thomas Hetzenecker.<\/p>\n<p class=\"\" data-start=\"1117\" data-end=\"1224\">Der Verein ist nach wie vor offen f\u00fcr neue Ideen und freut sich auf kommende Veranstaltungen in der Region.<\/p>\n<p data-start=\"1117\" data-end=\"1224\"><img decoding=\"async\" loading=\"lazy\" class=\"alignleft size-large wp-image-1398\" src=\"https:\/\/www.vkd.com\/lv-bayern\/wp-content\/uploads\/sites\/14\/2025\/04\/1000025660-705x1024.jpg\" alt=\"1000025660\" width=\"705\" height=\"1024\" srcset=\"https:\/\/www.vkd.com\/lv-bayern\/wp-content\/uploads\/sites\/14\/2025\/04\/1000025660-705x1024.jpg 705w, https:\/\/www.vkd.com\/lv-bayern\/wp-content\/uploads\/sites\/14\/2025\/04\/1000025660-207x300.jpg 207w, https:\/\/www.vkd.com\/lv-bayern\/wp-content\/uploads\/sites\/14\/2025\/04\/1000025660-768x1115.jpg 768w, https:\/\/www.vkd.com\/lv-bayern\/wp-content\/uploads\/sites\/14\/2025\/04\/1000025660-1058x1536.jpg 1058w, https:\/\/www.vkd.com\/lv-bayern\/wp-content\/uploads\/sites\/14\/2025\/04\/1000025660.jpg 1079w\" sizes=\"(max-width: 705px) 100vw, 705px\" \/><\/p>\n","protected":false},"excerpt":{"rendered":"<p>Burgkirchen, 4. April 2025 Am 4. April 2025 fand im Rahmen des beliebten Fr\u00fchlingsfests in Burgkirchen ein Info-Stand des Vereins statt. Zahlreiche Besucher kamen, um sich \u00fcber die Aktivit\u00e4ten des Vereins zu informieren und mit den Mitgliedern ins Gespr\u00e4ch zu kommen. Die Veranstaltung wurde feierlich durch B\u00fcrgermeister Johann Kriechenbaumer er\u00f6ffnet, der die Besucher herzlich begr\u00fc\u00dfte&#8230;<\/p>\n","protected":false},"author":1955,"featured_media":834,"comment_status":"closed","ping_status":"open","sticky":false,"template":"","format":"standard","meta":[],"categories":[1],"tags":[6,12,20,7,19,9],"yoast_head":"<!-- This site is optimized with the Yoast SEO plugin v20.0 - https:\/\/yoast.com\/wordpress\/plugins\/seo\/ -->\n<title>Fr\u00fchlingsfest - Infostand des ZV Inn-Salzach e.V. - Landesverband der K\u00f6che Bayern<\/title>\n<meta name=\"robots\" content=\"noindex, follow, max-snippet:-1, max-image-preview:large, max-video-preview:-1\" \/>\n<meta property=\"og:locale\" content=\"de_DE\" \/>\n<meta property=\"og:type\" content=\"article\" \/>\n<meta property=\"og:title\" content=\"Fr\u00fchlingsfest - Infostand des ZV Inn-Salzach e.V. - Landesverband der K\u00f6che Bayern\" \/>\n<meta property=\"og:description\" content=\"Burgkirchen, 4. April 2025 Am 4. April 2025 fand im Rahmen des beliebten Fr\u00fchlingsfests in Burgkirchen ein Info-Stand des Vereins statt. Zahlreiche Besucher kamen, um sich \u00fcber die Aktivit\u00e4ten des Vereins zu informieren und mit den Mitgliedern ins Gespr\u00e4ch zu kommen. Die Veranstaltung wurde feierlich durch B\u00fcrgermeister Johann Kriechenbaumer er\u00f6ffnet, der die Besucher herzlich begr\u00fc\u00dfte...\" \/>\n<meta property=\"og:url\" content=\"https:\/\/www.vkd.com\/lv-bayern\/news\/fruehlingsfest-infostand-des-zv-inn-salzach-e-v\/\" \/>\n<meta property=\"og:site_name\" content=\"Landesverband der K\u00f6che Bayern\" \/>\n<meta property=\"article:published_time\" content=\"2025-04-08T06:21:44+00:00\" \/>\n<meta property=\"og:image\" content=\"https:\/\/www.vkd.com\/lv-bayern\/wp-content\/uploads\/sites\/14\/2024\/09\/Logoklein.jpg\" \/>\n\t<meta property=\"og:image:width\" content=\"328\" \/>\n\t<meta property=\"og:image:height\" content=\"382\" \/>\n\t<meta property=\"og:image:type\" content=\"image\/jpeg\" \/>\n<meta name=\"author\" content=\"Kostadinov Alexander\" \/>\n<meta name=\"twitter:card\" content=\"summary_large_image\" \/>\n<meta name=\"twitter:label1\" content=\"Verfasst von\" \/>\n\t<meta name=\"twitter:data1\" content=\"Kostadinov Alexander\" \/>\n\t<meta name=\"twitter:label2\" content=\"Gesch\u00e4tzte Lesezeit\" \/>\n\t<meta name=\"twitter:data2\" content=\"2\u00a0Minuten\" \/>\n<script type=\"application\/ld+json\" class=\"yoast-schema-graph\">{\"@context\":\"https:\/\/schema.org\",\"@graph\":[{\"@type\":\"WebPage\",\"@id\":\"https:\/\/www.vkd.com\/lv-bayern\/news\/fruehlingsfest-infostand-des-zv-inn-salzach-e-v\/\",\"url\":\"https:\/\/www.vkd.com\/lv-bayern\/news\/fruehlingsfest-infostand-des-zv-inn-salzach-e-v\/\",\"name\":\"Fr\u00fchlingsfest - Infostand des ZV Inn-Salzach e.V. - Landesverband der K\u00f6che Bayern\",\"isPartOf\":{\"@id\":\"https:\/\/www.vkd.com\/lv-bayern\/#website\"},\"datePublished\":\"2025-04-08T06:21:44+00:00\",\"dateModified\":\"2025-04-08T06:21:44+00:00\",\"author\":{\"@id\":\"https:\/\/www.vkd.com\/lv-bayern\/#\/schema\/person\/19c4bb106ca4de98c60e2cb5ac7f572f\"},\"breadcrumb\":{\"@id\":\"https:\/\/www.vkd.com\/lv-bayern\/news\/fruehlingsfest-infostand-des-zv-inn-salzach-e-v\/#breadcrumb\"},\"inLanguage\":\"de\",\"potentialAction\":[{\"@type\":\"ReadAction\",\"target\":[\"https:\/\/www.vkd.com\/lv-bayern\/news\/fruehlingsfest-infostand-des-zv-inn-salzach-e-v\/\"]}]},{\"@type\":\"BreadcrumbList\",\"@id\":\"https:\/\/www.vkd.com\/lv-bayern\/news\/fruehlingsfest-infostand-des-zv-inn-salzach-e-v\/#breadcrumb\",\"itemListElement\":[{\"@type\":\"ListItem\",\"position\":1,\"name\":\"Startseite\",\"item\":\"https:\/\/www.vkd.com\/lv-bayern\/\"},{\"@type\":\"ListItem\",\"position\":2,\"name\":\"Fr\u00fchlingsfest &#8211; Infostand des ZV Inn-Salzach e.V.\"}]},{\"@type\":\"WebSite\",\"@id\":\"https:\/\/www.vkd.com\/lv-bayern\/#website\",\"url\":\"https:\/\/www.vkd.com\/lv-bayern\/\",\"name\":\"Landesverband der K\u00f6che Bayern\",\"description\":\"Landesverband im Verband der K\u00f6che Deutschlands e.V.\",\"potentialAction\":[{\"@type\":\"SearchAction\",\"target\":{\"@type\":\"EntryPoint\",\"urlTemplate\":\"https:\/\/www.vkd.com\/lv-bayern\/?s={search_term_string}\"},\"query-input\":\"required name=search_term_string\"}],\"inLanguage\":\"de\"},{\"@type\":\"Person\",\"@id\":\"https:\/\/www.vkd.com\/lv-bayern\/#\/schema\/person\/19c4bb106ca4de98c60e2cb5ac7f572f\",\"name\":\"Kostadinov Alexander\",\"image\":{\"@type\":\"ImageObject\",\"inLanguage\":\"de\",\"@id\":\"https:\/\/www.vkd.com\/lv-bayern\/#\/schema\/person\/image\/\",\"url\":\"https:\/\/secure.gravatar.com\/avatar\/b0cb85e5c215fe1114e6d2404492358d?s=96&d=mm&r=g\",\"contentUrl\":\"https:\/\/secure.gravatar.com\/avatar\/b0cb85e5c215fe1114e6d2404492358d?s=96&d=mm&r=g\",\"caption\":\"Kostadinov Alexander\"},\"url\":\"https:\/\/www.vkd.com\/lv-bayern\/news\/author\/gentscher-jungentscher-de\/\"}]}<\/script>\n<!-- \/ Yoast SEO plugin. -->","yoast_head_json":{"title":"Fr\u00fchlingsfest - Infostand des ZV Inn-Salzach e.V. - Landesverband der K\u00f6che Bayern","robots":{"index":"noindex","follow":"follow","max-snippet":"max-snippet:-1","max-image-preview":"max-image-preview:large","max-video-preview":"max-video-preview:-1"},"og_locale":"de_DE","og_type":"article","og_title":"Fr\u00fchlingsfest - Infostand des ZV Inn-Salzach e.V. - Landesverband der K\u00f6che Bayern","og_description":"Burgkirchen, 4. April 2025 Am 4. April 2025 fand im Rahmen des beliebten Fr\u00fchlingsfests in Burgkirchen ein Info-Stand des Vereins statt. Zahlreiche Besucher kamen, um sich \u00fcber die Aktivit\u00e4ten des Vereins zu informieren und mit den Mitgliedern ins Gespr\u00e4ch zu kommen. Die Veranstaltung wurde feierlich durch B\u00fcrgermeister Johann Kriechenbaumer er\u00f6ffnet, der die Besucher herzlich begr\u00fc\u00dfte...","og_url":"https:\/\/www.vkd.com\/lv-bayern\/news\/fruehlingsfest-infostand-des-zv-inn-salzach-e-v\/","og_site_name":"Landesverband der K\u00f6che Bayern","article_published_time":"2025-04-08T06:21:44+00:00","og_image":[{"width":328,"height":382,"url":"https:\/\/www.vkd.com\/lv-bayern\/wp-content\/uploads\/sites\/14\/2024\/09\/Logoklein.jpg","type":"image\/jpeg"}],"author":"Kostadinov Alexander","twitter_card":"summary_large_image","twitter_misc":{"Verfasst von":"Kostadinov Alexander","Gesch\u00e4tzte Lesezeit":"2\u00a0Minuten"},"schema":{"@context":"https:\/\/schema.org","@graph":[{"@type":"WebPage","@id":"https:\/\/www.vkd.com\/lv-bayern\/news\/fruehlingsfest-infostand-des-zv-inn-salzach-e-v\/","url":"https:\/\/www.vkd.com\/lv-bayern\/news\/fruehlingsfest-infostand-des-zv-inn-salzach-e-v\/","name":"Fr\u00fchlingsfest - Infostand des ZV Inn-Salzach e.V. - Landesverband der K\u00f6che Bayern","isPartOf":{"@id":"https:\/\/www.vkd.com\/lv-bayern\/#website"},"datePublished":"2025-04-08T06:21:44+00:00","dateModified":"2025-04-08T06:21:44+00:00","author":{"@id":"https:\/\/www.vkd.com\/lv-bayern\/#\/schema\/person\/19c4bb106ca4de98c60e2cb5ac7f572f"},"breadcrumb":{"@id":"https:\/\/www.vkd.com\/lv-bayern\/news\/fruehlingsfest-infostand-des-zv-inn-salzach-e-v\/#breadcrumb"},"inLanguage":"de","potentialAction":[{"@type":"ReadAction","target":["https:\/\/www.vkd.com\/lv-bayern\/news\/fruehlingsfest-infostand-des-zv-inn-salzach-e-v\/"]}]},{"@type":"BreadcrumbList","@id":"https:\/\/www.vkd.com\/lv-bayern\/news\/fruehlingsfest-infostand-des-zv-inn-salzach-e-v\/#breadcrumb","itemListElement":[{"@type":"ListItem","position":1,"name":"Startseite","item":"https:\/\/www.vkd.com\/lv-bayern\/"},{"@type":"ListItem","position":2,"name":"Fr\u00fchlingsfest &#8211; Infostand des ZV Inn-Salzach e.V."}]},{"@type":"WebSite","@id":"https:\/\/www.vkd.com\/lv-bayern\/#website","url":"https:\/\/www.vkd.com\/lv-bayern\/","name":"Landesverband der K\u00f6che Bayern","description":"Landesverband im Verband der K\u00f6che Deutschlands e.V.","potentialAction":[{"@type":"SearchAction","target":{"@type":"EntryPoint","urlTemplate":"https:\/\/www.vkd.com\/lv-bayern\/?s={search_term_string}"},"query-input":"required name=search_term_string"}],"inLanguage":"de"},{"@type":"Person","@id":"https:\/\/www.vkd.com\/lv-bayern\/#\/schema\/person\/19c4bb106ca4de98c60e2cb5ac7f572f","name":"Kostadinov Alexander","image":{"@type":"ImageObject","inLanguage":"de","@id":"https:\/\/www.vkd.com\/lv-bayern\/#\/schema\/person\/image\/","url":"https:\/\/secure.gravatar.com\/avatar\/b0cb85e5c215fe1114e6d2404492358d?s=96&d=mm&r=g","contentUrl":"https:\/\/secure.gravatar.com\/avatar\/b0cb85e5c215fe1114e6d2404492358d?s=96&d=mm&r=g","caption":"Kostadinov Alexander"},"url":"https:\/\/www.vkd.com\/lv-bayern\/news\/author\/gentscher-jungentscher-de\/"}]}},"_links":{"self":[{"href":"https:\/\/www.vkd.com\/lv-bayern\/wp-json\/wp\/v2\/posts\/1397"}],"collection":[{"href":"https:\/\/www.vkd.com\/lv-bayern\/wp-json\/wp\/v2\/posts"}],"about":[{"href":"https:\/\/www.vkd.com\/lv-bayern\/wp-json\/wp\/v2\/types\/post"}],"author":[{"embeddable":true,"href":"https:\/\/www.vkd.com\/lv-bayern\/wp-json\/wp\/v2\/users\/1955"}],"replies":[{"embeddable":true,"href":"https:\/\/www.vkd.com\/lv-bayern\/wp-json\/wp\/v2\/comments?post=1397"}],"version-history":[{"count":2,"href":"https:\/\/www.vkd.com\/lv-bayern\/wp-json\/wp\/v2\/posts\/1397\/revisions"}],"predecessor-version":[{"id":1400,"href":"https:\/\/www.vkd.com\/lv-bayern\/wp-json\/wp\/v2\/posts\/1397\/revisions\/1400"}],"wp:featuredmedia":[{"embeddable":true,"href":"https:\/\/www.vkd.com\/lv-bayern\/wp-json\/wp\/v2\/media\/834"}],"wp:attachment":[{"href":"https:\/\/www.vkd.com\/lv-bayern\/wp-json\/wp\/v2\/media?parent=1397"}],"wp:term":[{"taxonomy":"category","embeddable":true,"href":"https:\/\/www.vkd.com\/lv-bayern\/wp-json\/wp\/v2\/categories?post=1397"},{"taxonomy":"post_tag","embeddable":true,"href":"https:\/\/www.vkd.com\/lv-bayern\/wp-json\/wp\/v2\/tags?post=1397"}],"curies":[{"name":"wp","href":"https:\/\/api.w.org\/{rel}","templated":true}]}}