{"id":1302,"date":"2025-02-11T17:44:15","date_gmt":"2025-02-11T16:44:15","guid":{"rendered":"https:\/\/www.vkd.com\/lv-bayern\/?p=1302"},"modified":"2025-03-22T13:41:31","modified_gmt":"2025-03-22T12:41:31","slug":"berufsfachverband-der-koeche-bayern-fruehjahrs-tagung-vom-28-bis-30-maerz-2025","status":"publish","type":"post","link":"https:\/\/www.vkd.com\/lv-bayern\/news\/berufsfachverband-der-koeche-bayern-fruehjahrs-tagung-vom-28-bis-30-maerz-2025\/","title":{"rendered":"Berufsfachverband der K\u00f6che Bayern | Fr\u00fchjahrs-Tagung vom 28. bis 29. M\u00e4rz 2025"},"content":{"rendered":"<p>Sehr geehrte Damen und Herren, liebe Kolleginnen und Kollegen,<\/p>\n<p><strong>als Landesverbands der K\u00f6che Bayern laden wir Sie herzlich zur Fr\u00fchjahrs-Tagung vom 28. bis 29. M\u00e4rz 2025 nach Rothenburg ob der Tauber ein. Wir freuen uns auf zahlreiche Teilnehmer und bitten um verbindliche Anmeldung bis sp\u00e4testens 21. M\u00e4rz 2025 <\/strong><br \/>\n<strong>unter der E-Mail-Adresse <a href=\"mailto:koeche@koeche-bayern.de\">koeche@koeche-bayern.de<\/a><\/strong><\/p>\n<p>Ein zentraler Tagesordnungspunkt wird u.a. die geplante Satzungs\u00e4nderung im VKD sein. Auch werden wir uns \u00fcber den Achenbachpreis, die au\u00dferordentliche Mitgliederversammlung des VKD und weitere aktuelle Themen austauschen. Wir m\u00f6chten diese Gelegenheit nutzen, um gemeinsam mit Ihnen zu diskutieren und unseren Verband weiter zu st\u00e4rken. Hierzu begr\u00fc\u00dft sich auch der <em><strong>Pr\u00e4sident des VKD \u2013 Daniel Schade.<\/strong><\/em><\/p>\n<p><strong>Alle Zweigvereine sind herzlich eingeladen, sich aktiv an der Veranstaltung zu beteiligen. Auch rufen wir sie alle auf, sich gerne auf unsere Vorstandsposten zu bewerben! Am besten per E-Mail unter <a href=\"mailto:ralf.meneghini@koeche-bayern.de\">ralf.meneghini@koeche-bayern.de<\/a><\/strong><\/p>\n<p>Wir bitten um fr\u00fchzeitige Anmeldung der Wortmeldungen, um eine optimale Planung der Tagung zu gew\u00e4hrleisten. Vielen Dank an alle, die sich schon angemeldet haben.<br \/>\nNutzen Sie die Veranstaltung als Plattform f\u00fcr die Zukunft unseres Berufsstands und kommen Sie vorbei \u2013 Ihre Teilnahme ist von gro\u00dfer Bedeutung.<\/p>\n<p>Wir freuen uns auf Ihre Teilnahme und einen konstruktiven Austausch.<\/p>\n<p>Mit freundlichen Gr\u00fc\u00dfen<br \/>\nIhre Vorstandschaft<br \/>\nBerufsfachverband der K\u00f6che Bayern<\/p>\n<p><strong>INFOS unter folgendem LINK:<\/strong><\/p>\n<p><a href=\"https:\/\/www.vkd.com\/lv-bayern\/wp-content\/uploads\/sites\/14\/2025\/03\/TagungFruehjahr2025UpdateMrz.pdf\" target=\"_blank\" rel=\"noopener\"><strong>https:\/\/www.vkd.com\/lv-bayern\/wp-content\/uploads\/sites\/14\/2025\/02\/TagungFruehjahr2025aktuell.pdf<\/strong><\/a><\/p>\n","protected":false},"excerpt":{"rendered":"<p>Sehr geehrte Damen und Herren, liebe Kolleginnen und Kollegen, als Landesverbands der K\u00f6che Bayern laden wir Sie herzlich zur Fr\u00fchjahrs-Tagung vom 28. bis 29. M\u00e4rz 2025 nach Rothenburg ob der Tauber ein. Wir freuen uns auf zahlreiche Teilnehmer und bitten um verbindliche Anmeldung bis sp\u00e4testens 21. M\u00e4rz 2025 unter der E-Mail-Adresse koeche@koeche-bayern.de Ein zentraler Tagesordnungspunkt&#8230;<\/p>\n","protected":false},"author":1955,"featured_media":376,"comment_status":"closed","ping_status":"open","sticky":false,"template":"","format":"standard","meta":[],"categories":[1],"tags":[],"yoast_head":"<!-- This site is optimized with the Yoast SEO plugin v20.0 - https:\/\/yoast.com\/wordpress\/plugins\/seo\/ -->\n<title>Berufsfachverband der K\u00f6che Bayern | Fr\u00fchjahrs-Tagung vom 28. bis 29. M\u00e4rz 2025 - Landesverband der K\u00f6che Bayern<\/title>\n<meta name=\"robots\" content=\"noindex, follow, max-snippet:-1, max-image-preview:large, max-video-preview:-1\" \/>\n<meta property=\"og:locale\" content=\"de_DE\" \/>\n<meta property=\"og:type\" content=\"article\" \/>\n<meta property=\"og:title\" content=\"Berufsfachverband der K\u00f6che Bayern | Fr\u00fchjahrs-Tagung vom 28. bis 29. M\u00e4rz 2025 - Landesverband der K\u00f6che Bayern\" \/>\n<meta property=\"og:description\" content=\"Sehr geehrte Damen und Herren, liebe Kolleginnen und Kollegen, als Landesverbands der K\u00f6che Bayern laden wir Sie herzlich zur Fr\u00fchjahrs-Tagung vom 28. bis 29. M\u00e4rz 2025 nach Rothenburg ob der Tauber ein. Wir freuen uns auf zahlreiche Teilnehmer und bitten um verbindliche Anmeldung bis sp\u00e4testens 21. M\u00e4rz 2025 unter der E-Mail-Adresse koeche@koeche-bayern.de Ein zentraler Tagesordnungspunkt...\" \/>\n<meta property=\"og:url\" content=\"https:\/\/www.vkd.com\/lv-bayern\/news\/berufsfachverband-der-koeche-bayern-fruehjahrs-tagung-vom-28-bis-30-maerz-2025\/\" \/>\n<meta property=\"og:site_name\" content=\"Landesverband der K\u00f6che Bayern\" \/>\n<meta property=\"article:published_time\" content=\"2025-02-11T16:44:15+00:00\" \/>\n<meta property=\"article:modified_time\" content=\"2025-03-22T12:41:31+00:00\" \/>\n<meta property=\"og:image\" content=\"https:\/\/www.vkd.com\/lv-bayern\/wp-content\/uploads\/sites\/14\/2024\/07\/cropped-Logo-LV-Bayern_klein-quadratisch.png\" \/>\n\t<meta property=\"og:image:width\" content=\"512\" \/>\n\t<meta property=\"og:image:height\" content=\"512\" \/>\n\t<meta property=\"og:image:type\" content=\"image\/png\" \/>\n<meta name=\"author\" content=\"Kostadinov Alexander\" \/>\n<meta name=\"twitter:card\" content=\"summary_large_image\" \/>\n<meta name=\"twitter:label1\" content=\"Verfasst von\" \/>\n\t<meta name=\"twitter:data1\" content=\"Kostadinov Alexander\" \/>\n\t<meta name=\"twitter:label2\" content=\"Gesch\u00e4tzte Lesezeit\" \/>\n\t<meta name=\"twitter:data2\" content=\"2\u00a0Minuten\" \/>\n<script type=\"application\/ld+json\" class=\"yoast-schema-graph\">{\"@context\":\"https:\/\/schema.org\",\"@graph\":[{\"@type\":\"WebPage\",\"@id\":\"https:\/\/www.vkd.com\/lv-bayern\/news\/berufsfachverband-der-koeche-bayern-fruehjahrs-tagung-vom-28-bis-30-maerz-2025\/\",\"url\":\"https:\/\/www.vkd.com\/lv-bayern\/news\/berufsfachverband-der-koeche-bayern-fruehjahrs-tagung-vom-28-bis-30-maerz-2025\/\",\"name\":\"Berufsfachverband der K\u00f6che Bayern | Fr\u00fchjahrs-Tagung vom 28. bis 29. M\u00e4rz 2025 - Landesverband der K\u00f6che Bayern\",\"isPartOf\":{\"@id\":\"https:\/\/www.vkd.com\/lv-bayern\/#website\"},\"datePublished\":\"2025-02-11T16:44:15+00:00\",\"dateModified\":\"2025-03-22T12:41:31+00:00\",\"author\":{\"@id\":\"https:\/\/www.vkd.com\/lv-bayern\/#\/schema\/person\/19c4bb106ca4de98c60e2cb5ac7f572f\"},\"breadcrumb\":{\"@id\":\"https:\/\/www.vkd.com\/lv-bayern\/news\/berufsfachverband-der-koeche-bayern-fruehjahrs-tagung-vom-28-bis-30-maerz-2025\/#breadcrumb\"},\"inLanguage\":\"de\",\"potentialAction\":[{\"@type\":\"ReadAction\",\"target\":[\"https:\/\/www.vkd.com\/lv-bayern\/news\/berufsfachverband-der-koeche-bayern-fruehjahrs-tagung-vom-28-bis-30-maerz-2025\/\"]}]},{\"@type\":\"BreadcrumbList\",\"@id\":\"https:\/\/www.vkd.com\/lv-bayern\/news\/berufsfachverband-der-koeche-bayern-fruehjahrs-tagung-vom-28-bis-30-maerz-2025\/#breadcrumb\",\"itemListElement\":[{\"@type\":\"ListItem\",\"position\":1,\"name\":\"Startseite\",\"item\":\"https:\/\/www.vkd.com\/lv-bayern\/\"},{\"@type\":\"ListItem\",\"position\":2,\"name\":\"Berufsfachverband der K\u00f6che Bayern | Fr\u00fchjahrs-Tagung vom 28. bis 29. M\u00e4rz 2025\"}]},{\"@type\":\"WebSite\",\"@id\":\"https:\/\/www.vkd.com\/lv-bayern\/#website\",\"url\":\"https:\/\/www.vkd.com\/lv-bayern\/\",\"name\":\"Landesverband der K\u00f6che Bayern\",\"description\":\"Landesverband im Verband der K\u00f6che Deutschlands e.V.\",\"potentialAction\":[{\"@type\":\"SearchAction\",\"target\":{\"@type\":\"EntryPoint\",\"urlTemplate\":\"https:\/\/www.vkd.com\/lv-bayern\/?s={search_term_string}\"},\"query-input\":\"required name=search_term_string\"}],\"inLanguage\":\"de\"},{\"@type\":\"Person\",\"@id\":\"https:\/\/www.vkd.com\/lv-bayern\/#\/schema\/person\/19c4bb106ca4de98c60e2cb5ac7f572f\",\"name\":\"Kostadinov Alexander\",\"image\":{\"@type\":\"ImageObject\",\"inLanguage\":\"de\",\"@id\":\"https:\/\/www.vkd.com\/lv-bayern\/#\/schema\/person\/image\/\",\"url\":\"https:\/\/secure.gravatar.com\/avatar\/b0cb85e5c215fe1114e6d2404492358d?s=96&d=mm&r=g\",\"contentUrl\":\"https:\/\/secure.gravatar.com\/avatar\/b0cb85e5c215fe1114e6d2404492358d?s=96&d=mm&r=g\",\"caption\":\"Kostadinov Alexander\"},\"url\":\"https:\/\/www.vkd.com\/lv-bayern\/news\/author\/gentscher-jungentscher-de\/\"}]}<\/script>\n<!-- \/ Yoast SEO plugin. -->","yoast_head_json":{"title":"Berufsfachverband der K\u00f6che Bayern | Fr\u00fchjahrs-Tagung vom 28. bis 29. M\u00e4rz 2025 - Landesverband der K\u00f6che Bayern","robots":{"index":"noindex","follow":"follow","max-snippet":"max-snippet:-1","max-image-preview":"max-image-preview:large","max-video-preview":"max-video-preview:-1"},"og_locale":"de_DE","og_type":"article","og_title":"Berufsfachverband der K\u00f6che Bayern | Fr\u00fchjahrs-Tagung vom 28. bis 29. M\u00e4rz 2025 - Landesverband der K\u00f6che Bayern","og_description":"Sehr geehrte Damen und Herren, liebe Kolleginnen und Kollegen, als Landesverbands der K\u00f6che Bayern laden wir Sie herzlich zur Fr\u00fchjahrs-Tagung vom 28. bis 29. M\u00e4rz 2025 nach Rothenburg ob der Tauber ein. Wir freuen uns auf zahlreiche Teilnehmer und bitten um verbindliche Anmeldung bis sp\u00e4testens 21. M\u00e4rz 2025 unter der E-Mail-Adresse koeche@koeche-bayern.de Ein zentraler Tagesordnungspunkt...","og_url":"https:\/\/www.vkd.com\/lv-bayern\/news\/berufsfachverband-der-koeche-bayern-fruehjahrs-tagung-vom-28-bis-30-maerz-2025\/","og_site_name":"Landesverband der K\u00f6che Bayern","article_published_time":"2025-02-11T16:44:15+00:00","article_modified_time":"2025-03-22T12:41:31+00:00","og_image":[{"width":512,"height":512,"url":"https:\/\/www.vkd.com\/lv-bayern\/wp-content\/uploads\/sites\/14\/2024\/07\/cropped-Logo-LV-Bayern_klein-quadratisch.png","type":"image\/png"}],"author":"Kostadinov Alexander","twitter_card":"summary_large_image","twitter_misc":{"Verfasst von":"Kostadinov Alexander","Gesch\u00e4tzte Lesezeit":"2\u00a0Minuten"},"schema":{"@context":"https:\/\/schema.org","@graph":[{"@type":"WebPage","@id":"https:\/\/www.vkd.com\/lv-bayern\/news\/berufsfachverband-der-koeche-bayern-fruehjahrs-tagung-vom-28-bis-30-maerz-2025\/","url":"https:\/\/www.vkd.com\/lv-bayern\/news\/berufsfachverband-der-koeche-bayern-fruehjahrs-tagung-vom-28-bis-30-maerz-2025\/","name":"Berufsfachverband der K\u00f6che Bayern | Fr\u00fchjahrs-Tagung vom 28. bis 29. M\u00e4rz 2025 - Landesverband der K\u00f6che Bayern","isPartOf":{"@id":"https:\/\/www.vkd.com\/lv-bayern\/#website"},"datePublished":"2025-02-11T16:44:15+00:00","dateModified":"2025-03-22T12:41:31+00:00","author":{"@id":"https:\/\/www.vkd.com\/lv-bayern\/#\/schema\/person\/19c4bb106ca4de98c60e2cb5ac7f572f"},"breadcrumb":{"@id":"https:\/\/www.vkd.com\/lv-bayern\/news\/berufsfachverband-der-koeche-bayern-fruehjahrs-tagung-vom-28-bis-30-maerz-2025\/#breadcrumb"},"inLanguage":"de","potentialAction":[{"@type":"ReadAction","target":["https:\/\/www.vkd.com\/lv-bayern\/news\/berufsfachverband-der-koeche-bayern-fruehjahrs-tagung-vom-28-bis-30-maerz-2025\/"]}]},{"@type":"BreadcrumbList","@id":"https:\/\/www.vkd.com\/lv-bayern\/news\/berufsfachverband-der-koeche-bayern-fruehjahrs-tagung-vom-28-bis-30-maerz-2025\/#breadcrumb","itemListElement":[{"@type":"ListItem","position":1,"name":"Startseite","item":"https:\/\/www.vkd.com\/lv-bayern\/"},{"@type":"ListItem","position":2,"name":"Berufsfachverband der K\u00f6che Bayern | Fr\u00fchjahrs-Tagung vom 28. bis 29. M\u00e4rz 2025"}]},{"@type":"WebSite","@id":"https:\/\/www.vkd.com\/lv-bayern\/#website","url":"https:\/\/www.vkd.com\/lv-bayern\/","name":"Landesverband der K\u00f6che Bayern","description":"Landesverband im Verband der K\u00f6che Deutschlands e.V.","potentialAction":[{"@type":"SearchAction","target":{"@type":"EntryPoint","urlTemplate":"https:\/\/www.vkd.com\/lv-bayern\/?s={search_term_string}"},"query-input":"required name=search_term_string"}],"inLanguage":"de"},{"@type":"Person","@id":"https:\/\/www.vkd.com\/lv-bayern\/#\/schema\/person\/19c4bb106ca4de98c60e2cb5ac7f572f","name":"Kostadinov Alexander","image":{"@type":"ImageObject","inLanguage":"de","@id":"https:\/\/www.vkd.com\/lv-bayern\/#\/schema\/person\/image\/","url":"https:\/\/secure.gravatar.com\/avatar\/b0cb85e5c215fe1114e6d2404492358d?s=96&d=mm&r=g","contentUrl":"https:\/\/secure.gravatar.com\/avatar\/b0cb85e5c215fe1114e6d2404492358d?s=96&d=mm&r=g","caption":"Kostadinov Alexander"},"url":"https:\/\/www.vkd.com\/lv-bayern\/news\/author\/gentscher-jungentscher-de\/"}]}},"_links":{"self":[{"href":"https:\/\/www.vkd.com\/lv-bayern\/wp-json\/wp\/v2\/posts\/1302"}],"collection":[{"href":"https:\/\/www.vkd.com\/lv-bayern\/wp-json\/wp\/v2\/posts"}],"about":[{"href":"https:\/\/www.vkd.com\/lv-bayern\/wp-json\/wp\/v2\/types\/post"}],"author":[{"embeddable":true,"href":"https:\/\/www.vkd.com\/lv-bayern\/wp-json\/wp\/v2\/users\/1955"}],"replies":[{"embeddable":true,"href":"https:\/\/www.vkd.com\/lv-bayern\/wp-json\/wp\/v2\/comments?post=1302"}],"version-history":[{"count":8,"href":"https:\/\/www.vkd.com\/lv-bayern\/wp-json\/wp\/v2\/posts\/1302\/revisions"}],"predecessor-version":[{"id":1340,"href":"https:\/\/www.vkd.com\/lv-bayern\/wp-json\/wp\/v2\/posts\/1302\/revisions\/1340"}],"wp:featuredmedia":[{"embeddable":true,"href":"https:\/\/www.vkd.com\/lv-bayern\/wp-json\/wp\/v2\/media\/376"}],"wp:attachment":[{"href":"https:\/\/www.vkd.com\/lv-bayern\/wp-json\/wp\/v2\/media?parent=1302"}],"wp:term":[{"taxonomy":"category","embeddable":true,"href":"https:\/\/www.vkd.com\/lv-bayern\/wp-json\/wp\/v2\/categories?post=1302"},{"taxonomy":"post_tag","embeddable":true,"href":"https:\/\/www.vkd.com\/lv-bayern\/wp-json\/wp\/v2\/tags?post=1302"}],"curies":[{"name":"wp","href":"https:\/\/api.w.org\/{rel}","templated":true}]}}