{"id":1277,"date":"2025-02-11T17:01:00","date_gmt":"2025-02-11T16:01:00","guid":{"rendered":"https:\/\/www.vkd.com\/lv-bayern\/?p=1277"},"modified":"2025-02-11T17:01:00","modified_gmt":"2025-02-11T16:01:00","slug":"edgar-fuchs-award-2025-sechste-ausgabe-in-aschaffenburg","status":"publish","type":"post","link":"https:\/\/www.vkd.com\/lv-bayern\/news\/edgar-fuchs-award-2025-sechste-ausgabe-in-aschaffenburg\/","title":{"rendered":"Edgar Fuchs Award 2025 \u2013 Sechste Ausgabe in Aschaffenburg"},"content":{"rendered":"<p>Am 06.02.2025 fand in der Berufsschule Aschaffenburg die sechste Ausgabe des Edgar Fuchs Award statt. Die Mittagsveranstaltung, organisiert vom K\u00f6che Verein Aschaffenburg-Miltenberg unter der Leitung von Vorsitzendem Nico Sch\u00f6nfeld, bot eine spannende Mischung aus kulinarischen Gen\u00fcssen und innovativen Konzepten.<\/p>\n<p>Benannt nach dem renommierten Gastronomie-Pionier Edgar Fuchs, w\u00fcrdigte der Award erneut herausragende Leistungen in der regionalen Kochkunst. Die Veranstaltung stand ganz im Zeichen der Kreativit\u00e4t und des Engagements der teilnehmenden K\u00f6che, die durch ihre innovativen Ideen \u00fcberzeugten.<\/p>\n<p>Unterst\u00fctzt wurde das Event von namhaften Sponsoren. Neben dem Engagement des K\u00f6che Vereins trugen auch die Firma Neitzer sowie der Mineralbrunnen Sodenthaler ma\u00dfgeblich zum Erfolg der Veranstaltung bei. Die Sponsoreneinbindung unterstrich dabei die enge Zusammenarbeit zwischen der Gastronomie und regionalen Unternehmen.<\/p>\n<p>Die Veranstaltung in der Berufsschule Aschaffenburg lockte zahlreiche Fachleute sowie Feinschmecker an, die sich an einem abwechslungsreichen Mittagsprogramm erfreuen konnten. Der Edgar Fuchs Award 2025 setzte damit erneut ein starkes Zeichen f\u00fcr Exzellenz und Innovationskraft in der regionalen Gastronomieszene.<\/p>\n<p>&nbsp;<\/p>\n\n<div id=\"gallery-1279\" class=\"vkdgal-gallery-wrap gallery-grid \">\n    <div class=\"col-md-12\">\n        <div class=\"row\">\n            <div class=\"gal\" data-featherlight-gallery style=\"display: grid; grid-template-columns: repeat(3, 1fr); grid-column-gap: 10px;\">\n                                    <div class=\"item\">\n                        <a href=\"https:\/\/www.vkd.com\/lv-bayern\/wp-content\/uploads\/sites\/14\/2025\/02\/IMG-20250208-WA0002-721x1024.jpg\" title=\"Img 20250208 Wa0002\">\n                            <img class=\"img-full\" src=\"https:\/\/www.vkd.com\/lv-bayern\/wp-content\/uploads\/sites\/14\/2025\/02\/IMG-20250208-WA0002-721x1024.jpg\" title=\"Galerie bei Bild 1 \u00f6ffnen\" alt=\"Img 20250208 Wa0002\"\/>\n                        <\/a>\n                    <\/div>\n                                    <div class=\"item\">\n                        <a href=\"https:\/\/www.vkd.com\/lv-bayern\/wp-content\/uploads\/sites\/14\/2025\/02\/IMG-20250208-WA0003-461x1024.jpg\" title=\"Img 20250208 Wa0003\">\n                            <img class=\"img-full\" src=\"https:\/\/www.vkd.com\/lv-bayern\/wp-content\/uploads\/sites\/14\/2025\/02\/IMG-20250208-WA0003-461x1024.jpg\" title=\"Galerie bei Bild 2 \u00f6ffnen\" alt=\"Img 20250208 Wa0003\"\/>\n                        <\/a>\n                    <\/div>\n                                    <div class=\"item\">\n                        <a href=\"https:\/\/www.vkd.com\/lv-bayern\/wp-content\/uploads\/sites\/14\/2025\/02\/IMG-20250208-WA0004-1024x1024.jpg\" title=\"Img 20250208 Wa0004\">\n                            <img class=\"img-full\" src=\"https:\/\/www.vkd.com\/lv-bayern\/wp-content\/uploads\/sites\/14\/2025\/02\/IMG-20250208-WA0004-1024x1024.jpg\" title=\"Galerie bei Bild 3 \u00f6ffnen\" alt=\"Img 20250208 Wa0004\"\/>\n                        <\/a>\n                    <\/div>\n                                    <div class=\"item\">\n                        <a href=\"https:\/\/www.vkd.com\/lv-bayern\/wp-content\/uploads\/sites\/14\/2025\/02\/IMG-20250208-WA0005-1024x1024.jpg\" title=\"Img 20250208 Wa0005\">\n                            <img class=\"img-full\" src=\"https:\/\/www.vkd.com\/lv-bayern\/wp-content\/uploads\/sites\/14\/2025\/02\/IMG-20250208-WA0005-1024x1024.jpg\" title=\"Galerie bei Bild 4 \u00f6ffnen\" alt=\"Img 20250208 Wa0005\"\/>\n                        <\/a>\n                    <\/div>\n                                    <div class=\"item\">\n                        <a href=\"https:\/\/www.vkd.com\/lv-bayern\/wp-content\/uploads\/sites\/14\/2025\/02\/IMG-20250208-WA0006-1024x1024.jpg\" title=\"Img 20250208 Wa0006\">\n                            <img class=\"img-full\" src=\"https:\/\/www.vkd.com\/lv-bayern\/wp-content\/uploads\/sites\/14\/2025\/02\/IMG-20250208-WA0006-1024x1024.jpg\" title=\"Galerie bei Bild 5 \u00f6ffnen\" alt=\"Img 20250208 Wa0006\"\/>\n                        <\/a>\n                    <\/div>\n                                    <div class=\"item\">\n                        <a href=\"https:\/\/www.vkd.com\/lv-bayern\/wp-content\/uploads\/sites\/14\/2025\/02\/IMG-20250208-WA0007-1024x1024.jpg\" title=\"Img 20250208 Wa0007\">\n                            <img class=\"img-full\" src=\"https:\/\/www.vkd.com\/lv-bayern\/wp-content\/uploads\/sites\/14\/2025\/02\/IMG-20250208-WA0007-1024x1024.jpg\" title=\"Galerie bei Bild 6 \u00f6ffnen\" alt=\"Img 20250208 Wa0007\"\/>\n                        <\/a>\n                    <\/div>\n                                    <div class=\"item\">\n                        <a href=\"https:\/\/www.vkd.com\/lv-bayern\/wp-content\/uploads\/sites\/14\/2025\/02\/IMG-20250208-WA0008-1024x1024.jpg\" title=\"Img 20250208 Wa0008\">\n                            <img class=\"img-full\" src=\"https:\/\/www.vkd.com\/lv-bayern\/wp-content\/uploads\/sites\/14\/2025\/02\/IMG-20250208-WA0008-1024x1024.jpg\" title=\"Galerie bei Bild 7 \u00f6ffnen\" alt=\"Img 20250208 Wa0008\"\/>\n                        <\/a>\n                    <\/div>\n                                    <div class=\"item\">\n                        <a href=\"https:\/\/www.vkd.com\/lv-bayern\/wp-content\/uploads\/sites\/14\/2025\/02\/IMG-20250208-WA0009-768x1024.jpg\" title=\"Img 20250208 Wa0009\">\n                            <img class=\"img-full\" src=\"https:\/\/www.vkd.com\/lv-bayern\/wp-content\/uploads\/sites\/14\/2025\/02\/IMG-20250208-WA0009-768x1024.jpg\" title=\"Galerie bei Bild 8 \u00f6ffnen\" alt=\"Img 20250208 Wa0009\"\/>\n                        <\/a>\n                    <\/div>\n                                    <div class=\"item\">\n                        <a href=\"https:\/\/www.vkd.com\/lv-bayern\/wp-content\/uploads\/sites\/14\/2025\/02\/IMG-20250208-WA0010-1024x768.jpg\" title=\"Img 20250208 Wa0010\">\n                            <img class=\"img-full\" src=\"https:\/\/www.vkd.com\/lv-bayern\/wp-content\/uploads\/sites\/14\/2025\/02\/IMG-20250208-WA0010-1024x768.jpg\" title=\"Galerie bei Bild 9 \u00f6ffnen\" alt=\"Img 20250208 Wa0010\"\/>\n                        <\/a>\n                    <\/div>\n                                    <div class=\"item\">\n                        <a href=\"https:\/\/www.vkd.com\/lv-bayern\/wp-content\/uploads\/sites\/14\/2025\/02\/IMG-20250208-WA0011-1024x768.jpg\" title=\"Img 20250208 Wa0011\">\n                            <img class=\"img-full\" src=\"https:\/\/www.vkd.com\/lv-bayern\/wp-content\/uploads\/sites\/14\/2025\/02\/IMG-20250208-WA0011-1024x768.jpg\" title=\"Galerie bei Bild 10 \u00f6ffnen\" alt=\"Img 20250208 Wa0011\"\/>\n                        <\/a>\n                    <\/div>\n                                    <div class=\"item\">\n                        <a href=\"https:\/\/www.vkd.com\/lv-bayern\/wp-content\/uploads\/sites\/14\/2025\/02\/IMG-20250208-WA0012-1024x768.jpg\" title=\"Img 20250208 Wa0012\">\n                            <img class=\"img-full\" src=\"https:\/\/www.vkd.com\/lv-bayern\/wp-content\/uploads\/sites\/14\/2025\/02\/IMG-20250208-WA0012-1024x768.jpg\" title=\"Galerie bei Bild 11 \u00f6ffnen\" alt=\"Img 20250208 Wa0012\"\/>\n                        <\/a>\n                    <\/div>\n                                    <div class=\"item\">\n                        <a href=\"https:\/\/www.vkd.com\/lv-bayern\/wp-content\/uploads\/sites\/14\/2025\/02\/IMG-20250208-WA0013-768x1024.jpg\" title=\"Img 20250208 Wa0013\">\n                            <img class=\"img-full\" src=\"https:\/\/www.vkd.com\/lv-bayern\/wp-content\/uploads\/sites\/14\/2025\/02\/IMG-20250208-WA0013-768x1024.jpg\" title=\"Galerie bei Bild 12 \u00f6ffnen\" alt=\"Img 20250208 Wa0013\"\/>\n                        <\/a>\n                    <\/div>\n                                    <div class=\"item\">\n                        <a href=\"https:\/\/www.vkd.com\/lv-bayern\/wp-content\/uploads\/sites\/14\/2025\/02\/IMG-20250208-WA0014-1024x768.jpg\" title=\"Img 20250208 Wa0014\">\n                            <img class=\"img-full\" src=\"https:\/\/www.vkd.com\/lv-bayern\/wp-content\/uploads\/sites\/14\/2025\/02\/IMG-20250208-WA0014-1024x768.jpg\" title=\"Galerie bei Bild 13 \u00f6ffnen\" alt=\"Img 20250208 Wa0014\"\/>\n                        <\/a>\n                    <\/div>\n                                    <div class=\"item\">\n                        <a href=\"https:\/\/www.vkd.com\/lv-bayern\/wp-content\/uploads\/sites\/14\/2025\/02\/IMG-20250208-WA0015-768x1024.jpg\" title=\"Img 20250208 Wa0015\">\n                            <img class=\"img-full\" src=\"https:\/\/www.vkd.com\/lv-bayern\/wp-content\/uploads\/sites\/14\/2025\/02\/IMG-20250208-WA0015-768x1024.jpg\" title=\"Galerie bei Bild 14 \u00f6ffnen\" alt=\"Img 20250208 Wa0015\"\/>\n                        <\/a>\n                    <\/div>\n                                    <div class=\"item\">\n                        <a href=\"https:\/\/www.vkd.com\/lv-bayern\/wp-content\/uploads\/sites\/14\/2025\/02\/IMG-20250208-WA0016-1024x768.jpg\" title=\"Img 20250208 Wa0016\">\n                            <img class=\"img-full\" src=\"https:\/\/www.vkd.com\/lv-bayern\/wp-content\/uploads\/sites\/14\/2025\/02\/IMG-20250208-WA0016-1024x768.jpg\" title=\"Galerie bei Bild 15 \u00f6ffnen\" alt=\"Img 20250208 Wa0016\"\/>\n                        <\/a>\n                    <\/div>\n                                    <div class=\"item\">\n                        <a href=\"https:\/\/www.vkd.com\/lv-bayern\/wp-content\/uploads\/sites\/14\/2025\/02\/IMG-20250208-WA0017-768x1024.jpg\" title=\"Img 20250208 Wa0017\">\n                            <img class=\"img-full\" src=\"https:\/\/www.vkd.com\/lv-bayern\/wp-content\/uploads\/sites\/14\/2025\/02\/IMG-20250208-WA0017-768x1024.jpg\" title=\"Galerie bei Bild 16 \u00f6ffnen\" alt=\"Img 20250208 Wa0017\"\/>\n                        <\/a>\n                    <\/div>\n                                    <div class=\"item\">\n                        <a href=\"https:\/\/www.vkd.com\/lv-bayern\/wp-content\/uploads\/sites\/14\/2025\/02\/IMG-20250208-WA0018-768x1024.jpg\" title=\"Img 20250208 Wa0018\">\n                            <img class=\"img-full\" src=\"https:\/\/www.vkd.com\/lv-bayern\/wp-content\/uploads\/sites\/14\/2025\/02\/IMG-20250208-WA0018-768x1024.jpg\" title=\"Galerie bei Bild 17 \u00f6ffnen\" alt=\"Img 20250208 Wa0018\"\/>\n                        <\/a>\n                    <\/div>\n                                    <div class=\"item\">\n                        <a href=\"https:\/\/www.vkd.com\/lv-bayern\/wp-content\/uploads\/sites\/14\/2025\/02\/IMG-20250208-WA0019-768x1024.jpg\" title=\"Img 20250208 Wa0019\">\n                            <img class=\"img-full\" src=\"https:\/\/www.vkd.com\/lv-bayern\/wp-content\/uploads\/sites\/14\/2025\/02\/IMG-20250208-WA0019-768x1024.jpg\" title=\"Galerie bei Bild 18 \u00f6ffnen\" alt=\"Img 20250208 Wa0019\"\/>\n                        <\/a>\n                    <\/div>\n                                    <div class=\"item\">\n                        <a href=\"https:\/\/www.vkd.com\/lv-bayern\/wp-content\/uploads\/sites\/14\/2025\/02\/IMG-20250208-WA0020-1024x768.jpg\" title=\"Img 20250208 Wa0020\">\n                            <img class=\"img-full\" src=\"https:\/\/www.vkd.com\/lv-bayern\/wp-content\/uploads\/sites\/14\/2025\/02\/IMG-20250208-WA0020-1024x768.jpg\" title=\"Galerie bei Bild 19 \u00f6ffnen\" alt=\"Img 20250208 Wa0020\"\/>\n                        <\/a>\n                    <\/div>\n                            <\/div>\n        <\/div>\n    <\/div>\n<\/div>\n\n\n","protected":false},"excerpt":{"rendered":"<p>Am 06.02.2025 fand in der Berufsschule Aschaffenburg die sechste Ausgabe des Edgar Fuchs Award statt. Die Mittagsveranstaltung, organisiert vom K\u00f6che Verein Aschaffenburg-Miltenberg unter der Leitung von Vorsitzendem Nico Sch\u00f6nfeld, bot eine spannende Mischung aus kulinarischen Gen\u00fcssen und innovativen Konzepten. Benannt nach dem renommierten Gastronomie-Pionier Edgar Fuchs, w\u00fcrdigte der Award erneut herausragende Leistungen in der regionalen&#8230;<\/p>\n","protected":false},"author":1955,"featured_media":696,"comment_status":"closed","ping_status":"open","sticky":false,"template":"","format":"standard","meta":[],"categories":[1],"tags":[],"yoast_head":"<!-- This site is optimized with the Yoast SEO plugin v20.0 - https:\/\/yoast.com\/wordpress\/plugins\/seo\/ -->\n<title>Edgar Fuchs Award 2025 \u2013 Sechste Ausgabe in Aschaffenburg - Landesverband der K\u00f6che Bayern<\/title>\n<meta name=\"robots\" content=\"noindex, follow, max-snippet:-1, max-image-preview:large, max-video-preview:-1\" \/>\n<meta property=\"og:locale\" content=\"de_DE\" \/>\n<meta property=\"og:type\" content=\"article\" \/>\n<meta property=\"og:title\" content=\"Edgar Fuchs Award 2025 \u2013 Sechste Ausgabe in Aschaffenburg - Landesverband der K\u00f6che Bayern\" \/>\n<meta property=\"og:description\" content=\"Am 06.02.2025 fand in der Berufsschule Aschaffenburg die sechste Ausgabe des Edgar Fuchs Award statt. Die Mittagsveranstaltung, organisiert vom K\u00f6che Verein Aschaffenburg-Miltenberg unter der Leitung von Vorsitzendem Nico Sch\u00f6nfeld, bot eine spannende Mischung aus kulinarischen Gen\u00fcssen und innovativen Konzepten. Benannt nach dem renommierten Gastronomie-Pionier Edgar Fuchs, w\u00fcrdigte der Award erneut herausragende Leistungen in der regionalen...\" \/>\n<meta property=\"og:url\" content=\"https:\/\/www.vkd.com\/lv-bayern\/news\/edgar-fuchs-award-2025-sechste-ausgabe-in-aschaffenburg\/\" \/>\n<meta property=\"og:site_name\" content=\"Landesverband der K\u00f6che Bayern\" \/>\n<meta property=\"article:published_time\" content=\"2025-02-11T16:01:00+00:00\" \/>\n<meta property=\"og:image\" content=\"https:\/\/www.vkd.com\/lv-bayern\/wp-content\/uploads\/sites\/14\/2024\/08\/307302901_154630123918201_2024424445759215583_n.png\" \/>\n\t<meta property=\"og:image:width\" content=\"211\" \/>\n\t<meta property=\"og:image:height\" content=\"187\" \/>\n\t<meta property=\"og:image:type\" content=\"image\/png\" \/>\n<meta name=\"author\" content=\"Kostadinov Alexander\" \/>\n<meta name=\"twitter:card\" content=\"summary_large_image\" \/>\n<meta name=\"twitter:label1\" content=\"Verfasst von\" \/>\n\t<meta name=\"twitter:data1\" content=\"Kostadinov Alexander\" \/>\n\t<meta name=\"twitter:label2\" content=\"Gesch\u00e4tzte Lesezeit\" \/>\n\t<meta name=\"twitter:data2\" content=\"1\u00a0Minute\" \/>\n<script type=\"application\/ld+json\" class=\"yoast-schema-graph\">{\"@context\":\"https:\/\/schema.org\",\"@graph\":[{\"@type\":\"WebPage\",\"@id\":\"https:\/\/www.vkd.com\/lv-bayern\/news\/edgar-fuchs-award-2025-sechste-ausgabe-in-aschaffenburg\/\",\"url\":\"https:\/\/www.vkd.com\/lv-bayern\/news\/edgar-fuchs-award-2025-sechste-ausgabe-in-aschaffenburg\/\",\"name\":\"Edgar Fuchs Award 2025 \u2013 Sechste Ausgabe in Aschaffenburg - Landesverband der K\u00f6che Bayern\",\"isPartOf\":{\"@id\":\"https:\/\/www.vkd.com\/lv-bayern\/#website\"},\"datePublished\":\"2025-02-11T16:01:00+00:00\",\"dateModified\":\"2025-02-11T16:01:00+00:00\",\"author\":{\"@id\":\"https:\/\/www.vkd.com\/lv-bayern\/#\/schema\/person\/19c4bb106ca4de98c60e2cb5ac7f572f\"},\"breadcrumb\":{\"@id\":\"https:\/\/www.vkd.com\/lv-bayern\/news\/edgar-fuchs-award-2025-sechste-ausgabe-in-aschaffenburg\/#breadcrumb\"},\"inLanguage\":\"de\",\"potentialAction\":[{\"@type\":\"ReadAction\",\"target\":[\"https:\/\/www.vkd.com\/lv-bayern\/news\/edgar-fuchs-award-2025-sechste-ausgabe-in-aschaffenburg\/\"]}]},{\"@type\":\"BreadcrumbList\",\"@id\":\"https:\/\/www.vkd.com\/lv-bayern\/news\/edgar-fuchs-award-2025-sechste-ausgabe-in-aschaffenburg\/#breadcrumb\",\"itemListElement\":[{\"@type\":\"ListItem\",\"position\":1,\"name\":\"Startseite\",\"item\":\"https:\/\/www.vkd.com\/lv-bayern\/\"},{\"@type\":\"ListItem\",\"position\":2,\"name\":\"Edgar Fuchs Award 2025 \u2013 Sechste Ausgabe in Aschaffenburg\"}]},{\"@type\":\"WebSite\",\"@id\":\"https:\/\/www.vkd.com\/lv-bayern\/#website\",\"url\":\"https:\/\/www.vkd.com\/lv-bayern\/\",\"name\":\"Landesverband der K\u00f6che Bayern\",\"description\":\"Landesverband im Verband der K\u00f6che Deutschlands e.V.\",\"potentialAction\":[{\"@type\":\"SearchAction\",\"target\":{\"@type\":\"EntryPoint\",\"urlTemplate\":\"https:\/\/www.vkd.com\/lv-bayern\/?s={search_term_string}\"},\"query-input\":\"required name=search_term_string\"}],\"inLanguage\":\"de\"},{\"@type\":\"Person\",\"@id\":\"https:\/\/www.vkd.com\/lv-bayern\/#\/schema\/person\/19c4bb106ca4de98c60e2cb5ac7f572f\",\"name\":\"Kostadinov Alexander\",\"image\":{\"@type\":\"ImageObject\",\"inLanguage\":\"de\",\"@id\":\"https:\/\/www.vkd.com\/lv-bayern\/#\/schema\/person\/image\/\",\"url\":\"https:\/\/secure.gravatar.com\/avatar\/b0cb85e5c215fe1114e6d2404492358d?s=96&d=mm&r=g\",\"contentUrl\":\"https:\/\/secure.gravatar.com\/avatar\/b0cb85e5c215fe1114e6d2404492358d?s=96&d=mm&r=g\",\"caption\":\"Kostadinov Alexander\"},\"url\":\"https:\/\/www.vkd.com\/lv-bayern\/news\/author\/gentscher-jungentscher-de\/\"}]}<\/script>\n<!-- \/ Yoast SEO plugin. -->","yoast_head_json":{"title":"Edgar Fuchs Award 2025 \u2013 Sechste Ausgabe in Aschaffenburg - Landesverband der K\u00f6che Bayern","robots":{"index":"noindex","follow":"follow","max-snippet":"max-snippet:-1","max-image-preview":"max-image-preview:large","max-video-preview":"max-video-preview:-1"},"og_locale":"de_DE","og_type":"article","og_title":"Edgar Fuchs Award 2025 \u2013 Sechste Ausgabe in Aschaffenburg - Landesverband der K\u00f6che Bayern","og_description":"Am 06.02.2025 fand in der Berufsschule Aschaffenburg die sechste Ausgabe des Edgar Fuchs Award statt. Die Mittagsveranstaltung, organisiert vom K\u00f6che Verein Aschaffenburg-Miltenberg unter der Leitung von Vorsitzendem Nico Sch\u00f6nfeld, bot eine spannende Mischung aus kulinarischen Gen\u00fcssen und innovativen Konzepten. Benannt nach dem renommierten Gastronomie-Pionier Edgar Fuchs, w\u00fcrdigte der Award erneut herausragende Leistungen in der regionalen...","og_url":"https:\/\/www.vkd.com\/lv-bayern\/news\/edgar-fuchs-award-2025-sechste-ausgabe-in-aschaffenburg\/","og_site_name":"Landesverband der K\u00f6che Bayern","article_published_time":"2025-02-11T16:01:00+00:00","og_image":[{"width":211,"height":187,"url":"https:\/\/www.vkd.com\/lv-bayern\/wp-content\/uploads\/sites\/14\/2024\/08\/307302901_154630123918201_2024424445759215583_n.png","type":"image\/png"}],"author":"Kostadinov Alexander","twitter_card":"summary_large_image","twitter_misc":{"Verfasst von":"Kostadinov Alexander","Gesch\u00e4tzte Lesezeit":"1\u00a0Minute"},"schema":{"@context":"https:\/\/schema.org","@graph":[{"@type":"WebPage","@id":"https:\/\/www.vkd.com\/lv-bayern\/news\/edgar-fuchs-award-2025-sechste-ausgabe-in-aschaffenburg\/","url":"https:\/\/www.vkd.com\/lv-bayern\/news\/edgar-fuchs-award-2025-sechste-ausgabe-in-aschaffenburg\/","name":"Edgar Fuchs Award 2025 \u2013 Sechste Ausgabe in Aschaffenburg - Landesverband der K\u00f6che Bayern","isPartOf":{"@id":"https:\/\/www.vkd.com\/lv-bayern\/#website"},"datePublished":"2025-02-11T16:01:00+00:00","dateModified":"2025-02-11T16:01:00+00:00","author":{"@id":"https:\/\/www.vkd.com\/lv-bayern\/#\/schema\/person\/19c4bb106ca4de98c60e2cb5ac7f572f"},"breadcrumb":{"@id":"https:\/\/www.vkd.com\/lv-bayern\/news\/edgar-fuchs-award-2025-sechste-ausgabe-in-aschaffenburg\/#breadcrumb"},"inLanguage":"de","potentialAction":[{"@type":"ReadAction","target":["https:\/\/www.vkd.com\/lv-bayern\/news\/edgar-fuchs-award-2025-sechste-ausgabe-in-aschaffenburg\/"]}]},{"@type":"BreadcrumbList","@id":"https:\/\/www.vkd.com\/lv-bayern\/news\/edgar-fuchs-award-2025-sechste-ausgabe-in-aschaffenburg\/#breadcrumb","itemListElement":[{"@type":"ListItem","position":1,"name":"Startseite","item":"https:\/\/www.vkd.com\/lv-bayern\/"},{"@type":"ListItem","position":2,"name":"Edgar Fuchs Award 2025 \u2013 Sechste Ausgabe in Aschaffenburg"}]},{"@type":"WebSite","@id":"https:\/\/www.vkd.com\/lv-bayern\/#website","url":"https:\/\/www.vkd.com\/lv-bayern\/","name":"Landesverband der K\u00f6che Bayern","description":"Landesverband im Verband der K\u00f6che Deutschlands e.V.","potentialAction":[{"@type":"SearchAction","target":{"@type":"EntryPoint","urlTemplate":"https:\/\/www.vkd.com\/lv-bayern\/?s={search_term_string}"},"query-input":"required name=search_term_string"}],"inLanguage":"de"},{"@type":"Person","@id":"https:\/\/www.vkd.com\/lv-bayern\/#\/schema\/person\/19c4bb106ca4de98c60e2cb5ac7f572f","name":"Kostadinov Alexander","image":{"@type":"ImageObject","inLanguage":"de","@id":"https:\/\/www.vkd.com\/lv-bayern\/#\/schema\/person\/image\/","url":"https:\/\/secure.gravatar.com\/avatar\/b0cb85e5c215fe1114e6d2404492358d?s=96&d=mm&r=g","contentUrl":"https:\/\/secure.gravatar.com\/avatar\/b0cb85e5c215fe1114e6d2404492358d?s=96&d=mm&r=g","caption":"Kostadinov Alexander"},"url":"https:\/\/www.vkd.com\/lv-bayern\/news\/author\/gentscher-jungentscher-de\/"}]}},"_links":{"self":[{"href":"https:\/\/www.vkd.com\/lv-bayern\/wp-json\/wp\/v2\/posts\/1277"}],"collection":[{"href":"https:\/\/www.vkd.com\/lv-bayern\/wp-json\/wp\/v2\/posts"}],"about":[{"href":"https:\/\/www.vkd.com\/lv-bayern\/wp-json\/wp\/v2\/types\/post"}],"author":[{"embeddable":true,"href":"https:\/\/www.vkd.com\/lv-bayern\/wp-json\/wp\/v2\/users\/1955"}],"replies":[{"embeddable":true,"href":"https:\/\/www.vkd.com\/lv-bayern\/wp-json\/wp\/v2\/comments?post=1277"}],"version-history":[{"count":2,"href":"https:\/\/www.vkd.com\/lv-bayern\/wp-json\/wp\/v2\/posts\/1277\/revisions"}],"predecessor-version":[{"id":1299,"href":"https:\/\/www.vkd.com\/lv-bayern\/wp-json\/wp\/v2\/posts\/1277\/revisions\/1299"}],"wp:featuredmedia":[{"embeddable":true,"href":"https:\/\/www.vkd.com\/lv-bayern\/wp-json\/wp\/v2\/media\/696"}],"wp:attachment":[{"href":"https:\/\/www.vkd.com\/lv-bayern\/wp-json\/wp\/v2\/media?parent=1277"}],"wp:term":[{"taxonomy":"category","embeddable":true,"href":"https:\/\/www.vkd.com\/lv-bayern\/wp-json\/wp\/v2\/categories?post=1277"},{"taxonomy":"post_tag","embeddable":true,"href":"https:\/\/www.vkd.com\/lv-bayern\/wp-json\/wp\/v2\/tags?post=1277"}],"curies":[{"name":"wp","href":"https:\/\/api.w.org\/{rel}","templated":true}]}}