{"id":1263,"date":"2025-02-06T16:43:04","date_gmt":"2025-02-06T15:43:04","guid":{"rendered":"https:\/\/www.vkd.com\/lv-bayern\/?p=1263"},"modified":"2025-02-06T16:44:32","modified_gmt":"2025-02-06T15:44:32","slug":"fischessen-des-club-der-koeche-donau-ries-e-v","status":"publish","type":"post","link":"https:\/\/www.vkd.com\/lv-bayern\/news\/fischessen-des-club-der-koeche-donau-ries-e-v\/","title":{"rendered":"Fischessen des Club der K\u00f6che Donau-Ries e.V."},"content":{"rendered":"<p><strong>Kulinarischer Hochgenuss beim traditionellen Fischessen des Club der K\u00f6che Donau-Ries e.V.<\/strong><br \/>\nEin Abend voller exquisiter Aromen, handwerklicher Perfektion und kulinarischer Leidenschaft: Das traditionelle Fischessen des Club der K\u00f6che Donau-Ries e.V. begeisterte auch in diesem Jahr mit einer herausragenden Auswahl an raffinierten Fischgerichten. Zahlreiche Besucher genossen die besondere Atmosph\u00e4re und lobten die regionale Verwurzelung der K\u00fcche.<br \/>\nEin festliches Men\u00fc mit regionalen Zutaten.<\/p>\n<p>Mit viel Liebe zum Detail und einer exquisiten Auswahl an Zutaten aus der Region wurde ein vierg\u00e4ngiges Men\u00fc kreiert, das die Vielfalt der heimischen Fischk\u00fcche eindrucksvoll unter Beweis stellte:<\/p>\n<blockquote><p>\u2022 Amuse-Bouche: Anger\u00e4uchertes Forellenfilet mit Meerrettich und Knusper-Segel<br \/>\n\u2022 Vorspeise: Graupensuppe mit feinen Gem\u00fcsew\u00fcrfeln und einem Garnelenspie\u00df<br \/>\n\u2022 Hauptgang: Pochierte Rolle von Hecht und Lachs mit Riesling-Rahm, rosa Pfeffer, Kohlrabi und Kartoffelpl\u00e4tzchen<br \/>\n\u2022 Dessert: Cr\u00eape Suzette mit Vanilleeis<\/p><\/blockquote>\n<p>Jeder Gang war eine Komposition aus hochwertigen, frischen Zutaten. Die r\u00e4ucherige Note der Forelle aus heimischen Gew\u00e4ssern harmonierte perfekt mit der Sch\u00e4rfe des regionalen Meerrettichs, w\u00e4hrend die nussige Textur der Graupen aus der Region einen gelungenen Kontrast zur zarten Garnelens\u00fc\u00dfe bot. Der Hauptgang begeisterte mit der au\u00dfergew\u00f6hnlichen Kombination aus feinem Hecht und saftigem Lachs, begleitet von frischem Kohlrabi und knusprigen Kartoffelpl\u00e4tzchen aus regionalem Anbau. Den kr\u00f6nenden Abschluss bildete die flambierte Cr\u00eape Suzette, die mit ihrer karamellisierten Orangensauce und dem cremigen Vanilleeis f\u00fcr einen Hauch von franz\u00f6sischer Eleganz sorgte.<br \/>\nEin Abend der Geselligkeit und des Genusses.<\/p>\n<p>Neben den k\u00f6stlichen Speisen war es vor allem die ausgelassene Atmosph\u00e4re, die den Abend zu einem besonderen Erlebnis machte. Zahlreiche Besucher lobten die gelungene Kombination aus regionaler Kochkunst, geselliger Stimmung und kulinarischer Raffinesse. In geselliger Runde wurden Erfahrungen ausgetauscht, Fachgespr\u00e4che gef\u00fchrt und neue Kontakte gekn\u00fcpft. Das Fischessen zeigte einmal mehr, dass kulinarische Kunst nicht nur den Gaumen erfreut, sondern auch Menschen verbindet.<\/p>\n<p>Der Club der K\u00f6che Donau-Ries e.V. bewies mit diesem Event erneut seine Leidenschaft f\u00fcr exzellente Kochkunst und feine Geschmackserlebnisse. Die Vorfreude auf das n\u00e4chste Veranstaltung ist bereits jetzt gro\u00df!<\/p>\n<p>Wir bedanken uns bei allen Beteiligten f\u00fcr diesen unvergesslichen Abend!<\/p>\n<p>Informationen zur Mitgliedschaft oder zur Ausbildung bekommen Sie auf unserer Homepage <a href=\"http:\/\/www.kochclub-donau-ries.com\" target=\"_blank\" rel=\"noopener\">www.kochclub-donau-ries.com<\/a><\/p>\n\n<div id=\"gallery-1264\" class=\"vkdgal-gallery-wrap gallery-grid \">\n    <div class=\"col-md-12\">\n        <div class=\"row\">\n            <div class=\"gal\" data-featherlight-gallery style=\"display: grid; grid-template-columns: repeat(3, 1fr); grid-column-gap: 10px;\">\n                                    <div class=\"item\">\n                        <a href=\"https:\/\/www.vkd.com\/lv-bayern\/wp-content\/uploads\/sites\/14\/2025\/02\/Amuse-Forelle-1024x768.jpg\" title=\"Amuse Forelle\">\n                            <img class=\"img-full\" src=\"https:\/\/www.vkd.com\/lv-bayern\/wp-content\/uploads\/sites\/14\/2025\/02\/Amuse-Forelle-1024x768.jpg\" title=\"Galerie bei Bild 1 \u00f6ffnen\" alt=\"Amuse Forelle\"\/>\n                        <\/a>\n                    <\/div>\n                                    <div class=\"item\">\n                        <a href=\"https:\/\/www.vkd.com\/lv-bayern\/wp-content\/uploads\/sites\/14\/2025\/02\/Crepe-Suzette-II-1024x768.jpg\" title=\"Crepe Suzette Ii\">\n                            <img class=\"img-full\" src=\"https:\/\/www.vkd.com\/lv-bayern\/wp-content\/uploads\/sites\/14\/2025\/02\/Crepe-Suzette-II-1024x768.jpg\" title=\"Galerie bei Bild 2 \u00f6ffnen\" alt=\"Crepe Suzette Ii\"\/>\n                        <\/a>\n                    <\/div>\n                                    <div class=\"item\">\n                        <a href=\"https:\/\/www.vkd.com\/lv-bayern\/wp-content\/uploads\/sites\/14\/2025\/02\/Fischessen-Hauptgang-1024x768.jpg\" title=\"Fischessen Hauptgang\">\n                            <img class=\"img-full\" src=\"https:\/\/www.vkd.com\/lv-bayern\/wp-content\/uploads\/sites\/14\/2025\/02\/Fischessen-Hauptgang-1024x768.jpg\" title=\"Galerie bei Bild 3 \u00f6ffnen\" alt=\"Fischessen Hauptgang\"\/>\n                        <\/a>\n                    <\/div>\n                                    <div class=\"item\">\n                        <a href=\"https:\/\/www.vkd.com\/lv-bayern\/wp-content\/uploads\/sites\/14\/2025\/02\/Graupensuppe-1024x632.jpg\" title=\"Graupensuppe\">\n                            <img class=\"img-full\" src=\"https:\/\/www.vkd.com\/lv-bayern\/wp-content\/uploads\/sites\/14\/2025\/02\/Graupensuppe-1024x632.jpg\" title=\"Galerie bei Bild 4 \u00f6ffnen\" alt=\"Graupensuppe\"\/>\n                        <\/a>\n                    <\/div>\n                                    <div class=\"item\">\n                        <a href=\"https:\/\/www.vkd.com\/lv-bayern\/wp-content\/uploads\/sites\/14\/2025\/02\/Menuekarte-2-708x1024.jpg\" title=\"Men\u00fckarte (2)\">\n                            <img class=\"img-full\" src=\"https:\/\/www.vkd.com\/lv-bayern\/wp-content\/uploads\/sites\/14\/2025\/02\/Menuekarte-2-708x1024.jpg\" title=\"Galerie bei Bild 5 \u00f6ffnen\" alt=\"Men\u00fckarte (2)\"\/>\n                        <\/a>\n                    <\/div>\n                                    <div class=\"item\">\n                        <a href=\"https:\/\/www.vkd.com\/lv-bayern\/wp-content\/uploads\/sites\/14\/2025\/02\/Menuekarte-4-708x1024.jpg\" title=\"Men\u00fckarte (4)\">\n                            <img class=\"img-full\" src=\"https:\/\/www.vkd.com\/lv-bayern\/wp-content\/uploads\/sites\/14\/2025\/02\/Menuekarte-4-708x1024.jpg\" title=\"Galerie bei Bild 6 \u00f6ffnen\" alt=\"Men\u00fckarte (4)\"\/>\n                        <\/a>\n                    <\/div>\n                            <\/div>\n        <\/div>\n    <\/div>\n<\/div>\n\n\n<p>&nbsp;<\/p>\n<p>Text Josef Meyer<br \/>\nBilder Josef Meyer und David Huse<\/p>\n","protected":false},"excerpt":{"rendered":"<p>Kulinarischer Hochgenuss beim traditionellen Fischessen des Club der K\u00f6che Donau-Ries e.V. Ein Abend voller exquisiter Aromen, handwerklicher Perfektion und kulinarischer Leidenschaft: Das traditionelle Fischessen des Club der K\u00f6che Donau-Ries e.V. begeisterte auch in diesem Jahr mit einer herausragenden Auswahl an raffinierten Fischgerichten. Zahlreiche Besucher genossen die besondere Atmosph\u00e4re und lobten die regionale Verwurzelung der K\u00fcche&#8230;.<\/p>\n","protected":false},"author":1955,"featured_media":708,"comment_status":"closed","ping_status":"open","sticky":false,"template":"","format":"standard","meta":[],"categories":[1],"tags":[6,5,20,7,19,9,11],"yoast_head":"<!-- This site is optimized with the Yoast SEO plugin v20.0 - https:\/\/yoast.com\/wordpress\/plugins\/seo\/ -->\n<title>Fischessen des Club der K\u00f6che Donau-Ries e.V. - Landesverband der K\u00f6che Bayern<\/title>\n<meta name=\"robots\" content=\"noindex, follow, max-snippet:-1, max-image-preview:large, max-video-preview:-1\" \/>\n<meta property=\"og:locale\" content=\"de_DE\" \/>\n<meta property=\"og:type\" content=\"article\" \/>\n<meta property=\"og:title\" content=\"Fischessen des Club der K\u00f6che Donau-Ries e.V. - Landesverband der K\u00f6che Bayern\" \/>\n<meta property=\"og:description\" content=\"Kulinarischer Hochgenuss beim traditionellen Fischessen des Club der K\u00f6che Donau-Ries e.V. Ein Abend voller exquisiter Aromen, handwerklicher Perfektion und kulinarischer Leidenschaft: Das traditionelle Fischessen des Club der K\u00f6che Donau-Ries e.V. begeisterte auch in diesem Jahr mit einer herausragenden Auswahl an raffinierten Fischgerichten. Zahlreiche Besucher genossen die besondere Atmosph\u00e4re und lobten die regionale Verwurzelung der K\u00fcche....\" \/>\n<meta property=\"og:url\" content=\"https:\/\/www.vkd.com\/lv-bayern\/news\/fischessen-des-club-der-koeche-donau-ries-e-v\/\" \/>\n<meta property=\"og:site_name\" content=\"Landesverband der K\u00f6che Bayern\" \/>\n<meta property=\"article:published_time\" content=\"2025-02-06T15:43:04+00:00\" \/>\n<meta property=\"article:modified_time\" content=\"2025-02-06T15:44:32+00:00\" \/>\n<meta property=\"og:image\" content=\"https:\/\/www.vkd.com\/lv-bayern\/wp-content\/uploads\/sites\/14\/2024\/08\/logo-1.jpg\" \/>\n\t<meta property=\"og:image:width\" content=\"273\" \/>\n\t<meta property=\"og:image:height\" content=\"232\" \/>\n\t<meta property=\"og:image:type\" content=\"image\/jpeg\" \/>\n<meta name=\"author\" content=\"Kostadinov Alexander\" \/>\n<meta name=\"twitter:card\" content=\"summary_large_image\" \/>\n<meta name=\"twitter:label1\" content=\"Verfasst von\" \/>\n\t<meta name=\"twitter:data1\" content=\"Kostadinov Alexander\" \/>\n\t<meta name=\"twitter:label2\" content=\"Gesch\u00e4tzte Lesezeit\" \/>\n\t<meta name=\"twitter:data2\" content=\"2\u00a0Minuten\" \/>\n<script type=\"application\/ld+json\" class=\"yoast-schema-graph\">{\"@context\":\"https:\/\/schema.org\",\"@graph\":[{\"@type\":\"WebPage\",\"@id\":\"https:\/\/www.vkd.com\/lv-bayern\/news\/fischessen-des-club-der-koeche-donau-ries-e-v\/\",\"url\":\"https:\/\/www.vkd.com\/lv-bayern\/news\/fischessen-des-club-der-koeche-donau-ries-e-v\/\",\"name\":\"Fischessen des Club der K\u00f6che Donau-Ries e.V. - Landesverband der K\u00f6che Bayern\",\"isPartOf\":{\"@id\":\"https:\/\/www.vkd.com\/lv-bayern\/#website\"},\"datePublished\":\"2025-02-06T15:43:04+00:00\",\"dateModified\":\"2025-02-06T15:44:32+00:00\",\"author\":{\"@id\":\"https:\/\/www.vkd.com\/lv-bayern\/#\/schema\/person\/19c4bb106ca4de98c60e2cb5ac7f572f\"},\"breadcrumb\":{\"@id\":\"https:\/\/www.vkd.com\/lv-bayern\/news\/fischessen-des-club-der-koeche-donau-ries-e-v\/#breadcrumb\"},\"inLanguage\":\"de\",\"potentialAction\":[{\"@type\":\"ReadAction\",\"target\":[\"https:\/\/www.vkd.com\/lv-bayern\/news\/fischessen-des-club-der-koeche-donau-ries-e-v\/\"]}]},{\"@type\":\"BreadcrumbList\",\"@id\":\"https:\/\/www.vkd.com\/lv-bayern\/news\/fischessen-des-club-der-koeche-donau-ries-e-v\/#breadcrumb\",\"itemListElement\":[{\"@type\":\"ListItem\",\"position\":1,\"name\":\"Startseite\",\"item\":\"https:\/\/www.vkd.com\/lv-bayern\/\"},{\"@type\":\"ListItem\",\"position\":2,\"name\":\"Fischessen des Club der K\u00f6che Donau-Ries e.V.\"}]},{\"@type\":\"WebSite\",\"@id\":\"https:\/\/www.vkd.com\/lv-bayern\/#website\",\"url\":\"https:\/\/www.vkd.com\/lv-bayern\/\",\"name\":\"Landesverband der K\u00f6che Bayern\",\"description\":\"Landesverband im Verband der K\u00f6che Deutschlands e.V.\",\"potentialAction\":[{\"@type\":\"SearchAction\",\"target\":{\"@type\":\"EntryPoint\",\"urlTemplate\":\"https:\/\/www.vkd.com\/lv-bayern\/?s={search_term_string}\"},\"query-input\":\"required name=search_term_string\"}],\"inLanguage\":\"de\"},{\"@type\":\"Person\",\"@id\":\"https:\/\/www.vkd.com\/lv-bayern\/#\/schema\/person\/19c4bb106ca4de98c60e2cb5ac7f572f\",\"name\":\"Kostadinov Alexander\",\"image\":{\"@type\":\"ImageObject\",\"inLanguage\":\"de\",\"@id\":\"https:\/\/www.vkd.com\/lv-bayern\/#\/schema\/person\/image\/\",\"url\":\"https:\/\/secure.gravatar.com\/avatar\/b0cb85e5c215fe1114e6d2404492358d?s=96&d=mm&r=g\",\"contentUrl\":\"https:\/\/secure.gravatar.com\/avatar\/b0cb85e5c215fe1114e6d2404492358d?s=96&d=mm&r=g\",\"caption\":\"Kostadinov Alexander\"},\"url\":\"https:\/\/www.vkd.com\/lv-bayern\/news\/author\/gentscher-jungentscher-de\/\"}]}<\/script>\n<!-- \/ Yoast SEO plugin. -->","yoast_head_json":{"title":"Fischessen des Club der K\u00f6che Donau-Ries e.V. - Landesverband der K\u00f6che Bayern","robots":{"index":"noindex","follow":"follow","max-snippet":"max-snippet:-1","max-image-preview":"max-image-preview:large","max-video-preview":"max-video-preview:-1"},"og_locale":"de_DE","og_type":"article","og_title":"Fischessen des Club der K\u00f6che Donau-Ries e.V. - Landesverband der K\u00f6che Bayern","og_description":"Kulinarischer Hochgenuss beim traditionellen Fischessen des Club der K\u00f6che Donau-Ries e.V. Ein Abend voller exquisiter Aromen, handwerklicher Perfektion und kulinarischer Leidenschaft: Das traditionelle Fischessen des Club der K\u00f6che Donau-Ries e.V. begeisterte auch in diesem Jahr mit einer herausragenden Auswahl an raffinierten Fischgerichten. Zahlreiche Besucher genossen die besondere Atmosph\u00e4re und lobten die regionale Verwurzelung der K\u00fcche....","og_url":"https:\/\/www.vkd.com\/lv-bayern\/news\/fischessen-des-club-der-koeche-donau-ries-e-v\/","og_site_name":"Landesverband der K\u00f6che Bayern","article_published_time":"2025-02-06T15:43:04+00:00","article_modified_time":"2025-02-06T15:44:32+00:00","og_image":[{"width":273,"height":232,"url":"https:\/\/www.vkd.com\/lv-bayern\/wp-content\/uploads\/sites\/14\/2024\/08\/logo-1.jpg","type":"image\/jpeg"}],"author":"Kostadinov Alexander","twitter_card":"summary_large_image","twitter_misc":{"Verfasst von":"Kostadinov Alexander","Gesch\u00e4tzte Lesezeit":"2\u00a0Minuten"},"schema":{"@context":"https:\/\/schema.org","@graph":[{"@type":"WebPage","@id":"https:\/\/www.vkd.com\/lv-bayern\/news\/fischessen-des-club-der-koeche-donau-ries-e-v\/","url":"https:\/\/www.vkd.com\/lv-bayern\/news\/fischessen-des-club-der-koeche-donau-ries-e-v\/","name":"Fischessen des Club der K\u00f6che Donau-Ries e.V. - Landesverband der K\u00f6che Bayern","isPartOf":{"@id":"https:\/\/www.vkd.com\/lv-bayern\/#website"},"datePublished":"2025-02-06T15:43:04+00:00","dateModified":"2025-02-06T15:44:32+00:00","author":{"@id":"https:\/\/www.vkd.com\/lv-bayern\/#\/schema\/person\/19c4bb106ca4de98c60e2cb5ac7f572f"},"breadcrumb":{"@id":"https:\/\/www.vkd.com\/lv-bayern\/news\/fischessen-des-club-der-koeche-donau-ries-e-v\/#breadcrumb"},"inLanguage":"de","potentialAction":[{"@type":"ReadAction","target":["https:\/\/www.vkd.com\/lv-bayern\/news\/fischessen-des-club-der-koeche-donau-ries-e-v\/"]}]},{"@type":"BreadcrumbList","@id":"https:\/\/www.vkd.com\/lv-bayern\/news\/fischessen-des-club-der-koeche-donau-ries-e-v\/#breadcrumb","itemListElement":[{"@type":"ListItem","position":1,"name":"Startseite","item":"https:\/\/www.vkd.com\/lv-bayern\/"},{"@type":"ListItem","position":2,"name":"Fischessen des Club der K\u00f6che Donau-Ries e.V."}]},{"@type":"WebSite","@id":"https:\/\/www.vkd.com\/lv-bayern\/#website","url":"https:\/\/www.vkd.com\/lv-bayern\/","name":"Landesverband der K\u00f6che Bayern","description":"Landesverband im Verband der K\u00f6che Deutschlands e.V.","potentialAction":[{"@type":"SearchAction","target":{"@type":"EntryPoint","urlTemplate":"https:\/\/www.vkd.com\/lv-bayern\/?s={search_term_string}"},"query-input":"required name=search_term_string"}],"inLanguage":"de"},{"@type":"Person","@id":"https:\/\/www.vkd.com\/lv-bayern\/#\/schema\/person\/19c4bb106ca4de98c60e2cb5ac7f572f","name":"Kostadinov Alexander","image":{"@type":"ImageObject","inLanguage":"de","@id":"https:\/\/www.vkd.com\/lv-bayern\/#\/schema\/person\/image\/","url":"https:\/\/secure.gravatar.com\/avatar\/b0cb85e5c215fe1114e6d2404492358d?s=96&d=mm&r=g","contentUrl":"https:\/\/secure.gravatar.com\/avatar\/b0cb85e5c215fe1114e6d2404492358d?s=96&d=mm&r=g","caption":"Kostadinov Alexander"},"url":"https:\/\/www.vkd.com\/lv-bayern\/news\/author\/gentscher-jungentscher-de\/"}]}},"_links":{"self":[{"href":"https:\/\/www.vkd.com\/lv-bayern\/wp-json\/wp\/v2\/posts\/1263"}],"collection":[{"href":"https:\/\/www.vkd.com\/lv-bayern\/wp-json\/wp\/v2\/posts"}],"about":[{"href":"https:\/\/www.vkd.com\/lv-bayern\/wp-json\/wp\/v2\/types\/post"}],"author":[{"embeddable":true,"href":"https:\/\/www.vkd.com\/lv-bayern\/wp-json\/wp\/v2\/users\/1955"}],"replies":[{"embeddable":true,"href":"https:\/\/www.vkd.com\/lv-bayern\/wp-json\/wp\/v2\/comments?post=1263"}],"version-history":[{"count":4,"href":"https:\/\/www.vkd.com\/lv-bayern\/wp-json\/wp\/v2\/posts\/1263\/revisions"}],"predecessor-version":[{"id":1274,"href":"https:\/\/www.vkd.com\/lv-bayern\/wp-json\/wp\/v2\/posts\/1263\/revisions\/1274"}],"wp:featuredmedia":[{"embeddable":true,"href":"https:\/\/www.vkd.com\/lv-bayern\/wp-json\/wp\/v2\/media\/708"}],"wp:attachment":[{"href":"https:\/\/www.vkd.com\/lv-bayern\/wp-json\/wp\/v2\/media?parent=1263"}],"wp:term":[{"taxonomy":"category","embeddable":true,"href":"https:\/\/www.vkd.com\/lv-bayern\/wp-json\/wp\/v2\/categories?post=1263"},{"taxonomy":"post_tag","embeddable":true,"href":"https:\/\/www.vkd.com\/lv-bayern\/wp-json\/wp\/v2\/tags?post=1263"}],"curies":[{"name":"wp","href":"https:\/\/api.w.org\/{rel}","templated":true}]}}