{"id":1218,"date":"2025-02-02T12:34:14","date_gmt":"2025-02-02T11:34:14","guid":{"rendered":"https:\/\/www.vkd.com\/lv-bayern\/?p=1218"},"modified":"2025-02-02T12:35:07","modified_gmt":"2025-02-02T11:35:07","slug":"neujahrstreffen-des-zv-inn-salzach-am-28-01-2025","status":"publish","type":"post","link":"https:\/\/www.vkd.com\/lv-bayern\/news\/neujahrstreffen-des-zv-inn-salzach-am-28-01-2025\/","title":{"rendered":"Neujahrstreffen des ZV Inn-Salzach am 28.01.2025"},"content":{"rendered":"<p><strong>Gelungener Neujahrsempfang: Ein Abend voller Austausch und Ehrungen<\/strong><\/p>\n<p>Am 28.01.2025 fand der diesj\u00e4hrige Neujahrsempfang des Zweigvereins Inn-Salzach in der festlich geschm\u00fcckten Bastei in M\u00fchldorf am Inn statt. Zahlreiche Berufskollegen und -kolleginnen aus verschiedenen Bereichen kamen zusammen, um das neue Jahr geb\u00fchrend zu begr\u00fc\u00dfen und sich in einem angenehmen Rahmen auszutauschen.<\/p>\n<p>Der Abend begann mit einem herzlichen Empfang, bei dem die G\u00e4ste die Gelegenheit hatten, sich bei einem Getr\u00e4nke kennenzulernen und alte Kontakte aufzufrischen. Die Atmosph\u00e4re war von Offenheit und Neugier gepr\u00e4gt, was zu einem regen Austausch \u00fcber aktuelle Themen und Herausforderungen in den jeweiligen Berufsfeldern f\u00fchrte.<\/p>\n<p><strong>Ein besonderer H\u00f6hepunkt des Abends war die Ehrung von Mitgliedern, die im vergangenen Jahren herausragende Leistungen erbracht haben. Gentscher Kostadinov wurden f\u00fcr sein Engagement und seine Verdienste zum Laurentiustag ausgezeichnet. Hierzu erhielt er die Ehrenmitgliedsurkunde. Ebenso freute sich auch Alexander Kostadinov \u00fcber eine Ehrung f\u00fcr seine T\u00e4tigkeit im Landesverband Bayern. Die Ehrungen wurden vom Ersten Vorsitzenden, Rainer Auer mit herzlichen Worten und gro\u00dfem Applaus begleitet.<\/strong><\/p>\n<p>Der Abend klang in geselliger Runde aus. Es wurde gelacht, diskutiert und neue Ideen f\u00fcr die kommenden Monate entwickelt. Die positive Stimmung und der Zusammenhalt unter den Berufskollegen machten diesen Neujahrsempfang zu einem unvergesslichen Erlebnis.<\/p>\n<p>Der ZV Inn-Salzach dankt allen Teilnehmern f\u00fcr ihr Kommen und freuen uns auf ein erfolgreiches Jahr voller gemeinsamer Projekte und inspirierender Begegnungen.<\/p>\n<p>&nbsp;<\/p>\n<blockquote><p><strong>Zitat des ersten Vorsitzenden Rainer Auer:<\/strong><br \/>\nDanke nochmal an alle Mitglieder vom K\u00f6cheverein! Steffi und Moritz von der Bastei in M\u00fchldorf f\u00fcr die Top Bewirtung \ud83d\udc4dund auch noch ein besonderes Danke an alle die heute nicht dabei sein konnten. Wir sind der beste Verein und ich h\u00e4tte mich gerne bei jedem pers\u00f6nlich bedankt. Aber die Gastronomie gibt es leider selten her alle Mitglieder zeitgleich in einen Raum zu bringen. Bis bald euer Rainer<\/p><\/blockquote>\n<p>&nbsp;<\/p>\n\n<div id=\"gallery-1220\" class=\"vkdgal-gallery-wrap gallery-grid \">\n    <div class=\"col-md-12\">\n        <div class=\"row\">\n            <div class=\"gal\" data-featherlight-gallery style=\"display: grid; grid-template-columns: repeat(3, 1fr); grid-column-gap: 10px;\">\n                                    <div class=\"item\">\n                        <a href=\"https:\/\/www.vkd.com\/lv-bayern\/wp-content\/uploads\/sites\/14\/2025\/02\/WhatsApp-Bild-2025-01-28-um-18.16.44_cbb6ad63-576x1024.jpg\" title=\"Whatsapp Bild 2025 01 28 Um 18.16.44 Cbb6ad63\">\n                            <img class=\"img-full\" src=\"https:\/\/www.vkd.com\/lv-bayern\/wp-content\/uploads\/sites\/14\/2025\/02\/WhatsApp-Bild-2025-01-28-um-18.16.44_cbb6ad63-576x1024.jpg\" title=\"Galerie bei Bild 1 \u00f6ffnen\" alt=\"Whatsapp Bild 2025 01 28 Um 18.16.44 Cbb6ad63\"\/>\n                        <\/a>\n                    <\/div>\n                                    <div class=\"item\">\n                        <a href=\"https:\/\/www.vkd.com\/lv-bayern\/wp-content\/uploads\/sites\/14\/2025\/02\/WhatsApp-Bild-2025-01-28-um-18.27.46_088d0d8d-768x1024.jpg\" title=\"Whatsapp Bild 2025 01 28 Um 18.27.46 088d0d8d\">\n                            <img class=\"img-full\" src=\"https:\/\/www.vkd.com\/lv-bayern\/wp-content\/uploads\/sites\/14\/2025\/02\/WhatsApp-Bild-2025-01-28-um-18.27.46_088d0d8d-768x1024.jpg\" title=\"Galerie bei Bild 2 \u00f6ffnen\" alt=\"Whatsapp Bild 2025 01 28 Um 18.27.46 088d0d8d\"\/>\n                        <\/a>\n                    <\/div>\n                                    <div class=\"item\">\n                        <a href=\"https:\/\/www.vkd.com\/lv-bayern\/wp-content\/uploads\/sites\/14\/2025\/02\/WhatsApp-Bild-2025-01-28-um-22.09.06_c67d5b5d-768x1024.jpg\" title=\"Whatsapp Bild 2025 01 28 Um 22.09.06 C67d5b5d\">\n                            <img class=\"img-full\" src=\"https:\/\/www.vkd.com\/lv-bayern\/wp-content\/uploads\/sites\/14\/2025\/02\/WhatsApp-Bild-2025-01-28-um-22.09.06_c67d5b5d-768x1024.jpg\" title=\"Galerie bei Bild 3 \u00f6ffnen\" alt=\"Whatsapp Bild 2025 01 28 Um 22.09.06 C67d5b5d\"\/>\n                        <\/a>\n                    <\/div>\n                                    <div class=\"item\">\n                        <a href=\"https:\/\/www.vkd.com\/lv-bayern\/wp-content\/uploads\/sites\/14\/2025\/02\/WhatsApp-Bild-2025-02-01-um-10.45.11_2f4be16d-768x1024.jpg\" title=\"Whatsapp Bild 2025 02 01 Um 10.45.11 2f4be16d\">\n                            <img class=\"img-full\" src=\"https:\/\/www.vkd.com\/lv-bayern\/wp-content\/uploads\/sites\/14\/2025\/02\/WhatsApp-Bild-2025-02-01-um-10.45.11_2f4be16d-768x1024.jpg\" title=\"Galerie bei Bild 4 \u00f6ffnen\" alt=\"Whatsapp Bild 2025 02 01 Um 10.45.11 2f4be16d\"\/>\n                        <\/a>\n                    <\/div>\n                                    <div class=\"item\">\n                        <a href=\"https:\/\/www.vkd.com\/lv-bayern\/wp-content\/uploads\/sites\/14\/2025\/02\/WhatsApp-Bild-2025-01-29-um-10.23.53_8e9ecab4-768x1024.jpg\" title=\"Whatsapp Bild 2025 01 29 Um 10.23.53 8e9ecab4\">\n                            <img class=\"img-full\" src=\"https:\/\/www.vkd.com\/lv-bayern\/wp-content\/uploads\/sites\/14\/2025\/02\/WhatsApp-Bild-2025-01-29-um-10.23.53_8e9ecab4-768x1024.jpg\" title=\"Galerie bei Bild 5 \u00f6ffnen\" alt=\"Whatsapp Bild 2025 01 29 Um 10.23.53 8e9ecab4\"\/>\n                        <\/a>\n                    <\/div>\n                                    <div class=\"item\">\n                        <a href=\"https:\/\/www.vkd.com\/lv-bayern\/wp-content\/uploads\/sites\/14\/2025\/02\/WhatsApp-Bild-2025-01-29-um-06.57.48_1467c61e-768x1024.jpg\" title=\"Whatsapp Bild 2025 01 29 Um 06.57.48 1467c61e\">\n                            <img class=\"img-full\" src=\"https:\/\/www.vkd.com\/lv-bayern\/wp-content\/uploads\/sites\/14\/2025\/02\/WhatsApp-Bild-2025-01-29-um-06.57.48_1467c61e-768x1024.jpg\" title=\"Galerie bei Bild 6 \u00f6ffnen\" alt=\"Whatsapp Bild 2025 01 29 Um 06.57.48 1467c61e\"\/>\n                        <\/a>\n                    <\/div>\n                                    <div class=\"item\">\n                        <a href=\"https:\/\/www.vkd.com\/lv-bayern\/wp-content\/uploads\/sites\/14\/2025\/02\/WhatsApp-Bild-2025-01-29-um-06.57.47_e81ecaad-1024x768.jpg\" title=\"Whatsapp Bild 2025 01 29 Um 06.57.47 E81ecaad\">\n                            <img class=\"img-full\" src=\"https:\/\/www.vkd.com\/lv-bayern\/wp-content\/uploads\/sites\/14\/2025\/02\/WhatsApp-Bild-2025-01-29-um-06.57.47_e81ecaad-1024x768.jpg\" title=\"Galerie bei Bild 7 \u00f6ffnen\" alt=\"Whatsapp Bild 2025 01 29 Um 06.57.47 E81ecaad\"\/>\n                        <\/a>\n                    <\/div>\n                                    <div class=\"item\">\n                        <a href=\"https:\/\/www.vkd.com\/lv-bayern\/wp-content\/uploads\/sites\/14\/2025\/02\/WhatsApp-Bild-2025-01-29-um-06.57.47_d1edb3e3-768x1024.jpg\" title=\"Whatsapp Bild 2025 01 29 Um 06.57.47 D1edb3e3\">\n                            <img class=\"img-full\" src=\"https:\/\/www.vkd.com\/lv-bayern\/wp-content\/uploads\/sites\/14\/2025\/02\/WhatsApp-Bild-2025-01-29-um-06.57.47_d1edb3e3-768x1024.jpg\" title=\"Galerie bei Bild 8 \u00f6ffnen\" alt=\"Whatsapp Bild 2025 01 29 Um 06.57.47 D1edb3e3\"\/>\n                        <\/a>\n                    <\/div>\n                            <\/div>\n        <\/div>\n    <\/div>\n<\/div>\n\n\n","protected":false},"excerpt":{"rendered":"<p>Gelungener Neujahrsempfang: Ein Abend voller Austausch und Ehrungen Am 28.01.2025 fand der diesj\u00e4hrige Neujahrsempfang des Zweigvereins Inn-Salzach in der festlich geschm\u00fcckten Bastei in M\u00fchldorf am Inn statt. Zahlreiche Berufskollegen und -kolleginnen aus verschiedenen Bereichen kamen zusammen, um das neue Jahr geb\u00fchrend zu begr\u00fc\u00dfen und sich in einem angenehmen Rahmen auszutauschen. Der Abend begann mit einem&#8230;<\/p>\n","protected":false},"author":1955,"featured_media":1222,"comment_status":"closed","ping_status":"open","sticky":false,"template":"","format":"standard","meta":[],"categories":[1],"tags":[6,12,5,7,19,9,11],"yoast_head":"<!-- This site is optimized with the Yoast SEO plugin v20.0 - https:\/\/yoast.com\/wordpress\/plugins\/seo\/ -->\n<title>Neujahrstreffen des ZV Inn-Salzach am 28.01.2025 - Landesverband der K\u00f6che Bayern<\/title>\n<meta name=\"robots\" content=\"noindex, follow, max-snippet:-1, max-image-preview:large, max-video-preview:-1\" \/>\n<meta property=\"og:locale\" content=\"de_DE\" \/>\n<meta property=\"og:type\" content=\"article\" \/>\n<meta property=\"og:title\" content=\"Neujahrstreffen des ZV Inn-Salzach am 28.01.2025 - Landesverband der K\u00f6che Bayern\" \/>\n<meta property=\"og:description\" content=\"Gelungener Neujahrsempfang: Ein Abend voller Austausch und Ehrungen Am 28.01.2025 fand der diesj\u00e4hrige Neujahrsempfang des Zweigvereins Inn-Salzach in der festlich geschm\u00fcckten Bastei in M\u00fchldorf am Inn statt. Zahlreiche Berufskollegen und -kolleginnen aus verschiedenen Bereichen kamen zusammen, um das neue Jahr geb\u00fchrend zu begr\u00fc\u00dfen und sich in einem angenehmen Rahmen auszutauschen. Der Abend begann mit einem...\" \/>\n<meta property=\"og:url\" content=\"https:\/\/www.vkd.com\/lv-bayern\/news\/neujahrstreffen-des-zv-inn-salzach-am-28-01-2025\/\" \/>\n<meta property=\"og:site_name\" content=\"Landesverband der K\u00f6che Bayern\" \/>\n<meta property=\"article:published_time\" content=\"2025-02-02T11:34:14+00:00\" \/>\n<meta property=\"article:modified_time\" content=\"2025-02-02T11:35:07+00:00\" \/>\n<meta property=\"og:image\" content=\"https:\/\/www.vkd.com\/lv-bayern\/wp-content\/uploads\/sites\/14\/2025\/02\/WhatsApp-Bild-2025-01-28-um-18.27.46_088d0d8d.jpg\" \/>\n\t<meta property=\"og:image:width\" content=\"1200\" \/>\n\t<meta property=\"og:image:height\" content=\"1600\" \/>\n\t<meta property=\"og:image:type\" content=\"image\/jpeg\" \/>\n<meta name=\"author\" content=\"Kostadinov Alexander\" \/>\n<meta name=\"twitter:card\" content=\"summary_large_image\" \/>\n<meta name=\"twitter:label1\" content=\"Verfasst von\" \/>\n\t<meta name=\"twitter:data1\" content=\"Kostadinov Alexander\" \/>\n\t<meta name=\"twitter:label2\" content=\"Gesch\u00e4tzte Lesezeit\" \/>\n\t<meta name=\"twitter:data2\" content=\"2\u00a0Minuten\" \/>\n<script type=\"application\/ld+json\" class=\"yoast-schema-graph\">{\"@context\":\"https:\/\/schema.org\",\"@graph\":[{\"@type\":\"WebPage\",\"@id\":\"https:\/\/www.vkd.com\/lv-bayern\/news\/neujahrstreffen-des-zv-inn-salzach-am-28-01-2025\/\",\"url\":\"https:\/\/www.vkd.com\/lv-bayern\/news\/neujahrstreffen-des-zv-inn-salzach-am-28-01-2025\/\",\"name\":\"Neujahrstreffen des ZV Inn-Salzach am 28.01.2025 - Landesverband der K\u00f6che Bayern\",\"isPartOf\":{\"@id\":\"https:\/\/www.vkd.com\/lv-bayern\/#website\"},\"datePublished\":\"2025-02-02T11:34:14+00:00\",\"dateModified\":\"2025-02-02T11:35:07+00:00\",\"author\":{\"@id\":\"https:\/\/www.vkd.com\/lv-bayern\/#\/schema\/person\/19c4bb106ca4de98c60e2cb5ac7f572f\"},\"breadcrumb\":{\"@id\":\"https:\/\/www.vkd.com\/lv-bayern\/news\/neujahrstreffen-des-zv-inn-salzach-am-28-01-2025\/#breadcrumb\"},\"inLanguage\":\"de\",\"potentialAction\":[{\"@type\":\"ReadAction\",\"target\":[\"https:\/\/www.vkd.com\/lv-bayern\/news\/neujahrstreffen-des-zv-inn-salzach-am-28-01-2025\/\"]}]},{\"@type\":\"BreadcrumbList\",\"@id\":\"https:\/\/www.vkd.com\/lv-bayern\/news\/neujahrstreffen-des-zv-inn-salzach-am-28-01-2025\/#breadcrumb\",\"itemListElement\":[{\"@type\":\"ListItem\",\"position\":1,\"name\":\"Startseite\",\"item\":\"https:\/\/www.vkd.com\/lv-bayern\/\"},{\"@type\":\"ListItem\",\"position\":2,\"name\":\"Neujahrstreffen des ZV Inn-Salzach am 28.01.2025\"}]},{\"@type\":\"WebSite\",\"@id\":\"https:\/\/www.vkd.com\/lv-bayern\/#website\",\"url\":\"https:\/\/www.vkd.com\/lv-bayern\/\",\"name\":\"Landesverband der K\u00f6che Bayern\",\"description\":\"Landesverband im Verband der K\u00f6che Deutschlands e.V.\",\"potentialAction\":[{\"@type\":\"SearchAction\",\"target\":{\"@type\":\"EntryPoint\",\"urlTemplate\":\"https:\/\/www.vkd.com\/lv-bayern\/?s={search_term_string}\"},\"query-input\":\"required name=search_term_string\"}],\"inLanguage\":\"de\"},{\"@type\":\"Person\",\"@id\":\"https:\/\/www.vkd.com\/lv-bayern\/#\/schema\/person\/19c4bb106ca4de98c60e2cb5ac7f572f\",\"name\":\"Kostadinov Alexander\",\"image\":{\"@type\":\"ImageObject\",\"inLanguage\":\"de\",\"@id\":\"https:\/\/www.vkd.com\/lv-bayern\/#\/schema\/person\/image\/\",\"url\":\"https:\/\/secure.gravatar.com\/avatar\/b0cb85e5c215fe1114e6d2404492358d?s=96&d=mm&r=g\",\"contentUrl\":\"https:\/\/secure.gravatar.com\/avatar\/b0cb85e5c215fe1114e6d2404492358d?s=96&d=mm&r=g\",\"caption\":\"Kostadinov Alexander\"},\"url\":\"https:\/\/www.vkd.com\/lv-bayern\/news\/author\/gentscher-jungentscher-de\/\"}]}<\/script>\n<!-- \/ Yoast SEO plugin. -->","yoast_head_json":{"title":"Neujahrstreffen des ZV Inn-Salzach am 28.01.2025 - Landesverband der K\u00f6che Bayern","robots":{"index":"noindex","follow":"follow","max-snippet":"max-snippet:-1","max-image-preview":"max-image-preview:large","max-video-preview":"max-video-preview:-1"},"og_locale":"de_DE","og_type":"article","og_title":"Neujahrstreffen des ZV Inn-Salzach am 28.01.2025 - Landesverband der K\u00f6che Bayern","og_description":"Gelungener Neujahrsempfang: Ein Abend voller Austausch und Ehrungen Am 28.01.2025 fand der diesj\u00e4hrige Neujahrsempfang des Zweigvereins Inn-Salzach in der festlich geschm\u00fcckten Bastei in M\u00fchldorf am Inn statt. Zahlreiche Berufskollegen und -kolleginnen aus verschiedenen Bereichen kamen zusammen, um das neue Jahr geb\u00fchrend zu begr\u00fc\u00dfen und sich in einem angenehmen Rahmen auszutauschen. Der Abend begann mit einem...","og_url":"https:\/\/www.vkd.com\/lv-bayern\/news\/neujahrstreffen-des-zv-inn-salzach-am-28-01-2025\/","og_site_name":"Landesverband der K\u00f6che Bayern","article_published_time":"2025-02-02T11:34:14+00:00","article_modified_time":"2025-02-02T11:35:07+00:00","og_image":[{"width":1200,"height":1600,"url":"https:\/\/www.vkd.com\/lv-bayern\/wp-content\/uploads\/sites\/14\/2025\/02\/WhatsApp-Bild-2025-01-28-um-18.27.46_088d0d8d.jpg","type":"image\/jpeg"}],"author":"Kostadinov Alexander","twitter_card":"summary_large_image","twitter_misc":{"Verfasst von":"Kostadinov Alexander","Gesch\u00e4tzte Lesezeit":"2\u00a0Minuten"},"schema":{"@context":"https:\/\/schema.org","@graph":[{"@type":"WebPage","@id":"https:\/\/www.vkd.com\/lv-bayern\/news\/neujahrstreffen-des-zv-inn-salzach-am-28-01-2025\/","url":"https:\/\/www.vkd.com\/lv-bayern\/news\/neujahrstreffen-des-zv-inn-salzach-am-28-01-2025\/","name":"Neujahrstreffen des ZV Inn-Salzach am 28.01.2025 - Landesverband der K\u00f6che Bayern","isPartOf":{"@id":"https:\/\/www.vkd.com\/lv-bayern\/#website"},"datePublished":"2025-02-02T11:34:14+00:00","dateModified":"2025-02-02T11:35:07+00:00","author":{"@id":"https:\/\/www.vkd.com\/lv-bayern\/#\/schema\/person\/19c4bb106ca4de98c60e2cb5ac7f572f"},"breadcrumb":{"@id":"https:\/\/www.vkd.com\/lv-bayern\/news\/neujahrstreffen-des-zv-inn-salzach-am-28-01-2025\/#breadcrumb"},"inLanguage":"de","potentialAction":[{"@type":"ReadAction","target":["https:\/\/www.vkd.com\/lv-bayern\/news\/neujahrstreffen-des-zv-inn-salzach-am-28-01-2025\/"]}]},{"@type":"BreadcrumbList","@id":"https:\/\/www.vkd.com\/lv-bayern\/news\/neujahrstreffen-des-zv-inn-salzach-am-28-01-2025\/#breadcrumb","itemListElement":[{"@type":"ListItem","position":1,"name":"Startseite","item":"https:\/\/www.vkd.com\/lv-bayern\/"},{"@type":"ListItem","position":2,"name":"Neujahrstreffen des ZV Inn-Salzach am 28.01.2025"}]},{"@type":"WebSite","@id":"https:\/\/www.vkd.com\/lv-bayern\/#website","url":"https:\/\/www.vkd.com\/lv-bayern\/","name":"Landesverband der K\u00f6che Bayern","description":"Landesverband im Verband der K\u00f6che Deutschlands e.V.","potentialAction":[{"@type":"SearchAction","target":{"@type":"EntryPoint","urlTemplate":"https:\/\/www.vkd.com\/lv-bayern\/?s={search_term_string}"},"query-input":"required name=search_term_string"}],"inLanguage":"de"},{"@type":"Person","@id":"https:\/\/www.vkd.com\/lv-bayern\/#\/schema\/person\/19c4bb106ca4de98c60e2cb5ac7f572f","name":"Kostadinov Alexander","image":{"@type":"ImageObject","inLanguage":"de","@id":"https:\/\/www.vkd.com\/lv-bayern\/#\/schema\/person\/image\/","url":"https:\/\/secure.gravatar.com\/avatar\/b0cb85e5c215fe1114e6d2404492358d?s=96&d=mm&r=g","contentUrl":"https:\/\/secure.gravatar.com\/avatar\/b0cb85e5c215fe1114e6d2404492358d?s=96&d=mm&r=g","caption":"Kostadinov Alexander"},"url":"https:\/\/www.vkd.com\/lv-bayern\/news\/author\/gentscher-jungentscher-de\/"}]}},"_links":{"self":[{"href":"https:\/\/www.vkd.com\/lv-bayern\/wp-json\/wp\/v2\/posts\/1218"}],"collection":[{"href":"https:\/\/www.vkd.com\/lv-bayern\/wp-json\/wp\/v2\/posts"}],"about":[{"href":"https:\/\/www.vkd.com\/lv-bayern\/wp-json\/wp\/v2\/types\/post"}],"author":[{"embeddable":true,"href":"https:\/\/www.vkd.com\/lv-bayern\/wp-json\/wp\/v2\/users\/1955"}],"replies":[{"embeddable":true,"href":"https:\/\/www.vkd.com\/lv-bayern\/wp-json\/wp\/v2\/comments?post=1218"}],"version-history":[{"count":5,"href":"https:\/\/www.vkd.com\/lv-bayern\/wp-json\/wp\/v2\/posts\/1218\/revisions"}],"predecessor-version":[{"id":1232,"href":"https:\/\/www.vkd.com\/lv-bayern\/wp-json\/wp\/v2\/posts\/1218\/revisions\/1232"}],"wp:featuredmedia":[{"embeddable":true,"href":"https:\/\/www.vkd.com\/lv-bayern\/wp-json\/wp\/v2\/media\/1222"}],"wp:attachment":[{"href":"https:\/\/www.vkd.com\/lv-bayern\/wp-json\/wp\/v2\/media?parent=1218"}],"wp:term":[{"taxonomy":"category","embeddable":true,"href":"https:\/\/www.vkd.com\/lv-bayern\/wp-json\/wp\/v2\/categories?post=1218"},{"taxonomy":"post_tag","embeddable":true,"href":"https:\/\/www.vkd.com\/lv-bayern\/wp-json\/wp\/v2\/tags?post=1218"}],"curies":[{"name":"wp","href":"https:\/\/api.w.org\/{rel}","templated":true}]}}