{"id":1213,"date":"2025-01-31T10:15:12","date_gmt":"2025-01-31T09:15:12","guid":{"rendered":"https:\/\/www.vkd.com\/lv-bayern\/?p=1213"},"modified":"2025-01-31T10:15:12","modified_gmt":"2025-01-31T09:15:12","slug":"starker-koecheverein-auf-der-hoga-verband-der-koeche-deutschlands-e-v","status":"publish","type":"post","link":"https:\/\/www.vkd.com\/lv-bayern\/news\/starker-koecheverein-auf-der-hoga-verband-der-koeche-deutschlands-e-v\/","title":{"rendered":"Starker K\u00f6cheverein auf der HOGA | Verband der K\u00f6che Deutschlands e.V."},"content":{"rendered":"<p>hier ein ausf\u00fchrlicher Bericht der HOGA &#8211; Messe in N\u00fcrnberg<\/p>\n<h1><a href=\"https:\/\/www.vkd.com\/news\/starker-koecheverein-auf-der-hoga\/\" target=\"_blank\" rel=\"noopener\">Starker K\u00f6cheverein auf der HOGA &#8211; Verband der K\u00f6che Deutschlands e. V.<\/a><\/h1>\n","protected":false},"excerpt":{"rendered":"<p>hier ein ausf\u00fchrlicher Bericht der HOGA &#8211; Messe in N\u00fcrnberg Starker K\u00f6cheverein auf der HOGA &#8211; Verband der K\u00f6che Deutschlands e. V.<\/p>\n","protected":false},"author":1955,"featured_media":1214,"comment_status":"closed","ping_status":"open","sticky":false,"template":"","format":"standard","meta":[],"categories":[1],"tags":[17,6,5,20,7,19,8,11],"yoast_head":"<!-- This site is optimized with the Yoast SEO plugin v20.0 - https:\/\/yoast.com\/wordpress\/plugins\/seo\/ -->\n<title>Starker K\u00f6cheverein auf der HOGA | Verband der K\u00f6che Deutschlands e.V. - Landesverband der K\u00f6che Bayern<\/title>\n<meta name=\"robots\" content=\"noindex, follow, max-snippet:-1, max-image-preview:large, max-video-preview:-1\" \/>\n<meta property=\"og:locale\" content=\"de_DE\" \/>\n<meta property=\"og:type\" content=\"article\" \/>\n<meta property=\"og:title\" content=\"Starker K\u00f6cheverein auf der HOGA | Verband der K\u00f6che Deutschlands e.V. - Landesverband der K\u00f6che Bayern\" \/>\n<meta property=\"og:description\" content=\"hier ein ausf\u00fchrlicher Bericht der HOGA &#8211; Messe in N\u00fcrnberg Starker K\u00f6cheverein auf der HOGA &#8211; Verband der K\u00f6che Deutschlands e. V.\" \/>\n<meta property=\"og:url\" content=\"https:\/\/www.vkd.com\/lv-bayern\/news\/starker-koecheverein-auf-der-hoga-verband-der-koeche-deutschlands-e-v\/\" \/>\n<meta property=\"og:site_name\" content=\"Landesverband der K\u00f6che Bayern\" \/>\n<meta property=\"article:published_time\" content=\"2025-01-31T09:15:12+00:00\" \/>\n<meta property=\"og:image\" content=\"https:\/\/www.vkd.com\/lv-bayern\/wp-content\/uploads\/sites\/14\/2025\/01\/K04-ZV-Nuernberg-Foto-1-1024x638-1.jpg\" \/>\n\t<meta property=\"og:image:width\" content=\"1024\" \/>\n\t<meta property=\"og:image:height\" content=\"638\" \/>\n\t<meta property=\"og:image:type\" content=\"image\/jpeg\" \/>\n<meta name=\"author\" content=\"Kostadinov Alexander\" \/>\n<meta name=\"twitter:card\" content=\"summary_large_image\" \/>\n<meta name=\"twitter:label1\" content=\"Verfasst von\" \/>\n\t<meta name=\"twitter:data1\" content=\"Kostadinov Alexander\" \/>\n\t<meta name=\"twitter:label2\" content=\"Gesch\u00e4tzte Lesezeit\" \/>\n\t<meta name=\"twitter:data2\" content=\"1\u00a0Minute\" \/>\n<script type=\"application\/ld+json\" class=\"yoast-schema-graph\">{\"@context\":\"https:\/\/schema.org\",\"@graph\":[{\"@type\":\"WebPage\",\"@id\":\"https:\/\/www.vkd.com\/lv-bayern\/news\/starker-koecheverein-auf-der-hoga-verband-der-koeche-deutschlands-e-v\/\",\"url\":\"https:\/\/www.vkd.com\/lv-bayern\/news\/starker-koecheverein-auf-der-hoga-verband-der-koeche-deutschlands-e-v\/\",\"name\":\"Starker K\u00f6cheverein auf der HOGA | Verband der K\u00f6che Deutschlands e.V. - Landesverband der K\u00f6che Bayern\",\"isPartOf\":{\"@id\":\"https:\/\/www.vkd.com\/lv-bayern\/#website\"},\"datePublished\":\"2025-01-31T09:15:12+00:00\",\"dateModified\":\"2025-01-31T09:15:12+00:00\",\"author\":{\"@id\":\"https:\/\/www.vkd.com\/lv-bayern\/#\/schema\/person\/19c4bb106ca4de98c60e2cb5ac7f572f\"},\"breadcrumb\":{\"@id\":\"https:\/\/www.vkd.com\/lv-bayern\/news\/starker-koecheverein-auf-der-hoga-verband-der-koeche-deutschlands-e-v\/#breadcrumb\"},\"inLanguage\":\"de\",\"potentialAction\":[{\"@type\":\"ReadAction\",\"target\":[\"https:\/\/www.vkd.com\/lv-bayern\/news\/starker-koecheverein-auf-der-hoga-verband-der-koeche-deutschlands-e-v\/\"]}]},{\"@type\":\"BreadcrumbList\",\"@id\":\"https:\/\/www.vkd.com\/lv-bayern\/news\/starker-koecheverein-auf-der-hoga-verband-der-koeche-deutschlands-e-v\/#breadcrumb\",\"itemListElement\":[{\"@type\":\"ListItem\",\"position\":1,\"name\":\"Startseite\",\"item\":\"https:\/\/www.vkd.com\/lv-bayern\/\"},{\"@type\":\"ListItem\",\"position\":2,\"name\":\"Starker K\u00f6cheverein auf der HOGA | Verband der K\u00f6che Deutschlands e.V.\"}]},{\"@type\":\"WebSite\",\"@id\":\"https:\/\/www.vkd.com\/lv-bayern\/#website\",\"url\":\"https:\/\/www.vkd.com\/lv-bayern\/\",\"name\":\"Landesverband der K\u00f6che Bayern\",\"description\":\"Landesverband im Verband der K\u00f6che Deutschlands e.V.\",\"potentialAction\":[{\"@type\":\"SearchAction\",\"target\":{\"@type\":\"EntryPoint\",\"urlTemplate\":\"https:\/\/www.vkd.com\/lv-bayern\/?s={search_term_string}\"},\"query-input\":\"required name=search_term_string\"}],\"inLanguage\":\"de\"},{\"@type\":\"Person\",\"@id\":\"https:\/\/www.vkd.com\/lv-bayern\/#\/schema\/person\/19c4bb106ca4de98c60e2cb5ac7f572f\",\"name\":\"Kostadinov Alexander\",\"image\":{\"@type\":\"ImageObject\",\"inLanguage\":\"de\",\"@id\":\"https:\/\/www.vkd.com\/lv-bayern\/#\/schema\/person\/image\/\",\"url\":\"https:\/\/secure.gravatar.com\/avatar\/b0cb85e5c215fe1114e6d2404492358d?s=96&d=mm&r=g\",\"contentUrl\":\"https:\/\/secure.gravatar.com\/avatar\/b0cb85e5c215fe1114e6d2404492358d?s=96&d=mm&r=g\",\"caption\":\"Kostadinov Alexander\"},\"url\":\"https:\/\/www.vkd.com\/lv-bayern\/news\/author\/gentscher-jungentscher-de\/\"}]}<\/script>\n<!-- \/ Yoast SEO plugin. -->","yoast_head_json":{"title":"Starker K\u00f6cheverein auf der HOGA | Verband der K\u00f6che Deutschlands e.V. - Landesverband der K\u00f6che Bayern","robots":{"index":"noindex","follow":"follow","max-snippet":"max-snippet:-1","max-image-preview":"max-image-preview:large","max-video-preview":"max-video-preview:-1"},"og_locale":"de_DE","og_type":"article","og_title":"Starker K\u00f6cheverein auf der HOGA | Verband der K\u00f6che Deutschlands e.V. - Landesverband der K\u00f6che Bayern","og_description":"hier ein ausf\u00fchrlicher Bericht der HOGA &#8211; Messe in N\u00fcrnberg Starker K\u00f6cheverein auf der HOGA &#8211; Verband der K\u00f6che Deutschlands e. V.","og_url":"https:\/\/www.vkd.com\/lv-bayern\/news\/starker-koecheverein-auf-der-hoga-verband-der-koeche-deutschlands-e-v\/","og_site_name":"Landesverband der K\u00f6che Bayern","article_published_time":"2025-01-31T09:15:12+00:00","og_image":[{"width":1024,"height":638,"url":"https:\/\/www.vkd.com\/lv-bayern\/wp-content\/uploads\/sites\/14\/2025\/01\/K04-ZV-Nuernberg-Foto-1-1024x638-1.jpg","type":"image\/jpeg"}],"author":"Kostadinov Alexander","twitter_card":"summary_large_image","twitter_misc":{"Verfasst von":"Kostadinov Alexander","Gesch\u00e4tzte Lesezeit":"1\u00a0Minute"},"schema":{"@context":"https:\/\/schema.org","@graph":[{"@type":"WebPage","@id":"https:\/\/www.vkd.com\/lv-bayern\/news\/starker-koecheverein-auf-der-hoga-verband-der-koeche-deutschlands-e-v\/","url":"https:\/\/www.vkd.com\/lv-bayern\/news\/starker-koecheverein-auf-der-hoga-verband-der-koeche-deutschlands-e-v\/","name":"Starker K\u00f6cheverein auf der HOGA | Verband der K\u00f6che Deutschlands e.V. - Landesverband der K\u00f6che Bayern","isPartOf":{"@id":"https:\/\/www.vkd.com\/lv-bayern\/#website"},"datePublished":"2025-01-31T09:15:12+00:00","dateModified":"2025-01-31T09:15:12+00:00","author":{"@id":"https:\/\/www.vkd.com\/lv-bayern\/#\/schema\/person\/19c4bb106ca4de98c60e2cb5ac7f572f"},"breadcrumb":{"@id":"https:\/\/www.vkd.com\/lv-bayern\/news\/starker-koecheverein-auf-der-hoga-verband-der-koeche-deutschlands-e-v\/#breadcrumb"},"inLanguage":"de","potentialAction":[{"@type":"ReadAction","target":["https:\/\/www.vkd.com\/lv-bayern\/news\/starker-koecheverein-auf-der-hoga-verband-der-koeche-deutschlands-e-v\/"]}]},{"@type":"BreadcrumbList","@id":"https:\/\/www.vkd.com\/lv-bayern\/news\/starker-koecheverein-auf-der-hoga-verband-der-koeche-deutschlands-e-v\/#breadcrumb","itemListElement":[{"@type":"ListItem","position":1,"name":"Startseite","item":"https:\/\/www.vkd.com\/lv-bayern\/"},{"@type":"ListItem","position":2,"name":"Starker K\u00f6cheverein auf der HOGA | Verband der K\u00f6che Deutschlands e.V."}]},{"@type":"WebSite","@id":"https:\/\/www.vkd.com\/lv-bayern\/#website","url":"https:\/\/www.vkd.com\/lv-bayern\/","name":"Landesverband der K\u00f6che Bayern","description":"Landesverband im Verband der K\u00f6che Deutschlands e.V.","potentialAction":[{"@type":"SearchAction","target":{"@type":"EntryPoint","urlTemplate":"https:\/\/www.vkd.com\/lv-bayern\/?s={search_term_string}"},"query-input":"required name=search_term_string"}],"inLanguage":"de"},{"@type":"Person","@id":"https:\/\/www.vkd.com\/lv-bayern\/#\/schema\/person\/19c4bb106ca4de98c60e2cb5ac7f572f","name":"Kostadinov Alexander","image":{"@type":"ImageObject","inLanguage":"de","@id":"https:\/\/www.vkd.com\/lv-bayern\/#\/schema\/person\/image\/","url":"https:\/\/secure.gravatar.com\/avatar\/b0cb85e5c215fe1114e6d2404492358d?s=96&d=mm&r=g","contentUrl":"https:\/\/secure.gravatar.com\/avatar\/b0cb85e5c215fe1114e6d2404492358d?s=96&d=mm&r=g","caption":"Kostadinov Alexander"},"url":"https:\/\/www.vkd.com\/lv-bayern\/news\/author\/gentscher-jungentscher-de\/"}]}},"_links":{"self":[{"href":"https:\/\/www.vkd.com\/lv-bayern\/wp-json\/wp\/v2\/posts\/1213"}],"collection":[{"href":"https:\/\/www.vkd.com\/lv-bayern\/wp-json\/wp\/v2\/posts"}],"about":[{"href":"https:\/\/www.vkd.com\/lv-bayern\/wp-json\/wp\/v2\/types\/post"}],"author":[{"embeddable":true,"href":"https:\/\/www.vkd.com\/lv-bayern\/wp-json\/wp\/v2\/users\/1955"}],"replies":[{"embeddable":true,"href":"https:\/\/www.vkd.com\/lv-bayern\/wp-json\/wp\/v2\/comments?post=1213"}],"version-history":[{"count":2,"href":"https:\/\/www.vkd.com\/lv-bayern\/wp-json\/wp\/v2\/posts\/1213\/revisions"}],"predecessor-version":[{"id":1216,"href":"https:\/\/www.vkd.com\/lv-bayern\/wp-json\/wp\/v2\/posts\/1213\/revisions\/1216"}],"wp:featuredmedia":[{"embeddable":true,"href":"https:\/\/www.vkd.com\/lv-bayern\/wp-json\/wp\/v2\/media\/1214"}],"wp:attachment":[{"href":"https:\/\/www.vkd.com\/lv-bayern\/wp-json\/wp\/v2\/media?parent=1213"}],"wp:term":[{"taxonomy":"category","embeddable":true,"href":"https:\/\/www.vkd.com\/lv-bayern\/wp-json\/wp\/v2\/categories?post=1213"},{"taxonomy":"post_tag","embeddable":true,"href":"https:\/\/www.vkd.com\/lv-bayern\/wp-json\/wp\/v2\/tags?post=1213"}],"curies":[{"name":"wp","href":"https:\/\/api.w.org\/{rel}","templated":true}]}}