{"id":1209,"date":"2025-01-26T18:25:22","date_gmt":"2025-01-26T17:25:22","guid":{"rendered":"https:\/\/www.vkd.com\/lv-bayern\/?p=1209"},"modified":"2025-01-26T18:25:22","modified_gmt":"2025-01-26T17:25:22","slug":"generalversammlung-des-club-der-koeche-donau-ries-mit-neuwahlen","status":"publish","type":"post","link":"https:\/\/www.vkd.com\/lv-bayern\/news\/generalversammlung-des-club-der-koeche-donau-ries-mit-neuwahlen\/","title":{"rendered":"Generalversammlung des Club der K\u00f6che Donau-Ries mit Neuwahlen"},"content":{"rendered":"<p><strong>Generalversammlung des Club der K\u00f6che Donau-Ries mit Neuwahlen \u2013 Ein gelungener Start ins Jahr 2025<\/strong><\/p>\n<p>Am 15. Januar 2025 versammelten sich die Mitglieder des Club der K\u00f6che Donau-Ries zu ihrer allj\u00e4hrlichen Generalversammlung \u2013 ein wichtiger Termin im Vereinskalender, der dieses Jahr mit Neuwahlen der Vorstandschaft besonders spannend war.<\/p>\n<p>Bereits zu Beginn begr\u00fc\u00dfte der 1. Vorsitzende Josef Meyer die zahlreich erschienenen Mitglieder, darunter auch die Ehrenvorsitzenden <strong>Sepp Meyer <\/strong>und <strong>Uli Gro\u00dfmann<\/strong>. Die Atmosph\u00e4re war gepr\u00e4gt von lebhafter Diskussion und Vorfreude auf das kommende Vereinsjahr.<\/p>\n<p>Nach den Berichten der verschiedenen Ressorts wurde ein zentrales Thema besonders hervorgehoben: die Jugendarbeit. Der Club setzt weiterhin auf innovative Ideen und starke Initiativen, um die n\u00e4chste Generation f\u00fcr den Beruf des Kochs zu begeistern. \u201eDie Zukunft unseres Handwerks liegt in den H\u00e4nden der Jugend\u201c, betonte Josef Meyer eindringlich.<\/p>\n<p><strong>Spannung bei den Neuwahlen<\/strong><br \/>\nIm Mittelpunkt der Versammlung standen jedoch die Neuwahlen der Vorstandschaft. Unter der Leitung von G\u00fcnther Zwerger, unterst\u00fctzt von den Wahlhelferinnen Gertrud Perlich und Claudia Zwerger, wurde die Wahl souver\u00e4n durchgef\u00fchrt.<\/p>\n<p>Josef Meyer erhielt erneut das Vertrauen der Mitglieder und bleibt somit 1. Vorsitzender des Clubs. Als sein Stellvertreter wurde Sebastian Dunzinger gew\u00e4hlt, der sich durch seine Tatkraft und frischen Ideen bereits einen Namen gemacht hat.<\/p>\n<p>Die weiteren Vorstandsposten wurden wie folgt besetzt:<\/p>\n<ul>\n<li><strong>Finanzen:<\/strong> Ruth Klinger<\/li>\n<li><strong>Administration und Jugend:<\/strong> David Huse<\/li>\n<li><strong>Beisitzer:<\/strong> Alexander Trollmann, Paul Trollmann, Gertrud Perlich, Claudia Zwerger und Klaus Rohder.<br \/>\nG\u00fcnther Zwerger und Werner Gr\u00fcndel \u00fcbernahmen weiterhin die Aufgabe der Kassenpr\u00fcfung.<\/li>\n<\/ul>\n<p><strong>Ausblick und geselliges Ende<\/strong><br \/>\nZum Abschluss der Versammlung gab Josef Meyer einen \u00dcberblick \u00fcber die geplanten Termine und H\u00f6hepunkte des Jahres 2025. Von Ausfl\u00fcgen \u00fcber gemeinsame Themenessen, der gro\u00dfen Laurentiusfeier in Wemding, bis hin zum Adventsempfang mit Kinovorstellung \u2013 es wird ein abwechslungsreiches Jahr.<\/p>\n<p>Wie es Tradition ist, endete die Generalversammlung mit einem gem\u00fctlichen Bratwurstessen. In fr\u00f6hlicher Runde lie\u00df man den Abend ausklingen, voller Motivation f\u00fcr die kommenden Herausforderungen und Projekte.<\/p>\n<p>Ein starker Auftakt f\u00fcr den Club der K\u00f6che Donau-Ries \u2013 mit einer engagierten Vorstandschaft, die die Ziele des Vereins mit Leidenschaft und Tatendrang weiter vorantreibt.<\/p>\n<p><img decoding=\"async\" loading=\"lazy\" class=\"size-large wp-image-1210 aligncenter\" src=\"https:\/\/www.vkd.com\/lv-bayern\/wp-content\/uploads\/sites\/14\/2025\/01\/DonauRies-1024x768.jpg\" alt=\"Donauries\" width=\"1024\" height=\"768\" srcset=\"https:\/\/www.vkd.com\/lv-bayern\/wp-content\/uploads\/sites\/14\/2025\/01\/DonauRies-1024x768.jpg 1024w, https:\/\/www.vkd.com\/lv-bayern\/wp-content\/uploads\/sites\/14\/2025\/01\/DonauRies-300x225.jpg 300w, https:\/\/www.vkd.com\/lv-bayern\/wp-content\/uploads\/sites\/14\/2025\/01\/DonauRies-768x576.jpg 768w, https:\/\/www.vkd.com\/lv-bayern\/wp-content\/uploads\/sites\/14\/2025\/01\/DonauRies-1536x1152.jpg 1536w, https:\/\/www.vkd.com\/lv-bayern\/wp-content\/uploads\/sites\/14\/2025\/01\/DonauRies-2048x1536.jpg 2048w\" sizes=\"(max-width: 1024px) 100vw, 1024px\" \/><\/p>\n<p><strong>Auf dem Bild<\/strong><\/p>\n<p>Hinten stehend : K\u00fcchenmeister Alexander Trollmann, K\u00fcchenmeister Uli Gro\u00dfmann, K\u00fcchenmeister Paul Trollmann, K\u00fcchencher David Huse, G\u00fcnther Zwerger, Werner Gr\u00fcndel,Klaus Rohder, K\u00fcchenmeister Josef Meyer, K\u00fcchenmeister Sepp Meyer. Sitzend: Ruth Klinger, Gertrud Perlich, Claudia Zwerger (auf dem Bild fehlt Sebastian Dunzinger)<\/p>\n","protected":false},"excerpt":{"rendered":"<p>Generalversammlung des Club der K\u00f6che Donau-Ries mit Neuwahlen \u2013 Ein gelungener Start ins Jahr 2025 Am 15. Januar 2025 versammelten sich die Mitglieder des Club der K\u00f6che Donau-Ries zu ihrer allj\u00e4hrlichen Generalversammlung \u2013 ein wichtiger Termin im Vereinskalender, der dieses Jahr mit Neuwahlen der Vorstandschaft besonders spannend war. Bereits zu Beginn begr\u00fc\u00dfte der 1. Vorsitzende&#8230;<\/p>\n","protected":false},"author":1955,"featured_media":708,"comment_status":"closed","ping_status":"open","sticky":false,"template":"","format":"standard","meta":[],"categories":[1],"tags":[6,5,7,15,19,9,11],"yoast_head":"<!-- This site is optimized with the Yoast SEO plugin v20.0 - https:\/\/yoast.com\/wordpress\/plugins\/seo\/ -->\n<title>Generalversammlung des Club der K\u00f6che Donau-Ries mit Neuwahlen - Landesverband der K\u00f6che Bayern<\/title>\n<meta name=\"robots\" content=\"noindex, follow, max-snippet:-1, max-image-preview:large, max-video-preview:-1\" \/>\n<meta property=\"og:locale\" content=\"de_DE\" \/>\n<meta property=\"og:type\" content=\"article\" \/>\n<meta property=\"og:title\" content=\"Generalversammlung des Club der K\u00f6che Donau-Ries mit Neuwahlen - Landesverband der K\u00f6che Bayern\" \/>\n<meta property=\"og:description\" content=\"Generalversammlung des Club der K\u00f6che Donau-Ries mit Neuwahlen \u2013 Ein gelungener Start ins Jahr 2025 Am 15. Januar 2025 versammelten sich die Mitglieder des Club der K\u00f6che Donau-Ries zu ihrer allj\u00e4hrlichen Generalversammlung \u2013 ein wichtiger Termin im Vereinskalender, der dieses Jahr mit Neuwahlen der Vorstandschaft besonders spannend war. Bereits zu Beginn begr\u00fc\u00dfte der 1. Vorsitzende...\" \/>\n<meta property=\"og:url\" content=\"https:\/\/www.vkd.com\/lv-bayern\/news\/generalversammlung-des-club-der-koeche-donau-ries-mit-neuwahlen\/\" \/>\n<meta property=\"og:site_name\" content=\"Landesverband der K\u00f6che Bayern\" \/>\n<meta property=\"article:published_time\" content=\"2025-01-26T17:25:22+00:00\" \/>\n<meta property=\"og:image\" content=\"https:\/\/www.vkd.com\/lv-bayern\/wp-content\/uploads\/sites\/14\/2024\/08\/logo-1.jpg\" \/>\n\t<meta property=\"og:image:width\" content=\"273\" \/>\n\t<meta property=\"og:image:height\" content=\"232\" \/>\n\t<meta property=\"og:image:type\" content=\"image\/jpeg\" \/>\n<meta name=\"author\" content=\"Kostadinov Alexander\" \/>\n<meta name=\"twitter:card\" content=\"summary_large_image\" \/>\n<meta name=\"twitter:label1\" content=\"Verfasst von\" \/>\n\t<meta name=\"twitter:data1\" content=\"Kostadinov Alexander\" \/>\n\t<meta name=\"twitter:label2\" content=\"Gesch\u00e4tzte Lesezeit\" \/>\n\t<meta name=\"twitter:data2\" content=\"3\u00a0Minuten\" \/>\n<script type=\"application\/ld+json\" class=\"yoast-schema-graph\">{\"@context\":\"https:\/\/schema.org\",\"@graph\":[{\"@type\":\"WebPage\",\"@id\":\"https:\/\/www.vkd.com\/lv-bayern\/news\/generalversammlung-des-club-der-koeche-donau-ries-mit-neuwahlen\/\",\"url\":\"https:\/\/www.vkd.com\/lv-bayern\/news\/generalversammlung-des-club-der-koeche-donau-ries-mit-neuwahlen\/\",\"name\":\"Generalversammlung des Club der K\u00f6che Donau-Ries mit Neuwahlen - Landesverband der K\u00f6che Bayern\",\"isPartOf\":{\"@id\":\"https:\/\/www.vkd.com\/lv-bayern\/#website\"},\"datePublished\":\"2025-01-26T17:25:22+00:00\",\"dateModified\":\"2025-01-26T17:25:22+00:00\",\"author\":{\"@id\":\"https:\/\/www.vkd.com\/lv-bayern\/#\/schema\/person\/19c4bb106ca4de98c60e2cb5ac7f572f\"},\"breadcrumb\":{\"@id\":\"https:\/\/www.vkd.com\/lv-bayern\/news\/generalversammlung-des-club-der-koeche-donau-ries-mit-neuwahlen\/#breadcrumb\"},\"inLanguage\":\"de\",\"potentialAction\":[{\"@type\":\"ReadAction\",\"target\":[\"https:\/\/www.vkd.com\/lv-bayern\/news\/generalversammlung-des-club-der-koeche-donau-ries-mit-neuwahlen\/\"]}]},{\"@type\":\"BreadcrumbList\",\"@id\":\"https:\/\/www.vkd.com\/lv-bayern\/news\/generalversammlung-des-club-der-koeche-donau-ries-mit-neuwahlen\/#breadcrumb\",\"itemListElement\":[{\"@type\":\"ListItem\",\"position\":1,\"name\":\"Startseite\",\"item\":\"https:\/\/www.vkd.com\/lv-bayern\/\"},{\"@type\":\"ListItem\",\"position\":2,\"name\":\"Generalversammlung des Club der K\u00f6che Donau-Ries mit Neuwahlen\"}]},{\"@type\":\"WebSite\",\"@id\":\"https:\/\/www.vkd.com\/lv-bayern\/#website\",\"url\":\"https:\/\/www.vkd.com\/lv-bayern\/\",\"name\":\"Landesverband der K\u00f6che Bayern\",\"description\":\"Landesverband im Verband der K\u00f6che Deutschlands e.V.\",\"potentialAction\":[{\"@type\":\"SearchAction\",\"target\":{\"@type\":\"EntryPoint\",\"urlTemplate\":\"https:\/\/www.vkd.com\/lv-bayern\/?s={search_term_string}\"},\"query-input\":\"required name=search_term_string\"}],\"inLanguage\":\"de\"},{\"@type\":\"Person\",\"@id\":\"https:\/\/www.vkd.com\/lv-bayern\/#\/schema\/person\/19c4bb106ca4de98c60e2cb5ac7f572f\",\"name\":\"Kostadinov Alexander\",\"image\":{\"@type\":\"ImageObject\",\"inLanguage\":\"de\",\"@id\":\"https:\/\/www.vkd.com\/lv-bayern\/#\/schema\/person\/image\/\",\"url\":\"https:\/\/secure.gravatar.com\/avatar\/b0cb85e5c215fe1114e6d2404492358d?s=96&d=mm&r=g\",\"contentUrl\":\"https:\/\/secure.gravatar.com\/avatar\/b0cb85e5c215fe1114e6d2404492358d?s=96&d=mm&r=g\",\"caption\":\"Kostadinov Alexander\"},\"url\":\"https:\/\/www.vkd.com\/lv-bayern\/news\/author\/gentscher-jungentscher-de\/\"}]}<\/script>\n<!-- \/ Yoast SEO plugin. -->","yoast_head_json":{"title":"Generalversammlung des Club der K\u00f6che Donau-Ries mit Neuwahlen - Landesverband der K\u00f6che Bayern","robots":{"index":"noindex","follow":"follow","max-snippet":"max-snippet:-1","max-image-preview":"max-image-preview:large","max-video-preview":"max-video-preview:-1"},"og_locale":"de_DE","og_type":"article","og_title":"Generalversammlung des Club der K\u00f6che Donau-Ries mit Neuwahlen - Landesverband der K\u00f6che Bayern","og_description":"Generalversammlung des Club der K\u00f6che Donau-Ries mit Neuwahlen \u2013 Ein gelungener Start ins Jahr 2025 Am 15. Januar 2025 versammelten sich die Mitglieder des Club der K\u00f6che Donau-Ries zu ihrer allj\u00e4hrlichen Generalversammlung \u2013 ein wichtiger Termin im Vereinskalender, der dieses Jahr mit Neuwahlen der Vorstandschaft besonders spannend war. Bereits zu Beginn begr\u00fc\u00dfte der 1. Vorsitzende...","og_url":"https:\/\/www.vkd.com\/lv-bayern\/news\/generalversammlung-des-club-der-koeche-donau-ries-mit-neuwahlen\/","og_site_name":"Landesverband der K\u00f6che Bayern","article_published_time":"2025-01-26T17:25:22+00:00","og_image":[{"width":273,"height":232,"url":"https:\/\/www.vkd.com\/lv-bayern\/wp-content\/uploads\/sites\/14\/2024\/08\/logo-1.jpg","type":"image\/jpeg"}],"author":"Kostadinov Alexander","twitter_card":"summary_large_image","twitter_misc":{"Verfasst von":"Kostadinov Alexander","Gesch\u00e4tzte Lesezeit":"3\u00a0Minuten"},"schema":{"@context":"https:\/\/schema.org","@graph":[{"@type":"WebPage","@id":"https:\/\/www.vkd.com\/lv-bayern\/news\/generalversammlung-des-club-der-koeche-donau-ries-mit-neuwahlen\/","url":"https:\/\/www.vkd.com\/lv-bayern\/news\/generalversammlung-des-club-der-koeche-donau-ries-mit-neuwahlen\/","name":"Generalversammlung des Club der K\u00f6che Donau-Ries mit Neuwahlen - Landesverband der K\u00f6che Bayern","isPartOf":{"@id":"https:\/\/www.vkd.com\/lv-bayern\/#website"},"datePublished":"2025-01-26T17:25:22+00:00","dateModified":"2025-01-26T17:25:22+00:00","author":{"@id":"https:\/\/www.vkd.com\/lv-bayern\/#\/schema\/person\/19c4bb106ca4de98c60e2cb5ac7f572f"},"breadcrumb":{"@id":"https:\/\/www.vkd.com\/lv-bayern\/news\/generalversammlung-des-club-der-koeche-donau-ries-mit-neuwahlen\/#breadcrumb"},"inLanguage":"de","potentialAction":[{"@type":"ReadAction","target":["https:\/\/www.vkd.com\/lv-bayern\/news\/generalversammlung-des-club-der-koeche-donau-ries-mit-neuwahlen\/"]}]},{"@type":"BreadcrumbList","@id":"https:\/\/www.vkd.com\/lv-bayern\/news\/generalversammlung-des-club-der-koeche-donau-ries-mit-neuwahlen\/#breadcrumb","itemListElement":[{"@type":"ListItem","position":1,"name":"Startseite","item":"https:\/\/www.vkd.com\/lv-bayern\/"},{"@type":"ListItem","position":2,"name":"Generalversammlung des Club der K\u00f6che Donau-Ries mit Neuwahlen"}]},{"@type":"WebSite","@id":"https:\/\/www.vkd.com\/lv-bayern\/#website","url":"https:\/\/www.vkd.com\/lv-bayern\/","name":"Landesverband der K\u00f6che Bayern","description":"Landesverband im Verband der K\u00f6che Deutschlands e.V.","potentialAction":[{"@type":"SearchAction","target":{"@type":"EntryPoint","urlTemplate":"https:\/\/www.vkd.com\/lv-bayern\/?s={search_term_string}"},"query-input":"required name=search_term_string"}],"inLanguage":"de"},{"@type":"Person","@id":"https:\/\/www.vkd.com\/lv-bayern\/#\/schema\/person\/19c4bb106ca4de98c60e2cb5ac7f572f","name":"Kostadinov Alexander","image":{"@type":"ImageObject","inLanguage":"de","@id":"https:\/\/www.vkd.com\/lv-bayern\/#\/schema\/person\/image\/","url":"https:\/\/secure.gravatar.com\/avatar\/b0cb85e5c215fe1114e6d2404492358d?s=96&d=mm&r=g","contentUrl":"https:\/\/secure.gravatar.com\/avatar\/b0cb85e5c215fe1114e6d2404492358d?s=96&d=mm&r=g","caption":"Kostadinov Alexander"},"url":"https:\/\/www.vkd.com\/lv-bayern\/news\/author\/gentscher-jungentscher-de\/"}]}},"_links":{"self":[{"href":"https:\/\/www.vkd.com\/lv-bayern\/wp-json\/wp\/v2\/posts\/1209"}],"collection":[{"href":"https:\/\/www.vkd.com\/lv-bayern\/wp-json\/wp\/v2\/posts"}],"about":[{"href":"https:\/\/www.vkd.com\/lv-bayern\/wp-json\/wp\/v2\/types\/post"}],"author":[{"embeddable":true,"href":"https:\/\/www.vkd.com\/lv-bayern\/wp-json\/wp\/v2\/users\/1955"}],"replies":[{"embeddable":true,"href":"https:\/\/www.vkd.com\/lv-bayern\/wp-json\/wp\/v2\/comments?post=1209"}],"version-history":[{"count":1,"href":"https:\/\/www.vkd.com\/lv-bayern\/wp-json\/wp\/v2\/posts\/1209\/revisions"}],"predecessor-version":[{"id":1211,"href":"https:\/\/www.vkd.com\/lv-bayern\/wp-json\/wp\/v2\/posts\/1209\/revisions\/1211"}],"wp:featuredmedia":[{"embeddable":true,"href":"https:\/\/www.vkd.com\/lv-bayern\/wp-json\/wp\/v2\/media\/708"}],"wp:attachment":[{"href":"https:\/\/www.vkd.com\/lv-bayern\/wp-json\/wp\/v2\/media?parent=1209"}],"wp:term":[{"taxonomy":"category","embeddable":true,"href":"https:\/\/www.vkd.com\/lv-bayern\/wp-json\/wp\/v2\/categories?post=1209"},{"taxonomy":"post_tag","embeddable":true,"href":"https:\/\/www.vkd.com\/lv-bayern\/wp-json\/wp\/v2\/tags?post=1209"}],"curies":[{"name":"wp","href":"https:\/\/api.w.org\/{rel}","templated":true}]}}