{"id":1197,"date":"2025-01-20T19:19:31","date_gmt":"2025-01-20T18:19:31","guid":{"rendered":"https:\/\/www.vkd.com\/lv-bayern\/?p=1197"},"modified":"2025-01-20T19:19:31","modified_gmt":"2025-01-20T18:19:31","slug":"an-alle-zweigvereine","status":"publish","type":"post","link":"https:\/\/www.vkd.com\/lv-bayern\/news\/an-alle-zweigvereine\/","title":{"rendered":"An alle Zweigvereine"},"content":{"rendered":"<div>\n<p><strong>Liebe Zweigvereine in Bayern,<\/strong><\/p>\n<p>wir m\u00f6chten euch herzlich einladen, einen Blick hinter die Kulissen unseres kommenden Kochcamps zu werfen!<br \/>\nEs ist eine wunderbare Gelegenheit, sich vor Ort auszutauschen, bei der Organisation und Durchf\u00fchrung zu helfen oder einfach nur zuzusehen.<\/p>\n<p>&nbsp;<\/p>\n<p>Damit wir den Ablauf entsprechend planen k\u00f6nnen, bitten wir euch, euch bis sp\u00e4testens\u00a0<strong>Ende Februar<\/strong>\u00a0verbindlich anzumelden.<br \/>\nBitte teilt uns mit, an welchem Tag ihr gerne vorbeikommen m\u00f6chtet, um beim Kochcamp zu helfen.<\/p>\n<h3><strong>Hier findet Ihr das <a href=\"https:\/\/www.vkd.com\/lv-bayern\/wp-content\/uploads\/sites\/14\/2025\/01\/Anmeldeformular.pdf\">Anmeldeformular<\/a><\/strong><\/h3>\n<p>Eine spontane Teilnahme vor Ort ist leider nicht m\u00f6glich, daher ist eine rechtzeitige Anmeldung erforderlich.<\/p>\n<p>Falls ihr eine Unterkunft ben\u00f6tigt, bitten wir euch, diese eigenst\u00e4ndig zu organisieren. Wir k\u00f6nnen leider keine Unterbringung anbieten.<br \/>\nAnbei auch nochmal die Unterlagen, um das Kochcamp zu bewerben mit Bitte um eure Unterst\u00fctzung.<\/p>\n<p><strong>Wir freuen uns auf zahlreiche Anmeldungen und darauf, viele von euch pers\u00f6nlich beim Kochcamp begr\u00fc\u00dfen zu d\u00fcrfen!<\/strong><\/p>\n<p>&nbsp;<\/p>\n<p>Mit freundlichen Gr\u00fc\u00dfen<br \/>\nSimone Engelhardt<\/p>\n<\/div>\n<div id=\"x_signature-container\">\n<p>Leitung des Kochcamps<br \/>\nEine Organisation des Landesverband der K\u00f6che Bayern<\/p>\n<\/div>\n<div>\n<p>mit freundlicher Unterst\u00fctzung des Verband der K\u00f6che Deutschland<br \/>\n<a title=\"Durch Outlook gesch\u00fctzt: http:\/\/www.daskochcamp.de\/. Klicken oder tippen Sie, um dem Link zu folgen.\" href=\"https:\/\/emea01.safelinks.protection.outlook.com\/?url=http%3A%2F%2Fwww.daskochcamp.de%2F&amp;data=05%7C02%7C%7C7ed42c98e6ef425b657908dd397e88d4%7C84df9e7fe9f640afb435aaaaaaaaaaaa%7C1%7C0%7C638729937986802978%7CUnknown%7CTWFpbGZsb3d8eyJFbXB0eU1hcGkiOnRydWUsIlYiOiIwLjAuMDAwMCIsIlAiOiJXaW4zMiIsIkFOIjoiTWFpbCIsIldUIjoyfQ%3D%3D%7C0%7C%7C%7C&amp;sdata=XsM0%2FaAS1nU6KJN7hCv33Zsq%2BUdUN6QitisWAI0no1s%3D&amp;reserved=0\" data-auth=\"Verified\" data-linkindex=\"0\">www.daskochcamp.de<\/a><br \/>\nInstagram: daskochcamp<br \/>\nTelefon: +41 78 322 09 73<\/p>\n<\/div>\n","protected":false},"excerpt":{"rendered":"<p>Liebe Zweigvereine in Bayern, wir m\u00f6chten euch herzlich einladen, einen Blick hinter die Kulissen unseres kommenden Kochcamps zu werfen! Es ist eine wunderbare Gelegenheit, sich vor Ort auszutauschen, bei der Organisation und Durchf\u00fchrung zu helfen oder einfach nur zuzusehen. &nbsp; Damit wir den Ablauf entsprechend planen k\u00f6nnen, bitten wir euch, euch bis sp\u00e4testens\u00a0Ende Februar\u00a0verbindlich anzumelden&#8230;.<\/p>\n","protected":false},"author":1955,"featured_media":986,"comment_status":"closed","ping_status":"open","sticky":false,"template":"","format":"standard","meta":[],"categories":[1],"tags":[17,6,16,10,5,7,18,19,9,11],"yoast_head":"<!-- This site is optimized with the Yoast SEO plugin v20.0 - https:\/\/yoast.com\/wordpress\/plugins\/seo\/ -->\n<title>An alle Zweigvereine - Landesverband der K\u00f6che Bayern<\/title>\n<meta name=\"robots\" content=\"noindex, follow, max-snippet:-1, max-image-preview:large, max-video-preview:-1\" \/>\n<meta property=\"og:locale\" content=\"de_DE\" \/>\n<meta property=\"og:type\" content=\"article\" \/>\n<meta property=\"og:title\" content=\"An alle Zweigvereine - Landesverband der K\u00f6che Bayern\" \/>\n<meta property=\"og:description\" content=\"Liebe Zweigvereine in Bayern, wir m\u00f6chten euch herzlich einladen, einen Blick hinter die Kulissen unseres kommenden Kochcamps zu werfen! Es ist eine wunderbare Gelegenheit, sich vor Ort auszutauschen, bei der Organisation und Durchf\u00fchrung zu helfen oder einfach nur zuzusehen. &nbsp; Damit wir den Ablauf entsprechend planen k\u00f6nnen, bitten wir euch, euch bis sp\u00e4testens\u00a0Ende Februar\u00a0verbindlich anzumelden....\" \/>\n<meta property=\"og:url\" content=\"https:\/\/www.vkd.com\/lv-bayern\/news\/an-alle-zweigvereine\/\" \/>\n<meta property=\"og:site_name\" content=\"Landesverband der K\u00f6che Bayern\" \/>\n<meta property=\"article:published_time\" content=\"2025-01-20T18:19:31+00:00\" \/>\n<meta property=\"og:image\" content=\"https:\/\/www.vkd.com\/lv-bayern\/wp-content\/uploads\/sites\/14\/2024\/10\/IMG-20241026-WA0005600x450.jpg\" \/>\n\t<meta property=\"og:image:width\" content=\"600\" \/>\n\t<meta property=\"og:image:height\" content=\"450\" \/>\n\t<meta property=\"og:image:type\" content=\"image\/jpeg\" \/>\n<meta name=\"author\" content=\"Kostadinov Alexander\" \/>\n<meta name=\"twitter:card\" content=\"summary_large_image\" \/>\n<meta name=\"twitter:label1\" content=\"Verfasst von\" \/>\n\t<meta name=\"twitter:data1\" content=\"Kostadinov Alexander\" \/>\n\t<meta name=\"twitter:label2\" content=\"Gesch\u00e4tzte Lesezeit\" \/>\n\t<meta name=\"twitter:data2\" content=\"1\u00a0Minute\" \/>\n<script type=\"application\/ld+json\" class=\"yoast-schema-graph\">{\"@context\":\"https:\/\/schema.org\",\"@graph\":[{\"@type\":\"WebPage\",\"@id\":\"https:\/\/www.vkd.com\/lv-bayern\/news\/an-alle-zweigvereine\/\",\"url\":\"https:\/\/www.vkd.com\/lv-bayern\/news\/an-alle-zweigvereine\/\",\"name\":\"An alle Zweigvereine - Landesverband der K\u00f6che Bayern\",\"isPartOf\":{\"@id\":\"https:\/\/www.vkd.com\/lv-bayern\/#website\"},\"datePublished\":\"2025-01-20T18:19:31+00:00\",\"dateModified\":\"2025-01-20T18:19:31+00:00\",\"author\":{\"@id\":\"https:\/\/www.vkd.com\/lv-bayern\/#\/schema\/person\/19c4bb106ca4de98c60e2cb5ac7f572f\"},\"breadcrumb\":{\"@id\":\"https:\/\/www.vkd.com\/lv-bayern\/news\/an-alle-zweigvereine\/#breadcrumb\"},\"inLanguage\":\"de\",\"potentialAction\":[{\"@type\":\"ReadAction\",\"target\":[\"https:\/\/www.vkd.com\/lv-bayern\/news\/an-alle-zweigvereine\/\"]}]},{\"@type\":\"BreadcrumbList\",\"@id\":\"https:\/\/www.vkd.com\/lv-bayern\/news\/an-alle-zweigvereine\/#breadcrumb\",\"itemListElement\":[{\"@type\":\"ListItem\",\"position\":1,\"name\":\"Startseite\",\"item\":\"https:\/\/www.vkd.com\/lv-bayern\/\"},{\"@type\":\"ListItem\",\"position\":2,\"name\":\"An alle Zweigvereine\"}]},{\"@type\":\"WebSite\",\"@id\":\"https:\/\/www.vkd.com\/lv-bayern\/#website\",\"url\":\"https:\/\/www.vkd.com\/lv-bayern\/\",\"name\":\"Landesverband der K\u00f6che Bayern\",\"description\":\"Landesverband im Verband der K\u00f6che Deutschlands e.V.\",\"potentialAction\":[{\"@type\":\"SearchAction\",\"target\":{\"@type\":\"EntryPoint\",\"urlTemplate\":\"https:\/\/www.vkd.com\/lv-bayern\/?s={search_term_string}\"},\"query-input\":\"required name=search_term_string\"}],\"inLanguage\":\"de\"},{\"@type\":\"Person\",\"@id\":\"https:\/\/www.vkd.com\/lv-bayern\/#\/schema\/person\/19c4bb106ca4de98c60e2cb5ac7f572f\",\"name\":\"Kostadinov Alexander\",\"image\":{\"@type\":\"ImageObject\",\"inLanguage\":\"de\",\"@id\":\"https:\/\/www.vkd.com\/lv-bayern\/#\/schema\/person\/image\/\",\"url\":\"https:\/\/secure.gravatar.com\/avatar\/b0cb85e5c215fe1114e6d2404492358d?s=96&d=mm&r=g\",\"contentUrl\":\"https:\/\/secure.gravatar.com\/avatar\/b0cb85e5c215fe1114e6d2404492358d?s=96&d=mm&r=g\",\"caption\":\"Kostadinov Alexander\"},\"url\":\"https:\/\/www.vkd.com\/lv-bayern\/news\/author\/gentscher-jungentscher-de\/\"}]}<\/script>\n<!-- \/ Yoast SEO plugin. -->","yoast_head_json":{"title":"An alle Zweigvereine - Landesverband der K\u00f6che Bayern","robots":{"index":"noindex","follow":"follow","max-snippet":"max-snippet:-1","max-image-preview":"max-image-preview:large","max-video-preview":"max-video-preview:-1"},"og_locale":"de_DE","og_type":"article","og_title":"An alle Zweigvereine - Landesverband der K\u00f6che Bayern","og_description":"Liebe Zweigvereine in Bayern, wir m\u00f6chten euch herzlich einladen, einen Blick hinter die Kulissen unseres kommenden Kochcamps zu werfen! Es ist eine wunderbare Gelegenheit, sich vor Ort auszutauschen, bei der Organisation und Durchf\u00fchrung zu helfen oder einfach nur zuzusehen. &nbsp; Damit wir den Ablauf entsprechend planen k\u00f6nnen, bitten wir euch, euch bis sp\u00e4testens\u00a0Ende Februar\u00a0verbindlich anzumelden....","og_url":"https:\/\/www.vkd.com\/lv-bayern\/news\/an-alle-zweigvereine\/","og_site_name":"Landesverband der K\u00f6che Bayern","article_published_time":"2025-01-20T18:19:31+00:00","og_image":[{"width":600,"height":450,"url":"https:\/\/www.vkd.com\/lv-bayern\/wp-content\/uploads\/sites\/14\/2024\/10\/IMG-20241026-WA0005600x450.jpg","type":"image\/jpeg"}],"author":"Kostadinov Alexander","twitter_card":"summary_large_image","twitter_misc":{"Verfasst von":"Kostadinov Alexander","Gesch\u00e4tzte Lesezeit":"1\u00a0Minute"},"schema":{"@context":"https:\/\/schema.org","@graph":[{"@type":"WebPage","@id":"https:\/\/www.vkd.com\/lv-bayern\/news\/an-alle-zweigvereine\/","url":"https:\/\/www.vkd.com\/lv-bayern\/news\/an-alle-zweigvereine\/","name":"An alle Zweigvereine - Landesverband der K\u00f6che Bayern","isPartOf":{"@id":"https:\/\/www.vkd.com\/lv-bayern\/#website"},"datePublished":"2025-01-20T18:19:31+00:00","dateModified":"2025-01-20T18:19:31+00:00","author":{"@id":"https:\/\/www.vkd.com\/lv-bayern\/#\/schema\/person\/19c4bb106ca4de98c60e2cb5ac7f572f"},"breadcrumb":{"@id":"https:\/\/www.vkd.com\/lv-bayern\/news\/an-alle-zweigvereine\/#breadcrumb"},"inLanguage":"de","potentialAction":[{"@type":"ReadAction","target":["https:\/\/www.vkd.com\/lv-bayern\/news\/an-alle-zweigvereine\/"]}]},{"@type":"BreadcrumbList","@id":"https:\/\/www.vkd.com\/lv-bayern\/news\/an-alle-zweigvereine\/#breadcrumb","itemListElement":[{"@type":"ListItem","position":1,"name":"Startseite","item":"https:\/\/www.vkd.com\/lv-bayern\/"},{"@type":"ListItem","position":2,"name":"An alle Zweigvereine"}]},{"@type":"WebSite","@id":"https:\/\/www.vkd.com\/lv-bayern\/#website","url":"https:\/\/www.vkd.com\/lv-bayern\/","name":"Landesverband der K\u00f6che Bayern","description":"Landesverband im Verband der K\u00f6che Deutschlands e.V.","potentialAction":[{"@type":"SearchAction","target":{"@type":"EntryPoint","urlTemplate":"https:\/\/www.vkd.com\/lv-bayern\/?s={search_term_string}"},"query-input":"required name=search_term_string"}],"inLanguage":"de"},{"@type":"Person","@id":"https:\/\/www.vkd.com\/lv-bayern\/#\/schema\/person\/19c4bb106ca4de98c60e2cb5ac7f572f","name":"Kostadinov Alexander","image":{"@type":"ImageObject","inLanguage":"de","@id":"https:\/\/www.vkd.com\/lv-bayern\/#\/schema\/person\/image\/","url":"https:\/\/secure.gravatar.com\/avatar\/b0cb85e5c215fe1114e6d2404492358d?s=96&d=mm&r=g","contentUrl":"https:\/\/secure.gravatar.com\/avatar\/b0cb85e5c215fe1114e6d2404492358d?s=96&d=mm&r=g","caption":"Kostadinov Alexander"},"url":"https:\/\/www.vkd.com\/lv-bayern\/news\/author\/gentscher-jungentscher-de\/"}]}},"_links":{"self":[{"href":"https:\/\/www.vkd.com\/lv-bayern\/wp-json\/wp\/v2\/posts\/1197"}],"collection":[{"href":"https:\/\/www.vkd.com\/lv-bayern\/wp-json\/wp\/v2\/posts"}],"about":[{"href":"https:\/\/www.vkd.com\/lv-bayern\/wp-json\/wp\/v2\/types\/post"}],"author":[{"embeddable":true,"href":"https:\/\/www.vkd.com\/lv-bayern\/wp-json\/wp\/v2\/users\/1955"}],"replies":[{"embeddable":true,"href":"https:\/\/www.vkd.com\/lv-bayern\/wp-json\/wp\/v2\/comments?post=1197"}],"version-history":[{"count":3,"href":"https:\/\/www.vkd.com\/lv-bayern\/wp-json\/wp\/v2\/posts\/1197\/revisions"}],"predecessor-version":[{"id":1201,"href":"https:\/\/www.vkd.com\/lv-bayern\/wp-json\/wp\/v2\/posts\/1197\/revisions\/1201"}],"wp:featuredmedia":[{"embeddable":true,"href":"https:\/\/www.vkd.com\/lv-bayern\/wp-json\/wp\/v2\/media\/986"}],"wp:attachment":[{"href":"https:\/\/www.vkd.com\/lv-bayern\/wp-json\/wp\/v2\/media?parent=1197"}],"wp:term":[{"taxonomy":"category","embeddable":true,"href":"https:\/\/www.vkd.com\/lv-bayern\/wp-json\/wp\/v2\/categories?post=1197"},{"taxonomy":"post_tag","embeddable":true,"href":"https:\/\/www.vkd.com\/lv-bayern\/wp-json\/wp\/v2\/tags?post=1197"}],"curies":[{"name":"wp","href":"https:\/\/api.w.org\/{rel}","templated":true}]}}