{"id":1187,"date":"2025-01-18T10:49:57","date_gmt":"2025-01-18T09:49:57","guid":{"rendered":"https:\/\/www.vkd.com\/lv-bayern\/?p=1187"},"modified":"2025-01-19T09:00:55","modified_gmt":"2025-01-19T08:00:55","slug":"landesverbandstagung-fruehjahrstagung-2025","status":"publish","type":"post","link":"https:\/\/www.vkd.com\/lv-bayern\/news\/landesverbandstagung-fruehjahrstagung-2025\/","title":{"rendered":"LANDESVERBANDSTAGUNG &#8211; Fr\u00fchjahrstagung 2025"},"content":{"rendered":"<p><img decoding=\"async\" loading=\"lazy\" class=\"size-large wp-image-1183 aligncenter\" src=\"https:\/\/www.vkd.com\/lv-bayern\/wp-content\/uploads\/sites\/14\/2025\/01\/TitelbildFruehjahrstagung-1024x576.jpg\" alt=\"Titelbildfr\u00fchjahrstagung\" width=\"1024\" height=\"576\" srcset=\"https:\/\/www.vkd.com\/lv-bayern\/wp-content\/uploads\/sites\/14\/2025\/01\/TitelbildFruehjahrstagung-1024x576.jpg 1024w, https:\/\/www.vkd.com\/lv-bayern\/wp-content\/uploads\/sites\/14\/2025\/01\/TitelbildFruehjahrstagung-300x169.jpg 300w, https:\/\/www.vkd.com\/lv-bayern\/wp-content\/uploads\/sites\/14\/2025\/01\/TitelbildFruehjahrstagung-768x432.jpg 768w, https:\/\/www.vkd.com\/lv-bayern\/wp-content\/uploads\/sites\/14\/2025\/01\/TitelbildFruehjahrstagung-640x360.jpg 640w, https:\/\/www.vkd.com\/lv-bayern\/wp-content\/uploads\/sites\/14\/2025\/01\/TitelbildFruehjahrstagung.jpg 1280w\" sizes=\"(max-width: 1024px) 100vw, 1024px\" \/>Sehr geehrte Damen und Herren, liebe Kolleginnen und Kollegen,<\/p>\n<p>als Berufsfachverband der K\u00f6che Bayern laden wir Sie herzlich zur Fr\u00fchjahrs-Tagung vom 28. bis 30. M\u00e4rz 2025 nach Rothenburg ob der Tauber ein. Wir freuen uns auf zahlreiche Teilnehmer und bitten um verbindliche Anmeldung bis sp\u00e4testens 21. M\u00e4rz 2025 unter der E-Mail-Adresse <a href=\"mailto:koeche@koeche-bayern.de\" rel=\"noopener\">koeche@koeche-bayern.de<\/a><\/p>\n<p>In K\u00fcrze werden wir das detaillierte Rahmenprogramm sowie Informationen zu den Tagungsdetails und \u00dcbernachtungsm\u00f6glichkeiten ver\u00f6ffentlichen. Auch alle Zweigvereine sind herzlich eingeladen, sich aktiv an der Veranstaltung zu beteiligen. Wir bitten um fr\u00fchzeitige Anmeldung der Wortmeldungen, um eine optimale Planung der Tagung zu gew\u00e4hrleisten.<\/p>\n<p>Ein zentraler Tagesordnungspunkt wird die geplante Satzungs\u00e4nderung im VKD sein. Wir m\u00f6chten diese Gelegenheit nutzen, um gemeinsam mit Ihnen zu diskutieren und sich auszutauschen.<\/p>\n<p>Nutzen Sie die Veranstaltung als Plattform f\u00fcr die Zukunft unseres Berufsstands und kommen Sie vorbei \u2013 Ihre Teilnahme ist von gro\u00dfer Bedeutung.<\/p>\n<p>Wir freuen uns auf Ihre Teilnahme und einen konstruktiven Austausch.<\/p>\n<p>Mit freundlichen Gr\u00fc\u00dfen<br \/>\n<strong>Ihre Vorstandschaft<\/strong><br \/>\n<strong>Berufsfachverband der K\u00f6che Bayern<\/strong><\/p>\n","protected":false},"excerpt":{"rendered":"<p>Sehr geehrte Damen und Herren, liebe Kolleginnen und Kollegen, als Berufsfachverband der K\u00f6che Bayern laden wir Sie herzlich zur Fr\u00fchjahrs-Tagung vom 28. bis 30. M\u00e4rz 2025 nach Rothenburg ob der Tauber ein. Wir freuen uns auf zahlreiche Teilnehmer und bitten um verbindliche Anmeldung bis sp\u00e4testens 21. M\u00e4rz 2025 unter der E-Mail-Adresse koeche@koeche-bayern.de In K\u00fcrze werden&#8230;<\/p>\n","protected":false},"author":1955,"featured_media":1185,"comment_status":"closed","ping_status":"open","sticky":false,"template":"","format":"standard","meta":[],"categories":[1],"tags":[6,24,5,7,15,9,8,11],"yoast_head":"<!-- This site is optimized with the Yoast SEO plugin v20.0 - https:\/\/yoast.com\/wordpress\/plugins\/seo\/ -->\n<title>LANDESVERBANDSTAGUNG - Fr\u00fchjahrstagung 2025 - Landesverband der K\u00f6che Bayern<\/title>\n<meta name=\"robots\" content=\"noindex, follow, max-snippet:-1, max-image-preview:large, max-video-preview:-1\" \/>\n<meta property=\"og:locale\" content=\"de_DE\" \/>\n<meta property=\"og:type\" content=\"article\" \/>\n<meta property=\"og:title\" content=\"LANDESVERBANDSTAGUNG - Fr\u00fchjahrstagung 2025 - Landesverband der K\u00f6che Bayern\" \/>\n<meta property=\"og:description\" content=\"Sehr geehrte Damen und Herren, liebe Kolleginnen und Kollegen, als Berufsfachverband der K\u00f6che Bayern laden wir Sie herzlich zur Fr\u00fchjahrs-Tagung vom 28. bis 30. M\u00e4rz 2025 nach Rothenburg ob der Tauber ein. Wir freuen uns auf zahlreiche Teilnehmer und bitten um verbindliche Anmeldung bis sp\u00e4testens 21. M\u00e4rz 2025 unter der E-Mail-Adresse koeche@koeche-bayern.de In K\u00fcrze werden...\" \/>\n<meta property=\"og:url\" content=\"https:\/\/www.vkd.com\/lv-bayern\/news\/landesverbandstagung-fruehjahrstagung-2025\/\" \/>\n<meta property=\"og:site_name\" content=\"Landesverband der K\u00f6che Bayern\" \/>\n<meta property=\"article:published_time\" content=\"2025-01-18T09:49:57+00:00\" \/>\n<meta property=\"article:modified_time\" content=\"2025-01-19T08:00:55+00:00\" \/>\n<meta property=\"og:image\" content=\"https:\/\/www.vkd.com\/lv-bayern\/wp-content\/uploads\/sites\/14\/2025\/01\/Savethedate.png\" \/>\n\t<meta property=\"og:image:width\" content=\"495\" \/>\n\t<meta property=\"og:image:height\" content=\"496\" \/>\n\t<meta property=\"og:image:type\" content=\"image\/png\" \/>\n<meta name=\"author\" content=\"Kostadinov Alexander\" \/>\n<meta name=\"twitter:card\" content=\"summary_large_image\" \/>\n<meta name=\"twitter:label1\" content=\"Verfasst von\" \/>\n\t<meta name=\"twitter:data1\" content=\"Kostadinov Alexander\" \/>\n\t<meta name=\"twitter:label2\" content=\"Gesch\u00e4tzte Lesezeit\" \/>\n\t<meta name=\"twitter:data2\" content=\"2\u00a0Minuten\" \/>\n<script type=\"application\/ld+json\" class=\"yoast-schema-graph\">{\"@context\":\"https:\/\/schema.org\",\"@graph\":[{\"@type\":\"WebPage\",\"@id\":\"https:\/\/www.vkd.com\/lv-bayern\/news\/landesverbandstagung-fruehjahrstagung-2025\/\",\"url\":\"https:\/\/www.vkd.com\/lv-bayern\/news\/landesverbandstagung-fruehjahrstagung-2025\/\",\"name\":\"LANDESVERBANDSTAGUNG - Fr\u00fchjahrstagung 2025 - Landesverband der K\u00f6che Bayern\",\"isPartOf\":{\"@id\":\"https:\/\/www.vkd.com\/lv-bayern\/#website\"},\"datePublished\":\"2025-01-18T09:49:57+00:00\",\"dateModified\":\"2025-01-19T08:00:55+00:00\",\"author\":{\"@id\":\"https:\/\/www.vkd.com\/lv-bayern\/#\/schema\/person\/19c4bb106ca4de98c60e2cb5ac7f572f\"},\"breadcrumb\":{\"@id\":\"https:\/\/www.vkd.com\/lv-bayern\/news\/landesverbandstagung-fruehjahrstagung-2025\/#breadcrumb\"},\"inLanguage\":\"de\",\"potentialAction\":[{\"@type\":\"ReadAction\",\"target\":[\"https:\/\/www.vkd.com\/lv-bayern\/news\/landesverbandstagung-fruehjahrstagung-2025\/\"]}]},{\"@type\":\"BreadcrumbList\",\"@id\":\"https:\/\/www.vkd.com\/lv-bayern\/news\/landesverbandstagung-fruehjahrstagung-2025\/#breadcrumb\",\"itemListElement\":[{\"@type\":\"ListItem\",\"position\":1,\"name\":\"Startseite\",\"item\":\"https:\/\/www.vkd.com\/lv-bayern\/\"},{\"@type\":\"ListItem\",\"position\":2,\"name\":\"LANDESVERBANDSTAGUNG &#8211; Fr\u00fchjahrstagung 2025\"}]},{\"@type\":\"WebSite\",\"@id\":\"https:\/\/www.vkd.com\/lv-bayern\/#website\",\"url\":\"https:\/\/www.vkd.com\/lv-bayern\/\",\"name\":\"Landesverband der K\u00f6che Bayern\",\"description\":\"Landesverband im Verband der K\u00f6che Deutschlands e.V.\",\"potentialAction\":[{\"@type\":\"SearchAction\",\"target\":{\"@type\":\"EntryPoint\",\"urlTemplate\":\"https:\/\/www.vkd.com\/lv-bayern\/?s={search_term_string}\"},\"query-input\":\"required name=search_term_string\"}],\"inLanguage\":\"de\"},{\"@type\":\"Person\",\"@id\":\"https:\/\/www.vkd.com\/lv-bayern\/#\/schema\/person\/19c4bb106ca4de98c60e2cb5ac7f572f\",\"name\":\"Kostadinov Alexander\",\"image\":{\"@type\":\"ImageObject\",\"inLanguage\":\"de\",\"@id\":\"https:\/\/www.vkd.com\/lv-bayern\/#\/schema\/person\/image\/\",\"url\":\"https:\/\/secure.gravatar.com\/avatar\/b0cb85e5c215fe1114e6d2404492358d?s=96&d=mm&r=g\",\"contentUrl\":\"https:\/\/secure.gravatar.com\/avatar\/b0cb85e5c215fe1114e6d2404492358d?s=96&d=mm&r=g\",\"caption\":\"Kostadinov Alexander\"},\"url\":\"https:\/\/www.vkd.com\/lv-bayern\/news\/author\/gentscher-jungentscher-de\/\"}]}<\/script>\n<!-- \/ Yoast SEO plugin. -->","yoast_head_json":{"title":"LANDESVERBANDSTAGUNG - Fr\u00fchjahrstagung 2025 - Landesverband der K\u00f6che Bayern","robots":{"index":"noindex","follow":"follow","max-snippet":"max-snippet:-1","max-image-preview":"max-image-preview:large","max-video-preview":"max-video-preview:-1"},"og_locale":"de_DE","og_type":"article","og_title":"LANDESVERBANDSTAGUNG - Fr\u00fchjahrstagung 2025 - Landesverband der K\u00f6che Bayern","og_description":"Sehr geehrte Damen und Herren, liebe Kolleginnen und Kollegen, als Berufsfachverband der K\u00f6che Bayern laden wir Sie herzlich zur Fr\u00fchjahrs-Tagung vom 28. bis 30. M\u00e4rz 2025 nach Rothenburg ob der Tauber ein. Wir freuen uns auf zahlreiche Teilnehmer und bitten um verbindliche Anmeldung bis sp\u00e4testens 21. M\u00e4rz 2025 unter der E-Mail-Adresse koeche@koeche-bayern.de In K\u00fcrze werden...","og_url":"https:\/\/www.vkd.com\/lv-bayern\/news\/landesverbandstagung-fruehjahrstagung-2025\/","og_site_name":"Landesverband der K\u00f6che Bayern","article_published_time":"2025-01-18T09:49:57+00:00","article_modified_time":"2025-01-19T08:00:55+00:00","og_image":[{"width":495,"height":496,"url":"https:\/\/www.vkd.com\/lv-bayern\/wp-content\/uploads\/sites\/14\/2025\/01\/Savethedate.png","type":"image\/png"}],"author":"Kostadinov Alexander","twitter_card":"summary_large_image","twitter_misc":{"Verfasst von":"Kostadinov Alexander","Gesch\u00e4tzte Lesezeit":"2\u00a0Minuten"},"schema":{"@context":"https:\/\/schema.org","@graph":[{"@type":"WebPage","@id":"https:\/\/www.vkd.com\/lv-bayern\/news\/landesverbandstagung-fruehjahrstagung-2025\/","url":"https:\/\/www.vkd.com\/lv-bayern\/news\/landesverbandstagung-fruehjahrstagung-2025\/","name":"LANDESVERBANDSTAGUNG - Fr\u00fchjahrstagung 2025 - Landesverband der K\u00f6che Bayern","isPartOf":{"@id":"https:\/\/www.vkd.com\/lv-bayern\/#website"},"datePublished":"2025-01-18T09:49:57+00:00","dateModified":"2025-01-19T08:00:55+00:00","author":{"@id":"https:\/\/www.vkd.com\/lv-bayern\/#\/schema\/person\/19c4bb106ca4de98c60e2cb5ac7f572f"},"breadcrumb":{"@id":"https:\/\/www.vkd.com\/lv-bayern\/news\/landesverbandstagung-fruehjahrstagung-2025\/#breadcrumb"},"inLanguage":"de","potentialAction":[{"@type":"ReadAction","target":["https:\/\/www.vkd.com\/lv-bayern\/news\/landesverbandstagung-fruehjahrstagung-2025\/"]}]},{"@type":"BreadcrumbList","@id":"https:\/\/www.vkd.com\/lv-bayern\/news\/landesverbandstagung-fruehjahrstagung-2025\/#breadcrumb","itemListElement":[{"@type":"ListItem","position":1,"name":"Startseite","item":"https:\/\/www.vkd.com\/lv-bayern\/"},{"@type":"ListItem","position":2,"name":"LANDESVERBANDSTAGUNG &#8211; Fr\u00fchjahrstagung 2025"}]},{"@type":"WebSite","@id":"https:\/\/www.vkd.com\/lv-bayern\/#website","url":"https:\/\/www.vkd.com\/lv-bayern\/","name":"Landesverband der K\u00f6che Bayern","description":"Landesverband im Verband der K\u00f6che Deutschlands e.V.","potentialAction":[{"@type":"SearchAction","target":{"@type":"EntryPoint","urlTemplate":"https:\/\/www.vkd.com\/lv-bayern\/?s={search_term_string}"},"query-input":"required name=search_term_string"}],"inLanguage":"de"},{"@type":"Person","@id":"https:\/\/www.vkd.com\/lv-bayern\/#\/schema\/person\/19c4bb106ca4de98c60e2cb5ac7f572f","name":"Kostadinov Alexander","image":{"@type":"ImageObject","inLanguage":"de","@id":"https:\/\/www.vkd.com\/lv-bayern\/#\/schema\/person\/image\/","url":"https:\/\/secure.gravatar.com\/avatar\/b0cb85e5c215fe1114e6d2404492358d?s=96&d=mm&r=g","contentUrl":"https:\/\/secure.gravatar.com\/avatar\/b0cb85e5c215fe1114e6d2404492358d?s=96&d=mm&r=g","caption":"Kostadinov Alexander"},"url":"https:\/\/www.vkd.com\/lv-bayern\/news\/author\/gentscher-jungentscher-de\/"}]}},"_links":{"self":[{"href":"https:\/\/www.vkd.com\/lv-bayern\/wp-json\/wp\/v2\/posts\/1187"}],"collection":[{"href":"https:\/\/www.vkd.com\/lv-bayern\/wp-json\/wp\/v2\/posts"}],"about":[{"href":"https:\/\/www.vkd.com\/lv-bayern\/wp-json\/wp\/v2\/types\/post"}],"author":[{"embeddable":true,"href":"https:\/\/www.vkd.com\/lv-bayern\/wp-json\/wp\/v2\/users\/1955"}],"replies":[{"embeddable":true,"href":"https:\/\/www.vkd.com\/lv-bayern\/wp-json\/wp\/v2\/comments?post=1187"}],"version-history":[{"count":6,"href":"https:\/\/www.vkd.com\/lv-bayern\/wp-json\/wp\/v2\/posts\/1187\/revisions"}],"predecessor-version":[{"id":1195,"href":"https:\/\/www.vkd.com\/lv-bayern\/wp-json\/wp\/v2\/posts\/1187\/revisions\/1195"}],"wp:featuredmedia":[{"embeddable":true,"href":"https:\/\/www.vkd.com\/lv-bayern\/wp-json\/wp\/v2\/media\/1185"}],"wp:attachment":[{"href":"https:\/\/www.vkd.com\/lv-bayern\/wp-json\/wp\/v2\/media?parent=1187"}],"wp:term":[{"taxonomy":"category","embeddable":true,"href":"https:\/\/www.vkd.com\/lv-bayern\/wp-json\/wp\/v2\/categories?post=1187"},{"taxonomy":"post_tag","embeddable":true,"href":"https:\/\/www.vkd.com\/lv-bayern\/wp-json\/wp\/v2\/tags?post=1187"}],"curies":[{"name":"wp","href":"https:\/\/api.w.org\/{rel}","templated":true}]}}