{"id":1166,"date":"2024-12-23T12:43:29","date_gmt":"2024-12-23T11:43:29","guid":{"rendered":"https:\/\/www.vkd.com\/lv-bayern\/?p=1166"},"modified":"2024-12-23T12:43:29","modified_gmt":"2024-12-23T11:43:29","slug":"freikarten-fuer-die-hoga-messe-in-nuernberg","status":"publish","type":"post","link":"https:\/\/www.vkd.com\/lv-bayern\/news\/freikarten-fuer-die-hoga-messe-in-nuernberg\/","title":{"rendered":"Freikarten f\u00fcr die HOGA-Messe in N\u00fcrnberg"},"content":{"rendered":"<h5>Guten Tag euch allen \ud83d\ude0a\u2728<\/h5>\n<p>Wir konnten ein paar Freikarten f\u00fcr die HOGA-Messe in N\u00fcrnberg ergattern und m\u00f6chten euch bitten, die Verlosung anbei euren Sch\u00fctzlingen weiter zu geben.<br \/>\nDie Teilnahme und Teilnahmebedingungen findet ihr auf <strong><a href=\"https:\/\/www.instagram.com\/daskochcamp\" target=\"_blank\" rel=\"noopener\">Instagram unter dem Profil daskochcamp<\/a> <\/strong>statt.<\/p>\n<p>Herzlichen Dank und liebe Gr\u00fc\u00dfe<br \/>\nSimone Engelhardt<br \/>\nAndrea Moosburger<br \/>\nVeronika Schiele<\/p>\n<h3><a href=\"https:\/\/www.daskochcamp.de\/\" target=\"_blank\" rel=\"noopener\">DAS KOCHCAMP<\/a><\/h3>\n<p><img decoding=\"async\" loading=\"lazy\" class=\"size-large wp-image-1170\" src=\"https:\/\/www.vkd.com\/lv-bayern\/wp-content\/uploads\/sites\/14\/2024\/12\/1000044544-1024x1024.jpg\" alt=\"1000044544\" width=\"1024\" height=\"1024\" srcset=\"https:\/\/www.vkd.com\/lv-bayern\/wp-content\/uploads\/sites\/14\/2024\/12\/1000044544-1024x1024.jpg 1024w, https:\/\/www.vkd.com\/lv-bayern\/wp-content\/uploads\/sites\/14\/2024\/12\/1000044544-300x300.jpg 300w, https:\/\/www.vkd.com\/lv-bayern\/wp-content\/uploads\/sites\/14\/2024\/12\/1000044544-150x150.jpg 150w, https:\/\/www.vkd.com\/lv-bayern\/wp-content\/uploads\/sites\/14\/2024\/12\/1000044544-768x768.jpg 768w, https:\/\/www.vkd.com\/lv-bayern\/wp-content\/uploads\/sites\/14\/2024\/12\/1000044544-10x10.jpg 10w, https:\/\/www.vkd.com\/lv-bayern\/wp-content\/uploads\/sites\/14\/2024\/12\/1000044544-350x350.jpg 350w, https:\/\/www.vkd.com\/lv-bayern\/wp-content\/uploads\/sites\/14\/2024\/12\/1000044544-650x650.jpg 650w, https:\/\/www.vkd.com\/lv-bayern\/wp-content\/uploads\/sites\/14\/2024\/12\/1000044544.jpg 1080w\" sizes=\"(max-width: 1024px) 100vw, 1024px\" \/><\/p>\n<p><img decoding=\"async\" loading=\"lazy\" class=\"size-large wp-image-1171\" src=\"https:\/\/www.vkd.com\/lv-bayern\/wp-content\/uploads\/sites\/14\/2024\/12\/1000044546-1024x1024.jpg\" alt=\"1000044546\" width=\"1024\" height=\"1024\" srcset=\"https:\/\/www.vkd.com\/lv-bayern\/wp-content\/uploads\/sites\/14\/2024\/12\/1000044546-1024x1024.jpg 1024w, https:\/\/www.vkd.com\/lv-bayern\/wp-content\/uploads\/sites\/14\/2024\/12\/1000044546-300x300.jpg 300w, https:\/\/www.vkd.com\/lv-bayern\/wp-content\/uploads\/sites\/14\/2024\/12\/1000044546-150x150.jpg 150w, https:\/\/www.vkd.com\/lv-bayern\/wp-content\/uploads\/sites\/14\/2024\/12\/1000044546-768x768.jpg 768w, https:\/\/www.vkd.com\/lv-bayern\/wp-content\/uploads\/sites\/14\/2024\/12\/1000044546-10x10.jpg 10w, https:\/\/www.vkd.com\/lv-bayern\/wp-content\/uploads\/sites\/14\/2024\/12\/1000044546-350x350.jpg 350w, https:\/\/www.vkd.com\/lv-bayern\/wp-content\/uploads\/sites\/14\/2024\/12\/1000044546-650x650.jpg 650w, https:\/\/www.vkd.com\/lv-bayern\/wp-content\/uploads\/sites\/14\/2024\/12\/1000044546.jpg 1080w\" sizes=\"(max-width: 1024px) 100vw, 1024px\" \/><\/p>\n<p><img decoding=\"async\" loading=\"lazy\" class=\"size-large wp-image-1172\" src=\"https:\/\/www.vkd.com\/lv-bayern\/wp-content\/uploads\/sites\/14\/2024\/12\/1000044547-1024x1024.jpg\" alt=\"1000044547\" width=\"1024\" height=\"1024\" srcset=\"https:\/\/www.vkd.com\/lv-bayern\/wp-content\/uploads\/sites\/14\/2024\/12\/1000044547-1024x1024.jpg 1024w, https:\/\/www.vkd.com\/lv-bayern\/wp-content\/uploads\/sites\/14\/2024\/12\/1000044547-300x300.jpg 300w, https:\/\/www.vkd.com\/lv-bayern\/wp-content\/uploads\/sites\/14\/2024\/12\/1000044547-150x150.jpg 150w, https:\/\/www.vkd.com\/lv-bayern\/wp-content\/uploads\/sites\/14\/2024\/12\/1000044547-768x768.jpg 768w, https:\/\/www.vkd.com\/lv-bayern\/wp-content\/uploads\/sites\/14\/2024\/12\/1000044547-10x10.jpg 10w, https:\/\/www.vkd.com\/lv-bayern\/wp-content\/uploads\/sites\/14\/2024\/12\/1000044547-350x350.jpg 350w, https:\/\/www.vkd.com\/lv-bayern\/wp-content\/uploads\/sites\/14\/2024\/12\/1000044547-650x650.jpg 650w, https:\/\/www.vkd.com\/lv-bayern\/wp-content\/uploads\/sites\/14\/2024\/12\/1000044547.jpg 1080w\" sizes=\"(max-width: 1024px) 100vw, 1024px\" \/><\/p>\n<p><img decoding=\"async\" loading=\"lazy\" class=\"size-large wp-image-1173\" src=\"https:\/\/www.vkd.com\/lv-bayern\/wp-content\/uploads\/sites\/14\/2024\/12\/1000044551-1024x1024.jpg\" alt=\"1000044551\" width=\"1024\" height=\"1024\" srcset=\"https:\/\/www.vkd.com\/lv-bayern\/wp-content\/uploads\/sites\/14\/2024\/12\/1000044551-1024x1024.jpg 1024w, https:\/\/www.vkd.com\/lv-bayern\/wp-content\/uploads\/sites\/14\/2024\/12\/1000044551-300x300.jpg 300w, https:\/\/www.vkd.com\/lv-bayern\/wp-content\/uploads\/sites\/14\/2024\/12\/1000044551-150x150.jpg 150w, https:\/\/www.vkd.com\/lv-bayern\/wp-content\/uploads\/sites\/14\/2024\/12\/1000044551-768x768.jpg 768w, https:\/\/www.vkd.com\/lv-bayern\/wp-content\/uploads\/sites\/14\/2024\/12\/1000044551-10x10.jpg 10w, https:\/\/www.vkd.com\/lv-bayern\/wp-content\/uploads\/sites\/14\/2024\/12\/1000044551-350x350.jpg 350w, https:\/\/www.vkd.com\/lv-bayern\/wp-content\/uploads\/sites\/14\/2024\/12\/1000044551-650x650.jpg 650w, https:\/\/www.vkd.com\/lv-bayern\/wp-content\/uploads\/sites\/14\/2024\/12\/1000044551.jpg 1080w\" sizes=\"(max-width: 1024px) 100vw, 1024px\" \/><\/p>\n","protected":false},"excerpt":{"rendered":"<p>Guten Tag euch allen \ud83d\ude0a\u2728 Wir konnten ein paar Freikarten f\u00fcr die HOGA-Messe in N\u00fcrnberg ergattern und m\u00f6chten euch bitten, die Verlosung anbei euren Sch\u00fctzlingen weiter zu geben. Die Teilnahme und Teilnahmebedingungen findet ihr auf Instagram unter dem Profil daskochcamp statt. Herzlichen Dank und liebe Gr\u00fc\u00dfe Simone Engelhardt Andrea Moosburger Veronika Schiele DAS KOCHCAMP<\/p>\n","protected":false},"author":1955,"featured_media":1175,"comment_status":"closed","ping_status":"open","sticky":false,"template":"","format":"standard","meta":[],"categories":[1],"tags":[17,6,16,10,5,7,18,19,9],"yoast_head":"<!-- This site is optimized with the Yoast SEO plugin v20.0 - https:\/\/yoast.com\/wordpress\/plugins\/seo\/ -->\n<title>Freikarten f\u00fcr die HOGA-Messe in N\u00fcrnberg - Landesverband der K\u00f6che Bayern<\/title>\n<meta name=\"robots\" content=\"noindex, follow, max-snippet:-1, max-image-preview:large, max-video-preview:-1\" \/>\n<meta property=\"og:locale\" content=\"de_DE\" \/>\n<meta property=\"og:type\" content=\"article\" \/>\n<meta property=\"og:title\" content=\"Freikarten f\u00fcr die HOGA-Messe in N\u00fcrnberg - Landesverband der K\u00f6che Bayern\" \/>\n<meta property=\"og:description\" content=\"Guten Tag euch allen \ud83d\ude0a\u2728 Wir konnten ein paar Freikarten f\u00fcr die HOGA-Messe in N\u00fcrnberg ergattern und m\u00f6chten euch bitten, die Verlosung anbei euren Sch\u00fctzlingen weiter zu geben. Die Teilnahme und Teilnahmebedingungen findet ihr auf Instagram unter dem Profil daskochcamp statt. Herzlichen Dank und liebe Gr\u00fc\u00dfe Simone Engelhardt Andrea Moosburger Veronika Schiele DAS KOCHCAMP\" \/>\n<meta property=\"og:url\" content=\"https:\/\/www.vkd.com\/lv-bayern\/news\/freikarten-fuer-die-hoga-messe-in-nuernberg\/\" \/>\n<meta property=\"og:site_name\" content=\"Landesverband der K\u00f6che Bayern\" \/>\n<meta property=\"article:published_time\" content=\"2024-12-23T11:43:29+00:00\" \/>\n<meta property=\"og:image\" content=\"https:\/\/www.vkd.com\/lv-bayern\/wp-content\/uploads\/sites\/14\/2024\/12\/1000044543-1.jpg\" \/>\n\t<meta property=\"og:image:width\" content=\"1080\" \/>\n\t<meta property=\"og:image:height\" content=\"1080\" \/>\n\t<meta property=\"og:image:type\" content=\"image\/jpeg\" \/>\n<meta name=\"author\" content=\"Kostadinov Alexander\" \/>\n<meta name=\"twitter:card\" content=\"summary_large_image\" \/>\n<meta name=\"twitter:label1\" content=\"Verfasst von\" \/>\n\t<meta name=\"twitter:data1\" content=\"Kostadinov Alexander\" \/>\n\t<meta name=\"twitter:label2\" content=\"Gesch\u00e4tzte Lesezeit\" \/>\n\t<meta name=\"twitter:data2\" content=\"2\u00a0Minuten\" \/>\n<script type=\"application\/ld+json\" class=\"yoast-schema-graph\">{\"@context\":\"https:\/\/schema.org\",\"@graph\":[{\"@type\":\"WebPage\",\"@id\":\"https:\/\/www.vkd.com\/lv-bayern\/news\/freikarten-fuer-die-hoga-messe-in-nuernberg\/\",\"url\":\"https:\/\/www.vkd.com\/lv-bayern\/news\/freikarten-fuer-die-hoga-messe-in-nuernberg\/\",\"name\":\"Freikarten f\u00fcr die HOGA-Messe in N\u00fcrnberg - Landesverband der K\u00f6che Bayern\",\"isPartOf\":{\"@id\":\"https:\/\/www.vkd.com\/lv-bayern\/#website\"},\"datePublished\":\"2024-12-23T11:43:29+00:00\",\"dateModified\":\"2024-12-23T11:43:29+00:00\",\"author\":{\"@id\":\"https:\/\/www.vkd.com\/lv-bayern\/#\/schema\/person\/19c4bb106ca4de98c60e2cb5ac7f572f\"},\"breadcrumb\":{\"@id\":\"https:\/\/www.vkd.com\/lv-bayern\/news\/freikarten-fuer-die-hoga-messe-in-nuernberg\/#breadcrumb\"},\"inLanguage\":\"de\",\"potentialAction\":[{\"@type\":\"ReadAction\",\"target\":[\"https:\/\/www.vkd.com\/lv-bayern\/news\/freikarten-fuer-die-hoga-messe-in-nuernberg\/\"]}]},{\"@type\":\"BreadcrumbList\",\"@id\":\"https:\/\/www.vkd.com\/lv-bayern\/news\/freikarten-fuer-die-hoga-messe-in-nuernberg\/#breadcrumb\",\"itemListElement\":[{\"@type\":\"ListItem\",\"position\":1,\"name\":\"Startseite\",\"item\":\"https:\/\/www.vkd.com\/lv-bayern\/\"},{\"@type\":\"ListItem\",\"position\":2,\"name\":\"Freikarten f\u00fcr die HOGA-Messe in N\u00fcrnberg\"}]},{\"@type\":\"WebSite\",\"@id\":\"https:\/\/www.vkd.com\/lv-bayern\/#website\",\"url\":\"https:\/\/www.vkd.com\/lv-bayern\/\",\"name\":\"Landesverband der K\u00f6che Bayern\",\"description\":\"Landesverband im Verband der K\u00f6che Deutschlands e.V.\",\"potentialAction\":[{\"@type\":\"SearchAction\",\"target\":{\"@type\":\"EntryPoint\",\"urlTemplate\":\"https:\/\/www.vkd.com\/lv-bayern\/?s={search_term_string}\"},\"query-input\":\"required name=search_term_string\"}],\"inLanguage\":\"de\"},{\"@type\":\"Person\",\"@id\":\"https:\/\/www.vkd.com\/lv-bayern\/#\/schema\/person\/19c4bb106ca4de98c60e2cb5ac7f572f\",\"name\":\"Kostadinov Alexander\",\"image\":{\"@type\":\"ImageObject\",\"inLanguage\":\"de\",\"@id\":\"https:\/\/www.vkd.com\/lv-bayern\/#\/schema\/person\/image\/\",\"url\":\"https:\/\/secure.gravatar.com\/avatar\/b0cb85e5c215fe1114e6d2404492358d?s=96&d=mm&r=g\",\"contentUrl\":\"https:\/\/secure.gravatar.com\/avatar\/b0cb85e5c215fe1114e6d2404492358d?s=96&d=mm&r=g\",\"caption\":\"Kostadinov Alexander\"},\"url\":\"https:\/\/www.vkd.com\/lv-bayern\/news\/author\/gentscher-jungentscher-de\/\"}]}<\/script>\n<!-- \/ Yoast SEO plugin. -->","yoast_head_json":{"title":"Freikarten f\u00fcr die HOGA-Messe in N\u00fcrnberg - Landesverband der K\u00f6che Bayern","robots":{"index":"noindex","follow":"follow","max-snippet":"max-snippet:-1","max-image-preview":"max-image-preview:large","max-video-preview":"max-video-preview:-1"},"og_locale":"de_DE","og_type":"article","og_title":"Freikarten f\u00fcr die HOGA-Messe in N\u00fcrnberg - Landesverband der K\u00f6che Bayern","og_description":"Guten Tag euch allen \ud83d\ude0a\u2728 Wir konnten ein paar Freikarten f\u00fcr die HOGA-Messe in N\u00fcrnberg ergattern und m\u00f6chten euch bitten, die Verlosung anbei euren Sch\u00fctzlingen weiter zu geben. Die Teilnahme und Teilnahmebedingungen findet ihr auf Instagram unter dem Profil daskochcamp statt. Herzlichen Dank und liebe Gr\u00fc\u00dfe Simone Engelhardt Andrea Moosburger Veronika Schiele DAS KOCHCAMP","og_url":"https:\/\/www.vkd.com\/lv-bayern\/news\/freikarten-fuer-die-hoga-messe-in-nuernberg\/","og_site_name":"Landesverband der K\u00f6che Bayern","article_published_time":"2024-12-23T11:43:29+00:00","og_image":[{"width":1080,"height":1080,"url":"https:\/\/www.vkd.com\/lv-bayern\/wp-content\/uploads\/sites\/14\/2024\/12\/1000044543-1.jpg","type":"image\/jpeg"}],"author":"Kostadinov Alexander","twitter_card":"summary_large_image","twitter_misc":{"Verfasst von":"Kostadinov Alexander","Gesch\u00e4tzte Lesezeit":"2\u00a0Minuten"},"schema":{"@context":"https:\/\/schema.org","@graph":[{"@type":"WebPage","@id":"https:\/\/www.vkd.com\/lv-bayern\/news\/freikarten-fuer-die-hoga-messe-in-nuernberg\/","url":"https:\/\/www.vkd.com\/lv-bayern\/news\/freikarten-fuer-die-hoga-messe-in-nuernberg\/","name":"Freikarten f\u00fcr die HOGA-Messe in N\u00fcrnberg - Landesverband der K\u00f6che Bayern","isPartOf":{"@id":"https:\/\/www.vkd.com\/lv-bayern\/#website"},"datePublished":"2024-12-23T11:43:29+00:00","dateModified":"2024-12-23T11:43:29+00:00","author":{"@id":"https:\/\/www.vkd.com\/lv-bayern\/#\/schema\/person\/19c4bb106ca4de98c60e2cb5ac7f572f"},"breadcrumb":{"@id":"https:\/\/www.vkd.com\/lv-bayern\/news\/freikarten-fuer-die-hoga-messe-in-nuernberg\/#breadcrumb"},"inLanguage":"de","potentialAction":[{"@type":"ReadAction","target":["https:\/\/www.vkd.com\/lv-bayern\/news\/freikarten-fuer-die-hoga-messe-in-nuernberg\/"]}]},{"@type":"BreadcrumbList","@id":"https:\/\/www.vkd.com\/lv-bayern\/news\/freikarten-fuer-die-hoga-messe-in-nuernberg\/#breadcrumb","itemListElement":[{"@type":"ListItem","position":1,"name":"Startseite","item":"https:\/\/www.vkd.com\/lv-bayern\/"},{"@type":"ListItem","position":2,"name":"Freikarten f\u00fcr die HOGA-Messe in N\u00fcrnberg"}]},{"@type":"WebSite","@id":"https:\/\/www.vkd.com\/lv-bayern\/#website","url":"https:\/\/www.vkd.com\/lv-bayern\/","name":"Landesverband der K\u00f6che Bayern","description":"Landesverband im Verband der K\u00f6che Deutschlands e.V.","potentialAction":[{"@type":"SearchAction","target":{"@type":"EntryPoint","urlTemplate":"https:\/\/www.vkd.com\/lv-bayern\/?s={search_term_string}"},"query-input":"required name=search_term_string"}],"inLanguage":"de"},{"@type":"Person","@id":"https:\/\/www.vkd.com\/lv-bayern\/#\/schema\/person\/19c4bb106ca4de98c60e2cb5ac7f572f","name":"Kostadinov Alexander","image":{"@type":"ImageObject","inLanguage":"de","@id":"https:\/\/www.vkd.com\/lv-bayern\/#\/schema\/person\/image\/","url":"https:\/\/secure.gravatar.com\/avatar\/b0cb85e5c215fe1114e6d2404492358d?s=96&d=mm&r=g","contentUrl":"https:\/\/secure.gravatar.com\/avatar\/b0cb85e5c215fe1114e6d2404492358d?s=96&d=mm&r=g","caption":"Kostadinov Alexander"},"url":"https:\/\/www.vkd.com\/lv-bayern\/news\/author\/gentscher-jungentscher-de\/"}]}},"_links":{"self":[{"href":"https:\/\/www.vkd.com\/lv-bayern\/wp-json\/wp\/v2\/posts\/1166"}],"collection":[{"href":"https:\/\/www.vkd.com\/lv-bayern\/wp-json\/wp\/v2\/posts"}],"about":[{"href":"https:\/\/www.vkd.com\/lv-bayern\/wp-json\/wp\/v2\/types\/post"}],"author":[{"embeddable":true,"href":"https:\/\/www.vkd.com\/lv-bayern\/wp-json\/wp\/v2\/users\/1955"}],"replies":[{"embeddable":true,"href":"https:\/\/www.vkd.com\/lv-bayern\/wp-json\/wp\/v2\/comments?post=1166"}],"version-history":[{"count":4,"href":"https:\/\/www.vkd.com\/lv-bayern\/wp-json\/wp\/v2\/posts\/1166\/revisions"}],"predecessor-version":[{"id":1176,"href":"https:\/\/www.vkd.com\/lv-bayern\/wp-json\/wp\/v2\/posts\/1166\/revisions\/1176"}],"wp:featuredmedia":[{"embeddable":true,"href":"https:\/\/www.vkd.com\/lv-bayern\/wp-json\/wp\/v2\/media\/1175"}],"wp:attachment":[{"href":"https:\/\/www.vkd.com\/lv-bayern\/wp-json\/wp\/v2\/media?parent=1166"}],"wp:term":[{"taxonomy":"category","embeddable":true,"href":"https:\/\/www.vkd.com\/lv-bayern\/wp-json\/wp\/v2\/categories?post=1166"},{"taxonomy":"post_tag","embeddable":true,"href":"https:\/\/www.vkd.com\/lv-bayern\/wp-json\/wp\/v2\/tags?post=1166"}],"curies":[{"name":"wp","href":"https:\/\/api.w.org\/{rel}","templated":true}]}}