{"id":1052,"date":"2024-11-22T15:38:47","date_gmt":"2024-11-22T14:38:47","guid":{"rendered":"https:\/\/www.vkd.com\/lv-bayern\/?p=1052"},"modified":"2024-11-22T15:39:48","modified_gmt":"2024-11-22T14:39:48","slug":"ehre-wem-ehre-gebuehrt","status":"publish","type":"post","link":"https:\/\/www.vkd.com\/lv-bayern\/news\/ehre-wem-ehre-gebuehrt\/","title":{"rendered":"Ehre wem Ehre geb\u00fchrt"},"content":{"rendered":"<p><strong>Im Rahmen der Herbsttagung des Landesverbands der K\u00f6che Bayern durfte unser 1. Vorsitzender Ralf B. Meneghini den Kollegen\u00a0Erhard Koch f\u00fcr 50 Jahre Mitgliedschaft im VKD auszeichnen!<\/strong><\/p>\n<div class=\"flex-shrink-0 flex flex-col relative items-end\">\n<div>\n<div class=\"pt-0\">\n<div class=\"gizmo-bot-avatar flex h-8 w-8 items-center justify-center overflow-hidden rounded-full\">\n<div class=\"relative p-1 rounded-sm flex items-center justify-center bg-token-main-surface-primary text-token-text-primary h-8 w-8\"><\/div>\n<\/div>\n<\/div>\n<\/div>\n<\/div>\n<div class=\"group\/conversation-turn relative flex w-full min-w-0 flex-col agent-turn\">\n<div class=\"flex-col gap-1 md:gap-3\">\n<div class=\"flex max-w-full flex-col flex-grow\">\n<div class=\"min-h-8 text-message flex w-full flex-col items-end gap-2 whitespace-normal break-words [.text-message+&amp;]:mt-5\" dir=\"auto\" data-message-author-role=\"assistant\" data-message-id=\"840807dc-2601-411b-9136-5c9f7a0e466b\" data-client-thread-id=\"WEB:d09e5c5c-846b-4eed-a8ea-c05be9f68744\" data-message-model-slug=\"gpt-4o-mini\">\n<div class=\"flex w-full flex-col gap-1 empty:hidden first:pt-[3px]\">\n<div class=\"markdown prose w-full break-words dark:prose-invert light\">\n<blockquote><p><strong>Sehr geehrter Herr Koch,<\/strong><\/p>\n<p>&nbsp;<\/p>\n<p>wir haben die besondere Ehre, einen herausragenden Menschen f\u00fcr seine au\u00dfergew\u00f6hnliche Treue und sein unerm\u00fcdliches Engagement zu ehren. Seit 50 Jahren sind Sie nun schon Mitglied unseres Berufsfachverbandes. F\u00fcnf Jahrzehnten, in denen sie nicht nur als Mitglied, sondern auch als aktiver Mitgestalter in unserem Verband stets mit Herzblut und Leidenschaft dabei waren.<\/p>\n<p>&nbsp;<\/p>\n<p>50 Jahre sind mehr als nur eine Zahl \u2013 sie stehen f\u00fcr eine ganze \u00c4ra des Lernens, des Gebens und des Voranbringens. In dieser Zeit haben sie ma\u00dfgeblich zur Weiterentwicklung und dem Erfolg unseres Berufs beigetragen, sei es durch die Teilnahme an zahlreichen Projekten, den Austausch von Wissen oder die Unterst\u00fctzung unserer Werte und Ziele. Ihr Einsatz und ihre Expertise haben viele von uns inspiriert und gezeigt, wie wichtig Zusammenhalt und Kooperation in unserer Branche sind.<\/p>\n<p>Mit dieser Ehrung m\u00f6chten wir nicht nur die langj\u00e4hrige Mitgliedschaft w\u00fcrdigen, sondern vor allem auch die wertvollen Impulse, die Sie\u00a0 \u00fcber all die Jahre eingebracht haben. Sie sind ein echtes Vorbild und eine Bereicherung f\u00fcr unseren Verband.<\/p>\n<p>&nbsp;<\/p>\n<p>Im Namen aller Mitglieder und der gesamten Vorstandschaft danken wir Erhard Koch herzlich f\u00fcr die Treue und den unerm\u00fcdlichen Einsatz und freuen uns, dass wir diesen besonderen Meilenstein gemeinsam feiern k\u00f6nnen. Wir hoffen auf viele weitere Jahre der erfolgreichen Zusammenarbeit und den Austausch und w\u00fcnschen f\u00fcr die Zukunft alles Gute und weiterhin viel Erfolg.<\/p>\n<p>&nbsp;<\/p>\n<p><strong>Herzlichen Gl\u00fcckwunsch und vielen Dank!<\/strong><\/p><\/blockquote>\n<\/div>\n<\/div>\n<\/div>\n<\/div>\n<\/div>\n<\/div>\n<p><img decoding=\"async\" loading=\"lazy\" class=\"size-medium wp-image-1053 aligncenter\" src=\"https:\/\/www.vkd.com\/lv-bayern\/wp-content\/uploads\/sites\/14\/2024\/11\/WhatsApp-Bild-2024-11-21-um-15.54.02_f1257f35-207x300.jpg\" alt=\"Whatsapp Bild 2024 11 21 Um 15.54.02 F1257f35\" width=\"207\" height=\"300\" srcset=\"https:\/\/www.vkd.com\/lv-bayern\/wp-content\/uploads\/sites\/14\/2024\/11\/WhatsApp-Bild-2024-11-21-um-15.54.02_f1257f35-207x300.jpg 207w, https:\/\/www.vkd.com\/lv-bayern\/wp-content\/uploads\/sites\/14\/2024\/11\/WhatsApp-Bild-2024-11-21-um-15.54.02_f1257f35-706x1024.jpg 706w, https:\/\/www.vkd.com\/lv-bayern\/wp-content\/uploads\/sites\/14\/2024\/11\/WhatsApp-Bild-2024-11-21-um-15.54.02_f1257f35-768x1115.jpg 768w, https:\/\/www.vkd.com\/lv-bayern\/wp-content\/uploads\/sites\/14\/2024\/11\/WhatsApp-Bild-2024-11-21-um-15.54.02_f1257f35.jpg 782w\" sizes=\"(max-width: 207px) 100vw, 207px\" \/><\/p>\n<p>&nbsp;<\/p>\n<p><strong>Ein Auszug aus der Vita von Erhard Koch<\/strong><\/p>\n<blockquote><p>Erhard Koch<br \/>\nWohnhaft in Ingolstadt, verheiratet und 2 Kinder.<\/p>\n<p>Lehre 1972 bis 1975\u00a0\u00a0 Wirtshaus im Spessart<br \/>\nAb 1978 div. Arbeitsstellen in Ingolstadt (Dampflok).<br \/>\nVon 1983 bis 1.1.2020 Alten und Pflegeheim Klinikum Ingolstadt.<br \/>\nAb 2020 Rentner.<\/p>\n<p>&nbsp;<\/p>\n<p>1999\u00a0 \u00a0 \u00a0Goldene Nadel VKD<br \/>\n2004\u00a0\u00a0\u00a0 Ehrennadel in Gold mit Brilliant Achenbach<br \/>\n2008\u00a0\u00a0\u00a0 goldene Verdienstnadel<br \/>\n2010\u00a0 \u00a0 \u00a0Ehrenvorstand Verein der K\u00f6che Ingolstadt e.V.<br \/>\n2011\u00a0\u00a0\u00a0\u00a0 silberne Ehrennadel Landesverband der K\u00f6che Bayern<br \/>\n<strong><u>2024\u00a0\u00a0\u00a0\u00a0 50 Jahre Mitglied im VKD<\/u><\/strong><\/p>\n<p>1985 bis 1992 Schriftf\u00fchrer und 1993 bis 2006 1.Vorsitzender im Verein der K\u00f6che Ingolstadt e.V.<\/p>\n<p><strong>Aktivit\u00e4ten des Vereins unter Leitung bzw. Mitarbeit:<\/strong><\/p>\n<p>2009\u00a0\u00a0 Vorentscheid Achenbachwettbewerb in Ingolstadt<br \/>\n20-j\u00e4hriges Vereinsjubil\u00e4um in Verbindung mit Tagung des Landesverbands der K\u00f6che Bayern in Ingolstadt 1995<br \/>\n35-j\u00e4hriges Vereinsjubil\u00e4um in Verbindung mit Tagung des Landesverbands der K\u00f6che Bayern in Pfahldorf 2000<br \/>\n17 Jugendwettbewerbe (Edeka Cup) im laufe der Jahre und gesamt 20 K\u00f6che B\u00e4lle.<\/p><\/blockquote>\n<div style=\"width: 478px;\" class=\"wp-video\"><!--[if lt IE 9]><script>document.createElement('video');<\/script><![endif]-->\n<video class=\"wp-video-shortcode\" id=\"video-1052-1\" width=\"478\" height=\"850\" preload=\"metadata\" controls=\"controls\"><source type=\"video\/mp4\" src=\"https:\/\/www.vkd.com\/lv-bayern\/wp-content\/uploads\/sites\/14\/2024\/11\/WhatsApp-Video-2024-11-21-um-17.38.48_a2496bc7.mp4?_=1\" \/><a href=\"https:\/\/www.vkd.com\/lv-bayern\/wp-content\/uploads\/sites\/14\/2024\/11\/WhatsApp-Video-2024-11-21-um-17.38.48_a2496bc7.mp4\">https:\/\/www.vkd.com\/lv-bayern\/wp-content\/uploads\/sites\/14\/2024\/11\/WhatsApp-Video-2024-11-21-um-17.38.48_a2496bc7.mp4<\/a><\/video><\/div>\n","protected":false},"excerpt":{"rendered":"<p>Im Rahmen der Herbsttagung des Landesverbands der K\u00f6che Bayern durfte unser 1. Vorsitzender Ralf B. Meneghini den Kollegen\u00a0Erhard Koch f\u00fcr 50 Jahre Mitgliedschaft im VKD auszeichnen! Sehr geehrter Herr Koch, &nbsp; wir haben die besondere Ehre, einen herausragenden Menschen f\u00fcr seine au\u00dfergew\u00f6hnliche Treue und sein unerm\u00fcdliches Engagement zu ehren. Seit 50 Jahren sind Sie nun&#8230;<\/p>\n","protected":false},"author":1955,"featured_media":1057,"comment_status":"closed","ping_status":"open","sticky":false,"template":"","format":"standard","meta":[],"categories":[1],"tags":[6,14,23,5,7,19,9,11],"yoast_head":"<!-- This site is optimized with the Yoast SEO plugin v20.0 - https:\/\/yoast.com\/wordpress\/plugins\/seo\/ -->\n<title>Ehre wem Ehre geb\u00fchrt - Landesverband der K\u00f6che Bayern<\/title>\n<meta name=\"robots\" content=\"noindex, follow, max-snippet:-1, max-image-preview:large, max-video-preview:-1\" \/>\n<meta property=\"og:locale\" content=\"de_DE\" \/>\n<meta property=\"og:type\" content=\"article\" \/>\n<meta property=\"og:title\" content=\"Ehre wem Ehre geb\u00fchrt - Landesverband der K\u00f6che Bayern\" \/>\n<meta property=\"og:description\" content=\"Im Rahmen der Herbsttagung des Landesverbands der K\u00f6che Bayern durfte unser 1. Vorsitzender Ralf B. Meneghini den Kollegen\u00a0Erhard Koch f\u00fcr 50 Jahre Mitgliedschaft im VKD auszeichnen! Sehr geehrter Herr Koch, &nbsp; wir haben die besondere Ehre, einen herausragenden Menschen f\u00fcr seine au\u00dfergew\u00f6hnliche Treue und sein unerm\u00fcdliches Engagement zu ehren. Seit 50 Jahren sind Sie nun...\" \/>\n<meta property=\"og:url\" content=\"https:\/\/www.vkd.com\/lv-bayern\/news\/ehre-wem-ehre-gebuehrt\/\" \/>\n<meta property=\"og:site_name\" content=\"Landesverband der K\u00f6che Bayern\" \/>\n<meta property=\"article:published_time\" content=\"2024-11-22T14:38:47+00:00\" \/>\n<meta property=\"article:modified_time\" content=\"2024-11-22T14:39:48+00:00\" \/>\n<meta property=\"og:image\" content=\"https:\/\/www.vkd.com\/lv-bayern\/wp-content\/uploads\/sites\/14\/2024\/11\/50.png\" \/>\n\t<meta property=\"og:image:width\" content=\"1771\" \/>\n\t<meta property=\"og:image:height\" content=\"1649\" \/>\n\t<meta property=\"og:image:type\" content=\"image\/png\" \/>\n<meta name=\"author\" content=\"Kostadinov Alexander\" \/>\n<meta name=\"twitter:card\" content=\"summary_large_image\" \/>\n<meta name=\"twitter:label1\" content=\"Verfasst von\" \/>\n\t<meta name=\"twitter:data1\" content=\"Kostadinov Alexander\" \/>\n\t<meta name=\"twitter:label2\" content=\"Gesch\u00e4tzte Lesezeit\" \/>\n\t<meta name=\"twitter:data2\" content=\"3\u00a0Minuten\" \/>\n<script type=\"application\/ld+json\" class=\"yoast-schema-graph\">{\"@context\":\"https:\/\/schema.org\",\"@graph\":[{\"@type\":\"WebPage\",\"@id\":\"https:\/\/www.vkd.com\/lv-bayern\/news\/ehre-wem-ehre-gebuehrt\/\",\"url\":\"https:\/\/www.vkd.com\/lv-bayern\/news\/ehre-wem-ehre-gebuehrt\/\",\"name\":\"Ehre wem Ehre geb\u00fchrt - Landesverband der K\u00f6che Bayern\",\"isPartOf\":{\"@id\":\"https:\/\/www.vkd.com\/lv-bayern\/#website\"},\"datePublished\":\"2024-11-22T14:38:47+00:00\",\"dateModified\":\"2024-11-22T14:39:48+00:00\",\"author\":{\"@id\":\"https:\/\/www.vkd.com\/lv-bayern\/#\/schema\/person\/19c4bb106ca4de98c60e2cb5ac7f572f\"},\"breadcrumb\":{\"@id\":\"https:\/\/www.vkd.com\/lv-bayern\/news\/ehre-wem-ehre-gebuehrt\/#breadcrumb\"},\"inLanguage\":\"de\",\"potentialAction\":[{\"@type\":\"ReadAction\",\"target\":[\"https:\/\/www.vkd.com\/lv-bayern\/news\/ehre-wem-ehre-gebuehrt\/\"]}]},{\"@type\":\"BreadcrumbList\",\"@id\":\"https:\/\/www.vkd.com\/lv-bayern\/news\/ehre-wem-ehre-gebuehrt\/#breadcrumb\",\"itemListElement\":[{\"@type\":\"ListItem\",\"position\":1,\"name\":\"Startseite\",\"item\":\"https:\/\/www.vkd.com\/lv-bayern\/\"},{\"@type\":\"ListItem\",\"position\":2,\"name\":\"Ehre wem Ehre geb\u00fchrt\"}]},{\"@type\":\"WebSite\",\"@id\":\"https:\/\/www.vkd.com\/lv-bayern\/#website\",\"url\":\"https:\/\/www.vkd.com\/lv-bayern\/\",\"name\":\"Landesverband der K\u00f6che Bayern\",\"description\":\"Landesverband im Verband der K\u00f6che Deutschlands e.V.\",\"potentialAction\":[{\"@type\":\"SearchAction\",\"target\":{\"@type\":\"EntryPoint\",\"urlTemplate\":\"https:\/\/www.vkd.com\/lv-bayern\/?s={search_term_string}\"},\"query-input\":\"required name=search_term_string\"}],\"inLanguage\":\"de\"},{\"@type\":\"Person\",\"@id\":\"https:\/\/www.vkd.com\/lv-bayern\/#\/schema\/person\/19c4bb106ca4de98c60e2cb5ac7f572f\",\"name\":\"Kostadinov Alexander\",\"image\":{\"@type\":\"ImageObject\",\"inLanguage\":\"de\",\"@id\":\"https:\/\/www.vkd.com\/lv-bayern\/#\/schema\/person\/image\/\",\"url\":\"https:\/\/secure.gravatar.com\/avatar\/b0cb85e5c215fe1114e6d2404492358d?s=96&d=mm&r=g\",\"contentUrl\":\"https:\/\/secure.gravatar.com\/avatar\/b0cb85e5c215fe1114e6d2404492358d?s=96&d=mm&r=g\",\"caption\":\"Kostadinov Alexander\"},\"url\":\"https:\/\/www.vkd.com\/lv-bayern\/news\/author\/gentscher-jungentscher-de\/\"}]}<\/script>\n<!-- \/ Yoast SEO plugin. -->","yoast_head_json":{"title":"Ehre wem Ehre geb\u00fchrt - Landesverband der K\u00f6che Bayern","robots":{"index":"noindex","follow":"follow","max-snippet":"max-snippet:-1","max-image-preview":"max-image-preview:large","max-video-preview":"max-video-preview:-1"},"og_locale":"de_DE","og_type":"article","og_title":"Ehre wem Ehre geb\u00fchrt - Landesverband der K\u00f6che Bayern","og_description":"Im Rahmen der Herbsttagung des Landesverbands der K\u00f6che Bayern durfte unser 1. Vorsitzender Ralf B. Meneghini den Kollegen\u00a0Erhard Koch f\u00fcr 50 Jahre Mitgliedschaft im VKD auszeichnen! Sehr geehrter Herr Koch, &nbsp; wir haben die besondere Ehre, einen herausragenden Menschen f\u00fcr seine au\u00dfergew\u00f6hnliche Treue und sein unerm\u00fcdliches Engagement zu ehren. Seit 50 Jahren sind Sie nun...","og_url":"https:\/\/www.vkd.com\/lv-bayern\/news\/ehre-wem-ehre-gebuehrt\/","og_site_name":"Landesverband der K\u00f6che Bayern","article_published_time":"2024-11-22T14:38:47+00:00","article_modified_time":"2024-11-22T14:39:48+00:00","og_image":[{"width":1771,"height":1649,"url":"https:\/\/www.vkd.com\/lv-bayern\/wp-content\/uploads\/sites\/14\/2024\/11\/50.png","type":"image\/png"}],"author":"Kostadinov Alexander","twitter_card":"summary_large_image","twitter_misc":{"Verfasst von":"Kostadinov Alexander","Gesch\u00e4tzte Lesezeit":"3\u00a0Minuten"},"schema":{"@context":"https:\/\/schema.org","@graph":[{"@type":"WebPage","@id":"https:\/\/www.vkd.com\/lv-bayern\/news\/ehre-wem-ehre-gebuehrt\/","url":"https:\/\/www.vkd.com\/lv-bayern\/news\/ehre-wem-ehre-gebuehrt\/","name":"Ehre wem Ehre geb\u00fchrt - Landesverband der K\u00f6che Bayern","isPartOf":{"@id":"https:\/\/www.vkd.com\/lv-bayern\/#website"},"datePublished":"2024-11-22T14:38:47+00:00","dateModified":"2024-11-22T14:39:48+00:00","author":{"@id":"https:\/\/www.vkd.com\/lv-bayern\/#\/schema\/person\/19c4bb106ca4de98c60e2cb5ac7f572f"},"breadcrumb":{"@id":"https:\/\/www.vkd.com\/lv-bayern\/news\/ehre-wem-ehre-gebuehrt\/#breadcrumb"},"inLanguage":"de","potentialAction":[{"@type":"ReadAction","target":["https:\/\/www.vkd.com\/lv-bayern\/news\/ehre-wem-ehre-gebuehrt\/"]}]},{"@type":"BreadcrumbList","@id":"https:\/\/www.vkd.com\/lv-bayern\/news\/ehre-wem-ehre-gebuehrt\/#breadcrumb","itemListElement":[{"@type":"ListItem","position":1,"name":"Startseite","item":"https:\/\/www.vkd.com\/lv-bayern\/"},{"@type":"ListItem","position":2,"name":"Ehre wem Ehre geb\u00fchrt"}]},{"@type":"WebSite","@id":"https:\/\/www.vkd.com\/lv-bayern\/#website","url":"https:\/\/www.vkd.com\/lv-bayern\/","name":"Landesverband der K\u00f6che Bayern","description":"Landesverband im Verband der K\u00f6che Deutschlands e.V.","potentialAction":[{"@type":"SearchAction","target":{"@type":"EntryPoint","urlTemplate":"https:\/\/www.vkd.com\/lv-bayern\/?s={search_term_string}"},"query-input":"required name=search_term_string"}],"inLanguage":"de"},{"@type":"Person","@id":"https:\/\/www.vkd.com\/lv-bayern\/#\/schema\/person\/19c4bb106ca4de98c60e2cb5ac7f572f","name":"Kostadinov Alexander","image":{"@type":"ImageObject","inLanguage":"de","@id":"https:\/\/www.vkd.com\/lv-bayern\/#\/schema\/person\/image\/","url":"https:\/\/secure.gravatar.com\/avatar\/b0cb85e5c215fe1114e6d2404492358d?s=96&d=mm&r=g","contentUrl":"https:\/\/secure.gravatar.com\/avatar\/b0cb85e5c215fe1114e6d2404492358d?s=96&d=mm&r=g","caption":"Kostadinov Alexander"},"url":"https:\/\/www.vkd.com\/lv-bayern\/news\/author\/gentscher-jungentscher-de\/"}]}},"_links":{"self":[{"href":"https:\/\/www.vkd.com\/lv-bayern\/wp-json\/wp\/v2\/posts\/1052"}],"collection":[{"href":"https:\/\/www.vkd.com\/lv-bayern\/wp-json\/wp\/v2\/posts"}],"about":[{"href":"https:\/\/www.vkd.com\/lv-bayern\/wp-json\/wp\/v2\/types\/post"}],"author":[{"embeddable":true,"href":"https:\/\/www.vkd.com\/lv-bayern\/wp-json\/wp\/v2\/users\/1955"}],"replies":[{"embeddable":true,"href":"https:\/\/www.vkd.com\/lv-bayern\/wp-json\/wp\/v2\/comments?post=1052"}],"version-history":[{"count":4,"href":"https:\/\/www.vkd.com\/lv-bayern\/wp-json\/wp\/v2\/posts\/1052\/revisions"}],"predecessor-version":[{"id":1059,"href":"https:\/\/www.vkd.com\/lv-bayern\/wp-json\/wp\/v2\/posts\/1052\/revisions\/1059"}],"wp:featuredmedia":[{"embeddable":true,"href":"https:\/\/www.vkd.com\/lv-bayern\/wp-json\/wp\/v2\/media\/1057"}],"wp:attachment":[{"href":"https:\/\/www.vkd.com\/lv-bayern\/wp-json\/wp\/v2\/media?parent=1052"}],"wp:term":[{"taxonomy":"category","embeddable":true,"href":"https:\/\/www.vkd.com\/lv-bayern\/wp-json\/wp\/v2\/categories?post=1052"},{"taxonomy":"post_tag","embeddable":true,"href":"https:\/\/www.vkd.com\/lv-bayern\/wp-json\/wp\/v2\/tags?post=1052"}],"curies":[{"name":"wp","href":"https:\/\/api.w.org\/{rel}","templated":true}]}}