{"id":1035,"date":"2024-11-14T18:41:43","date_gmt":"2024-11-14T17:41:43","guid":{"rendered":"https:\/\/www.vkd.com\/lv-bayern\/?p=1035"},"modified":"2024-11-14T18:45:09","modified_gmt":"2024-11-14T17:45:09","slug":"neues-aus-dem-zv-inn-salzach-e-v","status":"publish","type":"post","link":"https:\/\/www.vkd.com\/lv-bayern\/news\/neues-aus-dem-zv-inn-salzach-e-v\/","title":{"rendered":"Neues aus dem ZV Inn-Salzach e.V."},"content":{"rendered":"<p><strong>Liebe Kolleginnen und Kollegen,<\/strong><br \/>\n<strong>liebe K\u00f6chevereinsmitglieder,<\/strong><br \/>\n<strong>liebe Freunde der wei\u00dfen Zunft,<\/strong><\/p>\n<p>herzliche Einladung zu unserem allj\u00e4hrlichen Gedenkgottesdienst unseres K\u00f6cheverein Inn-Salzach e.V. Um unsere K\u00f6chegemeinschaft zu st\u00e4rken und unser Miteinander zu pflegen m\u00f6chten wir Euch, Eure Familien, Angeh\u00f6rige, Azubis, Mitarbeiter und Freunde der wei\u00dfen Zunft zu unserem Gottesdienst am <strong>Dienstag, 26.November 2024 um 15 Uhr<\/strong> in die Kirche St.Magdalena (am Kapellplatz) herzlich einladen. Wir w\u00fcrden uns besonders freuen, Eure Auszubildenden aller Konfessionen in unserem Kreis begr\u00fc\u00dfen zu d\u00fcrfen und sie herzlich willkommen hei\u00dfen.<\/p>\n<p>Zu &#8222;Ehren der wei\u00dfen Zunft&#8220; treffen wir uns wieder traditionell in Berufkleidung mit Kochhut. Im Anschluss kommen wir in &#8222;k\u00f6chelnder&#8220; Runde bei unserem Kollegen Gerhard Plankl zusammen. Gerhard l\u00e4dt vor dem Gottesdienst alle ganz herzlich ab 13.30 Uhr zu Kaffee und Kuchen ein und nach dem Gottesdienst lassen wir unseren K\u00f6chevereinsnachmittag und Vereinsabend bei einer gemeinsamen Brotzeit ausklingen.<br \/>\nWir bedanken uns ganz herzlich bei Gerhard f\u00fcr die Einladung und die Organisation dieses besonderen K\u00f6chevereinsnachmittag im Gedenken an unsere Verstorbenen und unserer kollegialen K\u00f6chegemeinschaft.<\/p>\n<p><strong>Mit herzlichen &#8222;k\u00f6chelnden&#8220; Gr\u00fc\u00dfen<\/strong><br \/>\n<strong>Eure Vorstandschaft unseres K\u00f6cheverein Inn-Salzach e.V.<\/strong><\/p>\n<p>&nbsp;<\/p>\n<p>&nbsp;<\/p>\n","protected":false},"excerpt":{"rendered":"<p>Liebe Kolleginnen und Kollegen, liebe K\u00f6chevereinsmitglieder, liebe Freunde der wei\u00dfen Zunft, herzliche Einladung zu unserem allj\u00e4hrlichen Gedenkgottesdienst unseres K\u00f6cheverein Inn-Salzach e.V. Um unsere K\u00f6chegemeinschaft zu st\u00e4rken und unser Miteinander zu pflegen m\u00f6chten wir Euch, Eure Familien, Angeh\u00f6rige, Azubis, Mitarbeiter und Freunde der wei\u00dfen Zunft zu unserem Gottesdienst am Dienstag, 26.November 2024 um 15 Uhr in&#8230;<\/p>\n","protected":false},"author":1955,"featured_media":834,"comment_status":"closed","ping_status":"open","sticky":false,"template":"","format":"standard","meta":[],"categories":[1],"tags":[],"yoast_head":"<!-- This site is optimized with the Yoast SEO plugin v20.0 - https:\/\/yoast.com\/wordpress\/plugins\/seo\/ -->\n<title>Neues aus dem ZV Inn-Salzach e.V. - Landesverband der K\u00f6che Bayern<\/title>\n<meta name=\"robots\" content=\"noindex, follow, max-snippet:-1, max-image-preview:large, max-video-preview:-1\" \/>\n<meta property=\"og:locale\" content=\"de_DE\" \/>\n<meta property=\"og:type\" content=\"article\" \/>\n<meta property=\"og:title\" content=\"Neues aus dem ZV Inn-Salzach e.V. - Landesverband der K\u00f6che Bayern\" \/>\n<meta property=\"og:description\" content=\"Liebe Kolleginnen und Kollegen, liebe K\u00f6chevereinsmitglieder, liebe Freunde der wei\u00dfen Zunft, herzliche Einladung zu unserem allj\u00e4hrlichen Gedenkgottesdienst unseres K\u00f6cheverein Inn-Salzach e.V. Um unsere K\u00f6chegemeinschaft zu st\u00e4rken und unser Miteinander zu pflegen m\u00f6chten wir Euch, Eure Familien, Angeh\u00f6rige, Azubis, Mitarbeiter und Freunde der wei\u00dfen Zunft zu unserem Gottesdienst am Dienstag, 26.November 2024 um 15 Uhr in...\" \/>\n<meta property=\"og:url\" content=\"https:\/\/www.vkd.com\/lv-bayern\/news\/neues-aus-dem-zv-inn-salzach-e-v\/\" \/>\n<meta property=\"og:site_name\" content=\"Landesverband der K\u00f6che Bayern\" \/>\n<meta property=\"article:published_time\" content=\"2024-11-14T17:41:43+00:00\" \/>\n<meta property=\"article:modified_time\" content=\"2024-11-14T17:45:09+00:00\" \/>\n<meta property=\"og:image\" content=\"https:\/\/www.vkd.com\/lv-bayern\/wp-content\/uploads\/sites\/14\/2024\/09\/Logoklein.jpg\" \/>\n\t<meta property=\"og:image:width\" content=\"328\" \/>\n\t<meta property=\"og:image:height\" content=\"382\" \/>\n\t<meta property=\"og:image:type\" content=\"image\/jpeg\" \/>\n<meta name=\"author\" content=\"Kostadinov Alexander\" \/>\n<meta name=\"twitter:card\" content=\"summary_large_image\" \/>\n<meta name=\"twitter:label1\" content=\"Verfasst von\" \/>\n\t<meta name=\"twitter:data1\" content=\"Kostadinov Alexander\" \/>\n\t<meta name=\"twitter:label2\" content=\"Gesch\u00e4tzte Lesezeit\" \/>\n\t<meta name=\"twitter:data2\" content=\"1\u00a0Minute\" \/>\n<script type=\"application\/ld+json\" class=\"yoast-schema-graph\">{\"@context\":\"https:\/\/schema.org\",\"@graph\":[{\"@type\":\"WebPage\",\"@id\":\"https:\/\/www.vkd.com\/lv-bayern\/news\/neues-aus-dem-zv-inn-salzach-e-v\/\",\"url\":\"https:\/\/www.vkd.com\/lv-bayern\/news\/neues-aus-dem-zv-inn-salzach-e-v\/\",\"name\":\"Neues aus dem ZV Inn-Salzach e.V. - Landesverband der K\u00f6che Bayern\",\"isPartOf\":{\"@id\":\"https:\/\/www.vkd.com\/lv-bayern\/#website\"},\"datePublished\":\"2024-11-14T17:41:43+00:00\",\"dateModified\":\"2024-11-14T17:45:09+00:00\",\"author\":{\"@id\":\"https:\/\/www.vkd.com\/lv-bayern\/#\/schema\/person\/19c4bb106ca4de98c60e2cb5ac7f572f\"},\"breadcrumb\":{\"@id\":\"https:\/\/www.vkd.com\/lv-bayern\/news\/neues-aus-dem-zv-inn-salzach-e-v\/#breadcrumb\"},\"inLanguage\":\"de\",\"potentialAction\":[{\"@type\":\"ReadAction\",\"target\":[\"https:\/\/www.vkd.com\/lv-bayern\/news\/neues-aus-dem-zv-inn-salzach-e-v\/\"]}]},{\"@type\":\"BreadcrumbList\",\"@id\":\"https:\/\/www.vkd.com\/lv-bayern\/news\/neues-aus-dem-zv-inn-salzach-e-v\/#breadcrumb\",\"itemListElement\":[{\"@type\":\"ListItem\",\"position\":1,\"name\":\"Startseite\",\"item\":\"https:\/\/www.vkd.com\/lv-bayern\/\"},{\"@type\":\"ListItem\",\"position\":2,\"name\":\"Neues aus dem ZV Inn-Salzach e.V.\"}]},{\"@type\":\"WebSite\",\"@id\":\"https:\/\/www.vkd.com\/lv-bayern\/#website\",\"url\":\"https:\/\/www.vkd.com\/lv-bayern\/\",\"name\":\"Landesverband der K\u00f6che Bayern\",\"description\":\"Landesverband im Verband der K\u00f6che Deutschlands e.V.\",\"potentialAction\":[{\"@type\":\"SearchAction\",\"target\":{\"@type\":\"EntryPoint\",\"urlTemplate\":\"https:\/\/www.vkd.com\/lv-bayern\/?s={search_term_string}\"},\"query-input\":\"required name=search_term_string\"}],\"inLanguage\":\"de\"},{\"@type\":\"Person\",\"@id\":\"https:\/\/www.vkd.com\/lv-bayern\/#\/schema\/person\/19c4bb106ca4de98c60e2cb5ac7f572f\",\"name\":\"Kostadinov Alexander\",\"image\":{\"@type\":\"ImageObject\",\"inLanguage\":\"de\",\"@id\":\"https:\/\/www.vkd.com\/lv-bayern\/#\/schema\/person\/image\/\",\"url\":\"https:\/\/secure.gravatar.com\/avatar\/b0cb85e5c215fe1114e6d2404492358d?s=96&d=mm&r=g\",\"contentUrl\":\"https:\/\/secure.gravatar.com\/avatar\/b0cb85e5c215fe1114e6d2404492358d?s=96&d=mm&r=g\",\"caption\":\"Kostadinov Alexander\"},\"url\":\"https:\/\/www.vkd.com\/lv-bayern\/news\/author\/gentscher-jungentscher-de\/\"}]}<\/script>\n<!-- \/ Yoast SEO plugin. -->","yoast_head_json":{"title":"Neues aus dem ZV Inn-Salzach e.V. - Landesverband der K\u00f6che Bayern","robots":{"index":"noindex","follow":"follow","max-snippet":"max-snippet:-1","max-image-preview":"max-image-preview:large","max-video-preview":"max-video-preview:-1"},"og_locale":"de_DE","og_type":"article","og_title":"Neues aus dem ZV Inn-Salzach e.V. - Landesverband der K\u00f6che Bayern","og_description":"Liebe Kolleginnen und Kollegen, liebe K\u00f6chevereinsmitglieder, liebe Freunde der wei\u00dfen Zunft, herzliche Einladung zu unserem allj\u00e4hrlichen Gedenkgottesdienst unseres K\u00f6cheverein Inn-Salzach e.V. Um unsere K\u00f6chegemeinschaft zu st\u00e4rken und unser Miteinander zu pflegen m\u00f6chten wir Euch, Eure Familien, Angeh\u00f6rige, Azubis, Mitarbeiter und Freunde der wei\u00dfen Zunft zu unserem Gottesdienst am Dienstag, 26.November 2024 um 15 Uhr in...","og_url":"https:\/\/www.vkd.com\/lv-bayern\/news\/neues-aus-dem-zv-inn-salzach-e-v\/","og_site_name":"Landesverband der K\u00f6che Bayern","article_published_time":"2024-11-14T17:41:43+00:00","article_modified_time":"2024-11-14T17:45:09+00:00","og_image":[{"width":328,"height":382,"url":"https:\/\/www.vkd.com\/lv-bayern\/wp-content\/uploads\/sites\/14\/2024\/09\/Logoklein.jpg","type":"image\/jpeg"}],"author":"Kostadinov Alexander","twitter_card":"summary_large_image","twitter_misc":{"Verfasst von":"Kostadinov Alexander","Gesch\u00e4tzte Lesezeit":"1\u00a0Minute"},"schema":{"@context":"https:\/\/schema.org","@graph":[{"@type":"WebPage","@id":"https:\/\/www.vkd.com\/lv-bayern\/news\/neues-aus-dem-zv-inn-salzach-e-v\/","url":"https:\/\/www.vkd.com\/lv-bayern\/news\/neues-aus-dem-zv-inn-salzach-e-v\/","name":"Neues aus dem ZV Inn-Salzach e.V. - Landesverband der K\u00f6che Bayern","isPartOf":{"@id":"https:\/\/www.vkd.com\/lv-bayern\/#website"},"datePublished":"2024-11-14T17:41:43+00:00","dateModified":"2024-11-14T17:45:09+00:00","author":{"@id":"https:\/\/www.vkd.com\/lv-bayern\/#\/schema\/person\/19c4bb106ca4de98c60e2cb5ac7f572f"},"breadcrumb":{"@id":"https:\/\/www.vkd.com\/lv-bayern\/news\/neues-aus-dem-zv-inn-salzach-e-v\/#breadcrumb"},"inLanguage":"de","potentialAction":[{"@type":"ReadAction","target":["https:\/\/www.vkd.com\/lv-bayern\/news\/neues-aus-dem-zv-inn-salzach-e-v\/"]}]},{"@type":"BreadcrumbList","@id":"https:\/\/www.vkd.com\/lv-bayern\/news\/neues-aus-dem-zv-inn-salzach-e-v\/#breadcrumb","itemListElement":[{"@type":"ListItem","position":1,"name":"Startseite","item":"https:\/\/www.vkd.com\/lv-bayern\/"},{"@type":"ListItem","position":2,"name":"Neues aus dem ZV Inn-Salzach e.V."}]},{"@type":"WebSite","@id":"https:\/\/www.vkd.com\/lv-bayern\/#website","url":"https:\/\/www.vkd.com\/lv-bayern\/","name":"Landesverband der K\u00f6che Bayern","description":"Landesverband im Verband der K\u00f6che Deutschlands e.V.","potentialAction":[{"@type":"SearchAction","target":{"@type":"EntryPoint","urlTemplate":"https:\/\/www.vkd.com\/lv-bayern\/?s={search_term_string}"},"query-input":"required name=search_term_string"}],"inLanguage":"de"},{"@type":"Person","@id":"https:\/\/www.vkd.com\/lv-bayern\/#\/schema\/person\/19c4bb106ca4de98c60e2cb5ac7f572f","name":"Kostadinov Alexander","image":{"@type":"ImageObject","inLanguage":"de","@id":"https:\/\/www.vkd.com\/lv-bayern\/#\/schema\/person\/image\/","url":"https:\/\/secure.gravatar.com\/avatar\/b0cb85e5c215fe1114e6d2404492358d?s=96&d=mm&r=g","contentUrl":"https:\/\/secure.gravatar.com\/avatar\/b0cb85e5c215fe1114e6d2404492358d?s=96&d=mm&r=g","caption":"Kostadinov Alexander"},"url":"https:\/\/www.vkd.com\/lv-bayern\/news\/author\/gentscher-jungentscher-de\/"}]}},"_links":{"self":[{"href":"https:\/\/www.vkd.com\/lv-bayern\/wp-json\/wp\/v2\/posts\/1035"}],"collection":[{"href":"https:\/\/www.vkd.com\/lv-bayern\/wp-json\/wp\/v2\/posts"}],"about":[{"href":"https:\/\/www.vkd.com\/lv-bayern\/wp-json\/wp\/v2\/types\/post"}],"author":[{"embeddable":true,"href":"https:\/\/www.vkd.com\/lv-bayern\/wp-json\/wp\/v2\/users\/1955"}],"replies":[{"embeddable":true,"href":"https:\/\/www.vkd.com\/lv-bayern\/wp-json\/wp\/v2\/comments?post=1035"}],"version-history":[{"count":5,"href":"https:\/\/www.vkd.com\/lv-bayern\/wp-json\/wp\/v2\/posts\/1035\/revisions"}],"predecessor-version":[{"id":1037,"href":"https:\/\/www.vkd.com\/lv-bayern\/wp-json\/wp\/v2\/posts\/1035\/revisions\/1037"}],"wp:featuredmedia":[{"embeddable":true,"href":"https:\/\/www.vkd.com\/lv-bayern\/wp-json\/wp\/v2\/media\/834"}],"wp:attachment":[{"href":"https:\/\/www.vkd.com\/lv-bayern\/wp-json\/wp\/v2\/media?parent=1035"}],"wp:term":[{"taxonomy":"category","embeddable":true,"href":"https:\/\/www.vkd.com\/lv-bayern\/wp-json\/wp\/v2\/categories?post=1035"},{"taxonomy":"post_tag","embeddable":true,"href":"https:\/\/www.vkd.com\/lv-bayern\/wp-json\/wp\/v2\/tags?post=1035"}],"curies":[{"name":"wp","href":"https:\/\/api.w.org\/{rel}","templated":true}]}}